{"id":92079,"date":"2009-01-06T14:32:20","date_gmt":"2009-01-06T14:32:20","guid":{"rendered":"http:\/\/diariodominicano.ddns.net\/?p=92079"},"modified":"2009-01-06T14:32:20","modified_gmt":"2009-01-06T14:32:20","slug":"sony-music-lanza-segundo-sencillo-de-la-secta-all-star","status":"publish","type":"post","link":"https:\/\/diariodominicano.com\/?p=92079","title":{"rendered":"Sony Music lanza segundo sencillo de La Secta All Star"},"content":{"rendered":"<p><body><\/p>\n<p class=\"titulogrande1\">Sony Music lanza  segundo sencillo de La Secta All Star <\/p>\n<p>&#13;<\/p>\n<p align=\"justify\" class=\"text1noticias\">Miami, FL, 5 de  enero del 2009.- <a href=\"http:\/\/www.lasectaallstar.com\/\"><strong>La  Secta AllStar<\/strong><\/a> tendr\u00e1 en  el 2009 su a\u00f1o m\u00e1s caliente. Y es que desde el lanzamiento del nuevo disco  titulado \u201cFuego\u201d, la agrupaci\u00f3n puertorrique\u00f1a viene arrasando en buena parte  del continente. En los primeros d\u00edas del a\u00f1o, seguir\u00e1n encendiendo las lista de  \u00e9xitos con \u201c<a href=\"http:\/\/www.ffmediacorp.com\/ecards\/350\">D\u00e9jalos que hablen<\/a>\u201d, su nuevo sencillo.<br \/>&#13;<br \/>\n  <br \/>&#13;<br \/>\n  M\u00e1s all\u00e1 de los  ritmos de moda, ellos sostienen una l\u00ednea musical que los ha identificado,  respetando las influencias, pero cuidadosos de su estilo. \u201cNosotros sentimos en  cada canci\u00f3n la inocencia\u201d, dice <strong>Gustavo<\/strong> en referencia al proceso de selecci\u00f3n de los temas. \u201cCuando elegimos una  canci\u00f3n la tocamos y la sentimos\u201d, afirma <strong>Mikey<\/strong> y agrega que \u201csi se te paran los pelos, es un palo\u201d.<br \/>&#13;<br \/>\n  <br \/>&#13;<br \/>\n  Y esta conexi\u00f3n con  los sentimientos parece ser la raz\u00f3n por la que sus fan\u00e1ticos se entregan  incondicionalmente al ritmo de los m\u00fasicos. \u201cAl escucharlos, se hace inevitable  comenzar a moverse\u201d, dice <strong>John<\/strong>, un  seguidor de la banda desde sus primeros d\u00edas en los bares de Miami Beach.<br \/>&#13;<br \/>\n  <br \/>&#13;<br \/>\n  Luego de una gira  promocional por Puerto Rico, los m\u00fasicos llegar\u00e1n los primeros d\u00edas del a\u00f1o  pr\u00f3ximo al continente para continuar visitando los medios para presentar  \u201cFuego\u201d.<br \/>&#13;<br \/>\n  <br \/>&#13;<br \/>\n  El disco es otro  lanzamiento de Sony Music disponible en todas las tiendas y digitalmente.<\/p>\n<p>&#13;<\/p>\n<h6> 2009-01-06 14:32:20 <\/h6>\n<p><!--\n<link rel=\"stylesheet\" href=\"css\/bootstrap.min.css\">\n\n\n<ul class=\"pagination\">\n\t    \n\t\n\n<li >\n\t<a href='?page_no=20700'>Previous<\/a>\n\t<\/li>\n\n\n       \n    \n\n<li><a href='?page_no=1'>1<\/a><\/li>\n\n\n\n<li><a href='?page_no=2'>2<\/a><\/li>\n\n\n\n<li><a>...<\/a><\/li>\n\n\n\n<li><a href='?page_no=20699'>20699<\/a><\/li>\n\n\n\n<li><a href='?page_no=20700'>20700<\/a><\/li>\n\n\n\n<li class='active'><a>20701<\/a><\/li>\n\n\n\n<li><a href='?page_no=20702'>20702<\/a><\/li>\n\n\n\n<li><a href='?page_no=20703'>20703<\/a><\/li>\n\n\n\n<li><a>...<\/a><\/li>\n\n\n\n<li><a href='?page_no=22522'>22522<\/a><\/li>\n\n\n\n<li><a href='?page_no=22523'>22523<\/a><\/li>\n\n    \n\t\n\n<li >\n\t<a href='?page_no=20702'>Next<\/a>\n\t<\/li>\n\n\n    \n\n<li><a href='?page_no=22523'>Last &rsaquo;&rsaquo;<\/a><\/li>\n\n<\/ul>\n\n\n--><br \/>\n<\/body><\/p>\n","protected":false},"excerpt":{"rendered":"<p>Sony Music lanza segundo sencillo de La Secta All Star &#13; Miami, FL, 5 de enero del 2009.- La Secta AllStar tendr\u00e1 en el 2009 su a\u00f1o m\u00e1s caliente. Y es que desde el lanzamiento del nuevo disco titulado \u201cFuego\u201d, la agrupaci\u00f3n puertorrique\u00f1a viene arrasando en buena parte del continente. En los primeros d\u00edas del [&hellip;]<\/p>\n","protected":false},"author":3,"featured_media":0,"comment_status":"open","ping_status":"open","sticky":false,"template":"","format":"standard","meta":{"footnotes":""},"categories":[25],"tags":[],"class_list":["post-92079","post","type-post","status-publish","format-standard","hentry","category-gente"],"_links":{"self":[{"href":"https:\/\/diariodominicano.com\/index.php?rest_route=\/wp\/v2\/posts\/92079","targetHints":{"allow":["GET"]}}],"collection":[{"href":"https:\/\/diariodominicano.com\/index.php?rest_route=\/wp\/v2\/posts"}],"about":[{"href":"https:\/\/diariodominicano.com\/index.php?rest_route=\/wp\/v2\/types\/post"}],"author":[{"embeddable":true,"href":"https:\/\/diariodominicano.com\/index.php?rest_route=\/wp\/v2\/users\/3"}],"replies":[{"embeddable":true,"href":"https:\/\/diariodominicano.com\/index.php?rest_route=%2Fwp%2Fv2%2Fcomments&post=92079"}],"version-history":[{"count":0,"href":"https:\/\/diariodominicano.com\/index.php?rest_route=\/wp\/v2\/posts\/92079\/revisions"}],"wp:attachment":[{"href":"https:\/\/diariodominicano.com\/index.php?rest_route=%2Fwp%2Fv2%2Fmedia&parent=92079"}],"wp:term":[{"taxonomy":"category","embeddable":true,"href":"https:\/\/diariodominicano.com\/index.php?rest_route=%2Fwp%2Fv2%2Fcategories&post=92079"},{"taxonomy":"post_tag","embeddable":true,"href":"https:\/\/diariodominicano.com\/index.php?rest_route=%2Fwp%2Fv2%2Ftags&post=92079"}],"curies":[{"name":"wp","href":"https:\/\/api.w.org\/{rel}","templated":true}]}}