{"id":92074,"date":"2009-01-07T17:49:20","date_gmt":"2009-01-07T17:49:20","guid":{"rendered":"http:\/\/diariodominicano.ddns.net\/?p=92074"},"modified":"2009-01-07T17:49:20","modified_gmt":"2009-01-07T17:49:20","slug":"el-dia-cumple-12-anos","status":"publish","type":"post","link":"https:\/\/diariodominicano.com\/?p=92074","title":{"rendered":"EL D\u00cdA CUMPLE 12 A\u00d1OS"},"content":{"rendered":"<p><body><\/p>\n<p align=\"center\" class=\"titulogrande1\"><strong>EL D\u00cdA CUMPLE 12 A\u00d1OS <\/strong><\/p>\n<p>&#13;<\/p>\n<p align=\"justify\" class=\"text1noticias\"><img loading=\"lazy\" decoding=\"async\" src=\"http:\/\/localhost:8080\/gente\/img\/huchis.jpg\" width=\"375\" height=\"475\" hspace=\"4\" align=\"left\" \/>Santo  Domingo, 7 de enero de 2009.- \u00a0El  programa informativo, que trata todos los temas del acontecer nacional e  internacional, arriva a sus 12 a\u00f1os este viernes 9 de enero.<\/p>\n<p>&#13;<\/p>\n<p align=\"justify\" class=\"text1noticias\">De  lunes a viernes a las 6 a.m.  el periodista Huchi Lora junto a un equipo de profesionales conformado por Patricia  Solano, Rafael Acevedo, Padre Avelino Fern\u00e1ndez, Juan Nova Jr., Xiomara Brito y  July Calder\u00f3n, informan a los televidentes de manera amena y veraz a trav\u00e9s de  la pantalla del canal 11.<\/p>\n<p>&#13;<\/p>\n<p align=\"justify\" class=\"text1noticias\">Durante  12 a\u00f1os, El D\u00eda se ha caracterizado por producir programas con reportajes  especiales y denuncias que han despertado conciencia en el colectivo e instituciones  de la sociedad, sirviendo de voz para al pueblo dominicano, as\u00ed como la  entrevista de personajes del \u00e1mbito pol\u00edtico y econ\u00f3mico nacional e  internacional.<\/p>\n<p>&#13;<\/p>\n<p align=\"justify\" class=\"text1noticias\"> Secciones  como El Cafecito, Entrevista del d\u00eda, Espect\u00e1culos, Deportes y \u201cLa Guagua\u201d, cada ma\u00f1ana  cautivan\u00a0 a los televidentes con un  contenido variado e informativo sin dejar a un lado, que \u00a1el invitado m\u00e1s  importante sigue siendo usted!<\/p>\n<p>&#13;<\/p>\n<h6> 2009-01-07 17:49:20 <\/h6>\n<p><!--\n<link rel=\"stylesheet\" href=\"css\/bootstrap.min.css\">\n\n\n<ul class=\"pagination\">\n\t    \n\t\n\n<li >\n\t<a href='?page_no=20695'>Previous<\/a>\n\t<\/li>\n\n\n       \n    \n\n<li><a href='?page_no=1'>1<\/a><\/li>\n\n\n\n<li><a href='?page_no=2'>2<\/a><\/li>\n\n\n\n<li><a>...<\/a><\/li>\n\n\n\n<li><a href='?page_no=20694'>20694<\/a><\/li>\n\n\n\n<li><a href='?page_no=20695'>20695<\/a><\/li>\n\n\n\n<li class='active'><a>20696<\/a><\/li>\n\n\n\n<li><a href='?page_no=20697'>20697<\/a><\/li>\n\n\n\n<li><a href='?page_no=20698'>20698<\/a><\/li>\n\n\n\n<li><a>...<\/a><\/li>\n\n\n\n<li><a href='?page_no=22522'>22522<\/a><\/li>\n\n\n\n<li><a href='?page_no=22523'>22523<\/a><\/li>\n\n    \n\t\n\n<li >\n\t<a href='?page_no=20697'>Next<\/a>\n\t<\/li>\n\n\n    \n\n<li><a href='?page_no=22523'>Last &rsaquo;&rsaquo;<\/a><\/li>\n\n<\/ul>\n\n\n--><br \/>\n<\/body><\/p>\n","protected":false},"excerpt":{"rendered":"<p>EL D\u00cdA CUMPLE 12 A\u00d1OS &#13; Santo Domingo, 7 de enero de 2009.- \u00a0El programa informativo, que trata todos los temas del acontecer nacional e internacional, arriva a sus 12 a\u00f1os este viernes 9 de enero. &#13; De lunes a viernes a las 6 a.m. el periodista Huchi Lora junto a un equipo de profesionales [&hellip;]<\/p>\n","protected":false},"author":3,"featured_media":0,"comment_status":"open","ping_status":"open","sticky":false,"template":"","format":"standard","meta":{"footnotes":""},"categories":[25],"tags":[],"class_list":["post-92074","post","type-post","status-publish","format-standard","hentry","category-gente"],"_links":{"self":[{"href":"https:\/\/diariodominicano.com\/index.php?rest_route=\/wp\/v2\/posts\/92074","targetHints":{"allow":["GET"]}}],"collection":[{"href":"https:\/\/diariodominicano.com\/index.php?rest_route=\/wp\/v2\/posts"}],"about":[{"href":"https:\/\/diariodominicano.com\/index.php?rest_route=\/wp\/v2\/types\/post"}],"author":[{"embeddable":true,"href":"https:\/\/diariodominicano.com\/index.php?rest_route=\/wp\/v2\/users\/3"}],"replies":[{"embeddable":true,"href":"https:\/\/diariodominicano.com\/index.php?rest_route=%2Fwp%2Fv2%2Fcomments&post=92074"}],"version-history":[{"count":0,"href":"https:\/\/diariodominicano.com\/index.php?rest_route=\/wp\/v2\/posts\/92074\/revisions"}],"wp:attachment":[{"href":"https:\/\/diariodominicano.com\/index.php?rest_route=%2Fwp%2Fv2%2Fmedia&parent=92074"}],"wp:term":[{"taxonomy":"category","embeddable":true,"href":"https:\/\/diariodominicano.com\/index.php?rest_route=%2Fwp%2Fv2%2Fcategories&post=92074"},{"taxonomy":"post_tag","embeddable":true,"href":"https:\/\/diariodominicano.com\/index.php?rest_route=%2Fwp%2Fv2%2Ftags&post=92074"}],"curies":[{"name":"wp","href":"https:\/\/api.w.org\/{rel}","templated":true}]}}