{"id":92072,"date":"2009-01-07T23:05:46","date_gmt":"2009-01-07T23:05:46","guid":{"rendered":"http:\/\/diariodominicano.ddns.net\/?p=92072"},"modified":"2009-01-07T23:05:46","modified_gmt":"2009-01-07T23:05:46","slug":"teleantillas-ya-tiene-a-sus-personajes-del-ano","status":"publish","type":"post","link":"https:\/\/diariodominicano.com\/?p=92072","title":{"rendered":"TELEANTILLAS  YA TIENE A SUS PERSONAJES DEL A\u00d1O"},"content":{"rendered":"<p><body><\/p>\n<p align=\"center\" class=\"titulogrande1\"><strong>TELEANTILLAS\u00a0 YA TIENE A SUS PERSONAJES DEL A\u00d1O<\/strong><\/p>\n<p>&#13;<\/p>\n<p align=\"justify\" class=\"text1noticias\"><img loading=\"lazy\" decoding=\"async\" src=\"http:\/\/localhost:8080\/gente\/img\/ganadori.jpg\" width=\"375\" height=\"187\" hspace=\"4\" align=\"left\" \/>Santo  Domingo, 7 de enero de 2009.\u00a0 \u00a0Los personajes del a\u00f1o ya fueron elegidos por  el pueblo dominicano y el resultado se obtuvo de las encuestas realizadas por  el equipo de prensa de Teleantillas y de las votaciones realizadas a trav\u00e9s de  la p\u00e1gina web del canal 2.\u00a0 <br \/>&#13;<br \/>\n  <br \/>&#13;<br \/>\n  Como algo novedoso, a  diferencia de las premiaciones anteriores,\u00a0  este a\u00f1o se propusieron tres categor\u00edas para el Personaje del A\u00f1o:  pol\u00edtico, artista y deportista,\u00a0 en las que  resultaron ganadores\u00a0 el Dr.\u00a0 Leonel Fern\u00e1ndez, H\u00e9ctor Acosta y F\u00e9lix D\u00edaz,  respectivamente.<br \/>&#13;<br \/>\n  <br \/>&#13;<br \/>\n  Para Valent\u00edn Ba\u00e9z,  VIP de Negocios y Contenidos del Grupo de Comunicaciones Corripio, el \u201cPersonaje  del A\u00f1o es un reconocimiento a la labor de una persona por sus acciones positivas,  en beneficio de una instituci\u00f3n nacional y del pa\u00eds en general, as\u00ed como a las  personas que ponen en alto la moral del pa\u00eds, por sobresalir en cualquier  \u00e1mbito bien sea deportivo, cultural, social y pol\u00edtico durante todo un a\u00f1o\u201d. <br \/>&#13;<br \/>\n  <br \/>&#13;<br \/>\n  El  Personaje del A\u00f1o naci\u00f3 hace 12 a\u00f1o por iniciativa de Juan Bol\u00edvar D\u00edaz, director de Servicios Informativos de Teleantillas \u00a0y es la manifestaci\u00f3n de la preferencia de los  dominicanos por\u00a0 personas de la vida  p\u00fablica que han dejado huella en el pueblo dominicano.<\/p>\n<p>&#13;<\/p>\n<h6> 2009-01-07 23:05:46 <\/h6>\n<p><!--\n<link rel=\"stylesheet\" href=\"css\/bootstrap.min.css\">\n\n\n<ul class=\"pagination\">\n\t    \n\t\n\n<li >\n\t<a href='?page_no=20693'>Previous<\/a>\n\t<\/li>\n\n\n       \n    \n\n<li><a href='?page_no=1'>1<\/a><\/li>\n\n\n\n<li><a href='?page_no=2'>2<\/a><\/li>\n\n\n\n<li><a>...<\/a><\/li>\n\n\n\n<li><a href='?page_no=20692'>20692<\/a><\/li>\n\n\n\n<li><a href='?page_no=20693'>20693<\/a><\/li>\n\n\n\n<li class='active'><a>20694<\/a><\/li>\n\n\n\n<li><a href='?page_no=20695'>20695<\/a><\/li>\n\n\n\n<li><a href='?page_no=20696'>20696<\/a><\/li>\n\n\n\n<li><a>...<\/a><\/li>\n\n\n\n<li><a href='?page_no=22522'>22522<\/a><\/li>\n\n\n\n<li><a href='?page_no=22523'>22523<\/a><\/li>\n\n    \n\t\n\n<li >\n\t<a href='?page_no=20695'>Next<\/a>\n\t<\/li>\n\n\n    \n\n<li><a href='?page_no=22523'>Last &rsaquo;&rsaquo;<\/a><\/li>\n\n<\/ul>\n\n\n--><br \/>\n<\/body><\/p>\n","protected":false},"excerpt":{"rendered":"<p>TELEANTILLAS\u00a0 YA TIENE A SUS PERSONAJES DEL A\u00d1O &#13; Santo Domingo, 7 de enero de 2009.\u00a0 \u00a0Los personajes del a\u00f1o ya fueron elegidos por el pueblo dominicano y el resultado se obtuvo de las encuestas realizadas por el equipo de prensa de Teleantillas y de las votaciones realizadas a trav\u00e9s de la p\u00e1gina web del [&hellip;]<\/p>\n","protected":false},"author":3,"featured_media":0,"comment_status":"open","ping_status":"open","sticky":false,"template":"","format":"standard","meta":{"footnotes":""},"categories":[25],"tags":[],"class_list":["post-92072","post","type-post","status-publish","format-standard","hentry","category-gente"],"_links":{"self":[{"href":"https:\/\/diariodominicano.com\/index.php?rest_route=\/wp\/v2\/posts\/92072","targetHints":{"allow":["GET"]}}],"collection":[{"href":"https:\/\/diariodominicano.com\/index.php?rest_route=\/wp\/v2\/posts"}],"about":[{"href":"https:\/\/diariodominicano.com\/index.php?rest_route=\/wp\/v2\/types\/post"}],"author":[{"embeddable":true,"href":"https:\/\/diariodominicano.com\/index.php?rest_route=\/wp\/v2\/users\/3"}],"replies":[{"embeddable":true,"href":"https:\/\/diariodominicano.com\/index.php?rest_route=%2Fwp%2Fv2%2Fcomments&post=92072"}],"version-history":[{"count":0,"href":"https:\/\/diariodominicano.com\/index.php?rest_route=\/wp\/v2\/posts\/92072\/revisions"}],"wp:attachment":[{"href":"https:\/\/diariodominicano.com\/index.php?rest_route=%2Fwp%2Fv2%2Fmedia&parent=92072"}],"wp:term":[{"taxonomy":"category","embeddable":true,"href":"https:\/\/diariodominicano.com\/index.php?rest_route=%2Fwp%2Fv2%2Fcategories&post=92072"},{"taxonomy":"post_tag","embeddable":true,"href":"https:\/\/diariodominicano.com\/index.php?rest_route=%2Fwp%2Fv2%2Ftags&post=92072"}],"curies":[{"name":"wp","href":"https:\/\/api.w.org\/{rel}","templated":true}]}}