{"id":92070,"date":"2009-01-08T17:29:16","date_gmt":"2009-01-08T17:29:16","guid":{"rendered":"http:\/\/diariodominicano.ddns.net\/?p=92070"},"modified":"2009-01-08T17:29:16","modified_gmt":"2009-01-08T17:29:16","slug":"eligen-a-ileana-perez-reina-desfile-dominicano-de-queens-2009","status":"publish","type":"post","link":"https:\/\/diariodominicano.com\/?p=92070","title":{"rendered":"Eligen a Ileana P\u00e9rez Reina Desfile Dominicano de Queens 2009"},"content":{"rendered":"<p><body><\/p>\n<p class=\"titulogrande1\">Eligen  a Ileana P\u00e9rez Reina Desfile Dominicano de Queens 2009<\/p>\n<p>&#13;<\/p>\n<p align=\"justify\" class=\"text1noticias\">POR MART\u00cdN ZAPATA<\/p>\n<p>&#13;<\/p>\n<p align=\"justify\" class=\"text1noticias\"><img loading=\"lazy\" decoding=\"async\" src=\"http:\/\/localhost:8080\/gente\/img\/reinas.jpg\" width=\"375\" height=\"288\" hspace=\"4\" align=\"left\" \/>NUEVA YORK.- Con pitos, consignas y una barra muy animada  fue electa como Reina del Desfile Dominicano de Queens 2009, la se\u00f1orita Ileana  P\u00e9rez, durante un acto que se efectu\u00f3 en el Rancho Jubile, en Queens y que  cont\u00f3 con la participaci\u00f3n de 20 candidatas.<br \/>&#13;<br \/>\n  <br \/>&#13;<br \/>\n  Seg\u00fan el jurado calificador, los par\u00e1metros para elegir a la reina fueron el  porte, la presentaci\u00f3n y el desenvolvimiento esc\u00e9nico. Asimismo, manifestaron  que a las tres finalistas se les evalu\u00f3 el baile de opening, desfile en traje  casual, traje de ba\u00f1o, traje de gala, desfile en traje de noche y el  desenvolvimiento.<br \/>&#13;<br \/>\n  <br \/>&#13;<br \/>\n  Entre otros trajes de fantas\u00eda modelados por las muchachas estuvieron algunos  alusivos a la diosa del Sol, el Ave F\u00e9nix, el Guardabarranco y la Diosa del  fuego, entre otros.<\/p>\n<p>&#13;<\/p>\n<p align=\"justify\" class=\"text1noticias\">Tambi\u00e9n se eligieron la mejor \u201cSonrisa, Simpat\u00eda y  Fotog\u00e9nica\u201d, premios que correspondieron a tres elegantes se\u00f1oritas.<\/p>\n<p>&#13;<\/p>\n<p align=\"justify\" class=\"text1noticias\">La Vireina recay\u00f3 en la se\u00f1orita Subiera Mota y la Princesa  es la se\u00f1orita Jeniffer D\u00edaz. <br \/>&#13;<br \/>\n  Jos\u00e9 Peralta, Asamble\u00edsta por el Distrito 21 en Queens,  coloc\u00f3 la corona y la banda a la nueva reina del desfile dominicano de Quenns,  el cual celebrar\u00e1 su segunda edici\u00f3n este verano 2009. <br \/>&#13;<br \/>\n  <br \/>&#13;<br \/>\n  Por su parte, el presidente de esta parada que inici\u00f3 por primera vez\u00a0 el verano del a\u00f1o pasado y que recorri\u00f3 desde  las calles 69 hasta la 91, a trav\u00e9s de la Avenida Northen Blv, el activista  comunitario Amado Peralta,\u00a0 valor\u00f3 la  importancia que tuvo esta actividad.<\/p>\n<p>&#13;<\/p>\n<p align=\"justify\" class=\"text1noticias\">Peralta, agradeci\u00f3 el  apoyo oficial que tuvo de Champion Car Service, a trav\u00e9s de su presidente  Jhonny P\u00e9rez; tambi\u00e9n de Estrellas Latina; Antojito Dominicano y de Claudia  Valencia y V\u00edctor King, representantes de Coca Cola.<\/p>\n<p>&#13;<\/p>\n<p align=\"justify\" class=\"text1noticias\">Adem\u00e1s, a esta actividad asisti\u00f3 como invitada especial la  se\u00f1orita Julissa Ferrera, aspirante a la posici\u00f3n Concejal por el Distrito 21.<\/p>\n<p>&#13;<\/p>\n<p align=\"justify\" class=\"text1noticias\">Asimismo, se anunci\u00f3 que Ileana P\u00e9rez, (Reina); Subiera  Mota, (Vireina) y Jeniffer D\u00edaz, (Princesa), estar\u00e1n representando el Desfile  Dominicano de Queens, en el pr\u00f3ximo Carnaval Dominicana, a celebrarse en  Malec\u00f3n, en la ciudad de Santo Domingo, en el mes de febrero.<\/p>\n<p>&#13;<\/p>\n<h6> 2009-01-08 17:29:16 <\/h6>\n<p><!--\n<link rel=\"stylesheet\" href=\"css\/bootstrap.min.css\">\n\n\n<ul class=\"pagination\">\n\t    \n\t\n\n<li >\n\t<a href='?page_no=20691'>Previous<\/a>\n\t<\/li>\n\n\n       \n    \n\n<li><a href='?page_no=1'>1<\/a><\/li>\n\n\n\n<li><a href='?page_no=2'>2<\/a><\/li>\n\n\n\n<li><a>...<\/a><\/li>\n\n\n\n<li><a href='?page_no=20690'>20690<\/a><\/li>\n\n\n\n<li><a href='?page_no=20691'>20691<\/a><\/li>\n\n\n\n<li class='active'><a>20692<\/a><\/li>\n\n\n\n<li><a href='?page_no=20693'>20693<\/a><\/li>\n\n\n\n<li><a href='?page_no=20694'>20694<\/a><\/li>\n\n\n\n<li><a>...<\/a><\/li>\n\n\n\n<li><a href='?page_no=22522'>22522<\/a><\/li>\n\n\n\n<li><a href='?page_no=22523'>22523<\/a><\/li>\n\n    \n\t\n\n<li >\n\t<a href='?page_no=20693'>Next<\/a>\n\t<\/li>\n\n\n    \n\n<li><a href='?page_no=22523'>Last &rsaquo;&rsaquo;<\/a><\/li>\n\n<\/ul>\n\n\n--><br \/>\n<\/body><\/p>\n","protected":false},"excerpt":{"rendered":"<p>Eligen a Ileana P\u00e9rez Reina Desfile Dominicano de Queens 2009 &#13; POR MART\u00cdN ZAPATA &#13; NUEVA YORK.- Con pitos, consignas y una barra muy animada fue electa como Reina del Desfile Dominicano de Queens 2009, la se\u00f1orita Ileana P\u00e9rez, durante un acto que se efectu\u00f3 en el Rancho Jubile, en Queens y que cont\u00f3 con [&hellip;]<\/p>\n","protected":false},"author":3,"featured_media":0,"comment_status":"open","ping_status":"open","sticky":false,"template":"","format":"standard","meta":{"footnotes":""},"categories":[25],"tags":[],"class_list":["post-92070","post","type-post","status-publish","format-standard","hentry","category-gente"],"_links":{"self":[{"href":"https:\/\/diariodominicano.com\/index.php?rest_route=\/wp\/v2\/posts\/92070","targetHints":{"allow":["GET"]}}],"collection":[{"href":"https:\/\/diariodominicano.com\/index.php?rest_route=\/wp\/v2\/posts"}],"about":[{"href":"https:\/\/diariodominicano.com\/index.php?rest_route=\/wp\/v2\/types\/post"}],"author":[{"embeddable":true,"href":"https:\/\/diariodominicano.com\/index.php?rest_route=\/wp\/v2\/users\/3"}],"replies":[{"embeddable":true,"href":"https:\/\/diariodominicano.com\/index.php?rest_route=%2Fwp%2Fv2%2Fcomments&post=92070"}],"version-history":[{"count":0,"href":"https:\/\/diariodominicano.com\/index.php?rest_route=\/wp\/v2\/posts\/92070\/revisions"}],"wp:attachment":[{"href":"https:\/\/diariodominicano.com\/index.php?rest_route=%2Fwp%2Fv2%2Fmedia&parent=92070"}],"wp:term":[{"taxonomy":"category","embeddable":true,"href":"https:\/\/diariodominicano.com\/index.php?rest_route=%2Fwp%2Fv2%2Fcategories&post=92070"},{"taxonomy":"post_tag","embeddable":true,"href":"https:\/\/diariodominicano.com\/index.php?rest_route=%2Fwp%2Fv2%2Ftags&post=92070"}],"curies":[{"name":"wp","href":"https:\/\/api.w.org\/{rel}","templated":true}]}}