{"id":92069,"date":"2009-01-08T18:28:04","date_gmt":"2009-01-08T18:28:04","guid":{"rendered":"http:\/\/diariodominicano.ddns.net\/?p=92069"},"modified":"2009-01-08T18:28:04","modified_gmt":"2009-01-08T18:28:04","slug":"dos-actrices-sensacionales-abren-el-2009-de-focus","status":"publish","type":"post","link":"https:\/\/diariodominicano.com\/?p=92069","title":{"rendered":"Dos actrices sensacionales abren el 2009 de \u201cFOCUS\u201d"},"content":{"rendered":"<p><body><\/p>\n<p align=\"justify\"><strong class=\"titulogrande1\">Dos actrices sensacionales abren el 2009 de \u201cFOCUS\u201d<\/strong><br \/>&#13;<br \/>\n  <br \/>&#13;<br \/>\n    <span class=\"text1noticias\">Este domingo el programa especializado  en telenovelas, <strong>\u201cFOCUS\u201d,<\/strong> nos  presenta dos entrevistas internacionales con la participaci\u00f3n de dos grandes  actrices como son la colombiana Luz Estella Luengas y la venezolana Jeannette  Lehr, del elenco de <strong>\u201cLa Traici\u00f3n\u201d<\/strong> y <strong>\u201cEl Cuerpo del Deseo\u201d<\/strong>, respectivamente.<br \/>&#13;<br \/>\n    <br \/>&#13;<br \/>\n    Luz Estella Luengas tiene una actuaci\u00f3n  estelar en el drama de \u00e9poca \u201cLa Traici\u00f3n\u201d donde escenifica a Esther de  Obreg\u00f3n, madre de Soledad (Danna Garc\u00eda), la protagonista.<br \/>&#13;<br \/>\n    <br \/>&#13;<br \/>\n    Esther de Obreg\u00f3n es una mujer de temperamento  fuerte, en\u00e9rgica, impositiva y muy elegante; que le encanta manejar la vida de  su hija y buscarle los pretendientes. De principios conservadores y clasistas,  dice amar a su hija ciegamente \u00a0y \u00a0sin importar lo que esta sienta hace de todo  para salirse con la suya, \u00a0todo esto por  el supuesto bien de su reto\u00f1o.<br \/>&#13;<br \/>\n    <br \/>&#13;<br \/>\n    Luengas posee una rica trayectoria  art\u00edstica tanto en la televisi\u00f3n como en el cine, siendo uno de sus personajes  m\u00e1s recordados el de Ana Mar\u00eda Franco en la serie colombiana <strong>\u201cPadres e Hijos\u201d,<\/strong> convirti\u00e9ndose en la  \u00fanica actriz que ha podido interpretar dos personajes diferentes en el mismo  culebr\u00f3n.<br \/>&#13;<br \/>\n    <br \/>&#13;<br \/>\n  Mientras que de <strong>\u201cEl Cuerpo del Deseo\u201d <\/strong>estar\u00e1 Jeannette Lehr quien interpreta a la  vidente Gaetana Charry, un personaje muy particular que se convierte en la  diversi\u00f3n de los seguidores de la trama, con una historia verdadera para  contar, pero tan incre\u00edble que resulta dif\u00edcil de creer.<br \/>&#13;<br \/>\n  <br \/>&#13;<br \/>\n  En otro segmento, <strong>\u201cLa Diva\u201d<\/strong> trae chismes picant\u00edsimos de gente de aqu\u00ed y de all\u00e1.<br \/>&#13;<br \/>\n  <br \/>&#13;<br \/>\n  Asimismo, en \u201c<strong>Diario del Espect\u00e1culo\u201d<\/strong> te traemos la historia del cambio de nombre  de la ciudad de Santo Domingo por Ciudad Trujillo.<br \/>&#13;<br \/>\n  <br \/>&#13;<br \/>\n  Y si deseas elegir la entrevista central  de la pr\u00f3xima semana escribe a <a href=\"mailto:focus.cem@gmail.com\">focus.cem@gmail.com<\/a> y escoge entre: Danna Garc\u00eda de \u201cLa Traici\u00f3n\u201d, Christian Meier de \u201cDona B\u00e1rbara\u201d  y Carmen Villalobos de \u201cSin Senos No Hay Para\u00edso\u201d.<br \/>&#13;<br \/>\n  <br \/>&#13;<br \/>\nSintoniza cada domingo desde las 7:30 tu  programa especializado en telenovelas -\u201cFOCUS\u201d-, por Antena Latina.<\/span><\/p>\n<p>&#13;<\/p>\n<h6> 2009-01-08 18:28:04 <\/h6>\n<p><!--\n<link rel=\"stylesheet\" href=\"css\/bootstrap.min.css\">\n\n\n<ul class=\"pagination\">\n\t    \n\t\n\n<li >\n\t<a href='?page_no=20690'>Previous<\/a>\n\t<\/li>\n\n\n       \n    \n\n<li><a href='?page_no=1'>1<\/a><\/li>\n\n\n\n<li><a href='?page_no=2'>2<\/a><\/li>\n\n\n\n<li><a>...<\/a><\/li>\n\n\n\n<li><a href='?page_no=20689'>20689<\/a><\/li>\n\n\n\n<li><a href='?page_no=20690'>20690<\/a><\/li>\n\n\n\n<li class='active'><a>20691<\/a><\/li>\n\n\n\n<li><a href='?page_no=20692'>20692<\/a><\/li>\n\n\n\n<li><a href='?page_no=20693'>20693<\/a><\/li>\n\n\n\n<li><a>...<\/a><\/li>\n\n\n\n<li><a href='?page_no=22522'>22522<\/a><\/li>\n\n\n\n<li><a href='?page_no=22523'>22523<\/a><\/li>\n\n    \n\t\n\n<li >\n\t<a href='?page_no=20692'>Next<\/a>\n\t<\/li>\n\n\n    \n\n<li><a href='?page_no=22523'>Last &rsaquo;&rsaquo;<\/a><\/li>\n\n<\/ul>\n\n\n--><br \/>\n<\/body><\/p>\n","protected":false},"excerpt":{"rendered":"<p>Dos actrices sensacionales abren el 2009 de \u201cFOCUS\u201d&#13; &#13; Este domingo el programa especializado en telenovelas, \u201cFOCUS\u201d, nos presenta dos entrevistas internacionales con la participaci\u00f3n de dos grandes actrices como son la colombiana Luz Estella Luengas y la venezolana Jeannette Lehr, del elenco de \u201cLa Traici\u00f3n\u201d y \u201cEl Cuerpo del Deseo\u201d, respectivamente.&#13; &#13; Luz Estella [&hellip;]<\/p>\n","protected":false},"author":3,"featured_media":0,"comment_status":"open","ping_status":"open","sticky":false,"template":"","format":"standard","meta":{"footnotes":""},"categories":[25],"tags":[],"class_list":["post-92069","post","type-post","status-publish","format-standard","hentry","category-gente"],"_links":{"self":[{"href":"https:\/\/diariodominicano.com\/index.php?rest_route=\/wp\/v2\/posts\/92069","targetHints":{"allow":["GET"]}}],"collection":[{"href":"https:\/\/diariodominicano.com\/index.php?rest_route=\/wp\/v2\/posts"}],"about":[{"href":"https:\/\/diariodominicano.com\/index.php?rest_route=\/wp\/v2\/types\/post"}],"author":[{"embeddable":true,"href":"https:\/\/diariodominicano.com\/index.php?rest_route=\/wp\/v2\/users\/3"}],"replies":[{"embeddable":true,"href":"https:\/\/diariodominicano.com\/index.php?rest_route=%2Fwp%2Fv2%2Fcomments&post=92069"}],"version-history":[{"count":0,"href":"https:\/\/diariodominicano.com\/index.php?rest_route=\/wp\/v2\/posts\/92069\/revisions"}],"wp:attachment":[{"href":"https:\/\/diariodominicano.com\/index.php?rest_route=%2Fwp%2Fv2%2Fmedia&parent=92069"}],"wp:term":[{"taxonomy":"category","embeddable":true,"href":"https:\/\/diariodominicano.com\/index.php?rest_route=%2Fwp%2Fv2%2Fcategories&post=92069"},{"taxonomy":"post_tag","embeddable":true,"href":"https:\/\/diariodominicano.com\/index.php?rest_route=%2Fwp%2Fv2%2Ftags&post=92069"}],"curies":[{"name":"wp","href":"https:\/\/api.w.org\/{rel}","templated":true}]}}