{"id":92068,"date":"2009-01-09T13:11:25","date_gmt":"2009-01-09T13:11:25","guid":{"rendered":"http:\/\/diariodominicano.ddns.net\/?p=92068"},"modified":"2009-01-09T13:11:25","modified_gmt":"2009-01-09T13:11:25","slug":"noche-de-luz-presenta-la-nueva-faceta-de-la-merenguera-juliana","status":"publish","type":"post","link":"https:\/\/diariodominicano.com\/?p=92068","title":{"rendered":"\u201cNoche de Luz\u201d presenta la nueva faceta de la merenguera Juliana"},"content":{"rendered":"<p><body><\/p>\n<p align=\"center\" class=\"titulogrande1\"><strong>\u201cNoche de Luz\u201d presenta la nueva faceta  de la merenguera Juliana<\/strong><\/p>\n<p>&#13;<\/p>\n<p align=\"justify\" class=\"text1noticias\">Este  s\u00e1bado el programa de las exclusivas trae un espacio cargado de grandes  sorpresas, ya que tendr\u00e1 en escena a la joven merenguera Juliana en una nueva  faceta que dar\u00e1 mucho de que hablar y sin temor a dudas la noticia acaparara  algunos titulares.<\/p>\n<p>&#13;<\/p>\n<p align=\"justify\" class=\"text1noticias\">La  din\u00e1mica chica adem\u00e1s conversa con Luz Garc\u00eda como nunca antes lo hab\u00eda hecho y  nos habla de sus sue\u00f1os, aspiraciones dentro de la m\u00fasica urbana y sobre los  enfrentamientos verbales con el merenguero Juli\u00e1n, quien asegura que ella lo  copia. Ella cuenta su versi\u00f3n para el p\u00fablico de \u201cNoche de Luz\u201d.<\/p>\n<p>&#13;<\/p>\n<p align=\"justify\" class=\"text1noticias\">En  otro segmento, la astr\u00f3loga Karina Pereyra y Bismark Morales nos presentan sus  predicciones para el a\u00f1o 2009 que reci\u00e9n inicia y nos hablar\u00e1n con pelos y  se\u00f1ales de qu\u00e9 pasar\u00e1 con algunos personajes claves de la vida nacional y de  otros internacionales con gran incidencia en Rep\u00fablica Dominicana.<\/p>\n<p>&#13;<\/p>\n<p align=\"justify\" class=\"text1noticias\">En <strong>\u201cFlashes\u201d,<\/strong> Keyther Est\u00e9vez nos trae  un trabajo bastante interesante donde hace sugerencias y propuestas de cambios  de look para iniciar el a\u00f1o a figuras famosas del pa\u00eds del arte, la  comunicaci\u00f3n, la pol\u00edtica, entre otros.<\/p>\n<p>&#13;<\/p>\n<p align=\"justify\" class=\"text1noticias\">Mientras  que\u00a0 el equipo de producci\u00f3n realiz\u00f3 un  reportaje sobre la televisi\u00f3n del 2008, sus cambios y movimientos; as\u00ed como las  expectativas para este 2009.<\/p>\n<p>&#13;<\/p>\n<p align=\"justify\" class=\"text1noticias\">Adem\u00e1s,  esta semana te damos a conocer la \u00faltima finalista del concurso <strong>\u201cNoche de Luz le pone ruedas a tu suerte\u201d<\/strong>,  el cual casi arriba a su grandioso final, donde uno de los participantes se  alzar\u00e1 con el gran premio de un carro Kia Picanto cero kil\u00f3metros.<\/p>\n<p>&#13;<\/p>\n<p align=\"justify\" class=\"text1noticias\">No  te pierdas cada s\u00e1bado tu Revista Semanal de Variedades, \u201cNoche de Luz\u201d, desde  las 9:00 de la noche por Antena Latina.<\/p>\n<p>&#13;<\/p>\n<h6> 2009-01-09 13:11:25 <\/h6>\n<p><!--\n<link rel=\"stylesheet\" href=\"css\/bootstrap.min.css\">\n\n\n<ul class=\"pagination\">\n\t    \n\t\n\n<li >\n\t<a href='?page_no=20689'>Previous<\/a>\n\t<\/li>\n\n\n       \n    \n\n<li><a href='?page_no=1'>1<\/a><\/li>\n\n\n\n<li><a href='?page_no=2'>2<\/a><\/li>\n\n\n\n<li><a>...<\/a><\/li>\n\n\n\n<li><a href='?page_no=20688'>20688<\/a><\/li>\n\n\n\n<li><a href='?page_no=20689'>20689<\/a><\/li>\n\n\n\n<li class='active'><a>20690<\/a><\/li>\n\n\n\n<li><a href='?page_no=20691'>20691<\/a><\/li>\n\n\n\n<li><a href='?page_no=20692'>20692<\/a><\/li>\n\n\n\n<li><a>...<\/a><\/li>\n\n\n\n<li><a href='?page_no=22522'>22522<\/a><\/li>\n\n\n\n<li><a href='?page_no=22523'>22523<\/a><\/li>\n\n    \n\t\n\n<li >\n\t<a href='?page_no=20691'>Next<\/a>\n\t<\/li>\n\n\n    \n\n<li><a href='?page_no=22523'>Last &rsaquo;&rsaquo;<\/a><\/li>\n\n<\/ul>\n\n\n--><br \/>\n<\/body><\/p>\n","protected":false},"excerpt":{"rendered":"<p>\u201cNoche de Luz\u201d presenta la nueva faceta de la merenguera Juliana &#13; Este s\u00e1bado el programa de las exclusivas trae un espacio cargado de grandes sorpresas, ya que tendr\u00e1 en escena a la joven merenguera Juliana en una nueva faceta que dar\u00e1 mucho de que hablar y sin temor a dudas la noticia acaparara algunos [&hellip;]<\/p>\n","protected":false},"author":3,"featured_media":0,"comment_status":"open","ping_status":"open","sticky":false,"template":"","format":"standard","meta":{"footnotes":""},"categories":[25],"tags":[],"class_list":["post-92068","post","type-post","status-publish","format-standard","hentry","category-gente"],"_links":{"self":[{"href":"https:\/\/diariodominicano.com\/index.php?rest_route=\/wp\/v2\/posts\/92068","targetHints":{"allow":["GET"]}}],"collection":[{"href":"https:\/\/diariodominicano.com\/index.php?rest_route=\/wp\/v2\/posts"}],"about":[{"href":"https:\/\/diariodominicano.com\/index.php?rest_route=\/wp\/v2\/types\/post"}],"author":[{"embeddable":true,"href":"https:\/\/diariodominicano.com\/index.php?rest_route=\/wp\/v2\/users\/3"}],"replies":[{"embeddable":true,"href":"https:\/\/diariodominicano.com\/index.php?rest_route=%2Fwp%2Fv2%2Fcomments&post=92068"}],"version-history":[{"count":0,"href":"https:\/\/diariodominicano.com\/index.php?rest_route=\/wp\/v2\/posts\/92068\/revisions"}],"wp:attachment":[{"href":"https:\/\/diariodominicano.com\/index.php?rest_route=%2Fwp%2Fv2%2Fmedia&parent=92068"}],"wp:term":[{"taxonomy":"category","embeddable":true,"href":"https:\/\/diariodominicano.com\/index.php?rest_route=%2Fwp%2Fv2%2Fcategories&post=92068"},{"taxonomy":"post_tag","embeddable":true,"href":"https:\/\/diariodominicano.com\/index.php?rest_route=%2Fwp%2Fv2%2Ftags&post=92068"}],"curies":[{"name":"wp","href":"https:\/\/api.w.org\/{rel}","templated":true}]}}