{"id":92067,"date":"2009-01-09T16:16:34","date_gmt":"2009-01-09T16:16:34","guid":{"rendered":"http:\/\/diariodominicano.ddns.net\/?p=92067"},"modified":"2009-01-09T16:16:34","modified_gmt":"2009-01-09T16:16:34","slug":"amaia-montero-bate-record-de-permanencia-con-1-en-espana","status":"publish","type":"post","link":"https:\/\/diariodominicano.com\/?p=92067","title":{"rendered":"Amaia Montero bate record de permanencia con #1 en Espa\u00f1a"},"content":{"rendered":"<p><body><\/p>\n<p class=\"titulogrande1\">Amaia Montero bate  record de permanencia con #1 en Espa\u00f1a <\/p>\n<p>&#13;<\/p>\n<p align=\"justify\" class=\"text1noticias\"><img loading=\"lazy\" decoding=\"async\" src=\"http:\/\/localhost:8080\/gente\/img\/amais.jpg\" width=\"375\" height=\"375\" hspace=\"4\" align=\"left\" \/>Miami, FL, 9 de  enero del 2009.- Desde que se public\u00f3 su primer \u00e1lbum como solista en Espa\u00f1a  hace seis semanas, <a href=\"http:\/\/www.amaiaweb.es\/\"><strong>Amaia  Montero<\/strong><\/a> vive momentos  dulces. Tras entrar directamente al #1, permanece entre los tres primeros de la  lista de los m\u00e1s vendidos en Espa\u00f1a y est\u00e1 a punto de conseguir el doble disco  de Platino.<br \/>&#13;<br \/>\n  <br \/>&#13;<br \/>\n  En las descargas de  canciones y en los formatos originales tambi\u00e9n ha alcanzado el platino con la  canci\u00f3n \u201c<a href=\"http:\/\/www.ffmediacorp.com\/ecards\/353\"><strong>Quiero  ser<\/strong><\/a>\u201d, que adem\u00e1s ha  batido todos los r\u00e9cord de permanencia en el #1 en las listas de radio (13  semanas), televisi\u00f3n y v\u00eddeo. Un debut de \u00e9xito contundente (en la primera  semana consigui\u00f3 tres #1 en las listas de \u00e1lbumes, de radio y de televisi\u00f3n)  que Amaia Montero quiere trasladar a Am\u00e9rica, adonde viajar\u00e1 del 25 de enero al  15 de febrero para apoyar el lanzamiento de su \u00e1lbum en Estados Unidos y  M\u00e9xico. <br \/>&#13;<br \/>\n  <br \/>&#13;<br \/>\n  El \u00e1lbum \u2018Amaia  Montero\u2019 se public\u00f3 el pasado 18 de noviembre, justo un a\u00f1o despu\u00e9s de anunciar  su marcha de La Oreja de Van Gogh. Desde entonces, la cantante y compositora se  lanz\u00f3 a una aventura en la que ha estado inmersa 12 intensos y dif\u00edciles meses  en un trabajo de composici\u00f3n, producci\u00f3n y grabaci\u00f3n hasta llegar al disco que  marca su debut como solista y que aparece tras diez a\u00f1os de \u00e9xitos  ininterrumpidos con <a href=\"http:\/\/www.laorejadevangogh.com\/\"><strong>La  Oreja de Van Gogh<\/strong><\/a>.<\/p>\n<p>&#13;<\/p>\n<div>&#13;<\/p>\n<div align=\"justify\" class=\"text1noticias\">&#13;<br \/>\n  Amaia Montero se ha involucrado enteramente  en su primer \u00e1lbum, desde la composici\u00f3n de todas las canciones hasta la  elaboraci\u00f3n de las primeras maquetas y la supervisi\u00f3n de todo el proceso de  grabaci\u00f3n y mezclas. Producido por <strong>Claudio<\/strong> <strong>Guidetti<\/strong> y compuesto, producido,  grabado y mezclado en Ir\u00fan, Madrid, G\u00e9nova, Mil\u00e1n y Los \u00c1ngeles, el \u00e1lbum  \u2018Amaia Montero\u2019 se mantiene hoy en lo m\u00e1s alto de todas las listas espa\u00f1olas  mientras prepara su desembarco en Am\u00e9rica con la vocaci\u00f3n de extender el \u00e9xito. <\/div>\n<p>&#13;\n<\/p><\/div>\n<p>&#13;<\/p>\n<h6> 2009-01-09 16:16:34 <\/h6>\n<p><!--\n<link rel=\"stylesheet\" href=\"css\/bootstrap.min.css\">\n\n\n<ul class=\"pagination\">\n\t    \n\t\n\n<li >\n\t<a href='?page_no=20688'>Previous<\/a>\n\t<\/li>\n\n\n       \n    \n\n<li><a href='?page_no=1'>1<\/a><\/li>\n\n\n\n<li><a href='?page_no=2'>2<\/a><\/li>\n\n\n\n<li><a>...<\/a><\/li>\n\n\n\n<li><a href='?page_no=20687'>20687<\/a><\/li>\n\n\n\n<li><a href='?page_no=20688'>20688<\/a><\/li>\n\n\n\n<li class='active'><a>20689<\/a><\/li>\n\n\n\n<li><a href='?page_no=20690'>20690<\/a><\/li>\n\n\n\n<li><a href='?page_no=20691'>20691<\/a><\/li>\n\n\n\n<li><a>...<\/a><\/li>\n\n\n\n<li><a href='?page_no=22522'>22522<\/a><\/li>\n\n\n\n<li><a href='?page_no=22523'>22523<\/a><\/li>\n\n    \n\t\n\n<li >\n\t<a href='?page_no=20690'>Next<\/a>\n\t<\/li>\n\n\n    \n\n<li><a href='?page_no=22523'>Last &rsaquo;&rsaquo;<\/a><\/li>\n\n<\/ul>\n\n\n--><br \/>\n<\/body><\/p>\n","protected":false},"excerpt":{"rendered":"<p>Amaia Montero bate record de permanencia con #1 en Espa\u00f1a &#13; Miami, FL, 9 de enero del 2009.- Desde que se public\u00f3 su primer \u00e1lbum como solista en Espa\u00f1a hace seis semanas, Amaia Montero vive momentos dulces. Tras entrar directamente al #1, permanece entre los tres primeros de la lista de los m\u00e1s vendidos en [&hellip;]<\/p>\n","protected":false},"author":3,"featured_media":0,"comment_status":"open","ping_status":"open","sticky":false,"template":"","format":"standard","meta":{"footnotes":""},"categories":[25],"tags":[],"class_list":["post-92067","post","type-post","status-publish","format-standard","hentry","category-gente"],"_links":{"self":[{"href":"https:\/\/diariodominicano.com\/index.php?rest_route=\/wp\/v2\/posts\/92067","targetHints":{"allow":["GET"]}}],"collection":[{"href":"https:\/\/diariodominicano.com\/index.php?rest_route=\/wp\/v2\/posts"}],"about":[{"href":"https:\/\/diariodominicano.com\/index.php?rest_route=\/wp\/v2\/types\/post"}],"author":[{"embeddable":true,"href":"https:\/\/diariodominicano.com\/index.php?rest_route=\/wp\/v2\/users\/3"}],"replies":[{"embeddable":true,"href":"https:\/\/diariodominicano.com\/index.php?rest_route=%2Fwp%2Fv2%2Fcomments&post=92067"}],"version-history":[{"count":0,"href":"https:\/\/diariodominicano.com\/index.php?rest_route=\/wp\/v2\/posts\/92067\/revisions"}],"wp:attachment":[{"href":"https:\/\/diariodominicano.com\/index.php?rest_route=%2Fwp%2Fv2%2Fmedia&parent=92067"}],"wp:term":[{"taxonomy":"category","embeddable":true,"href":"https:\/\/diariodominicano.com\/index.php?rest_route=%2Fwp%2Fv2%2Fcategories&post=92067"},{"taxonomy":"post_tag","embeddable":true,"href":"https:\/\/diariodominicano.com\/index.php?rest_route=%2Fwp%2Fv2%2Ftags&post=92067"}],"curies":[{"name":"wp","href":"https:\/\/api.w.org\/{rel}","templated":true}]}}