{"id":92064,"date":"2009-01-09T22:50:36","date_gmt":"2009-01-09T22:50:36","guid":{"rendered":"http:\/\/diariodominicano.ddns.net\/?p=92064"},"modified":"2009-01-09T22:50:36","modified_gmt":"2009-01-09T22:50:36","slug":"actor-patrick-swayze-ingreso-al-hospital-con-pulmonia","status":"publish","type":"post","link":"https:\/\/diariodominicano.com\/?p=92064","title":{"rendered":"Actor Patrick Swayze ingres\u00f3 al hospital con pulmon\u00eda"},"content":{"rendered":"<p><body><\/p>\n<p class=\"titulogrande1\">Actor Patrick Swayze ingres\u00f3 al  hospital con pulmon\u00eda<\/p>\n<p>&#13;<\/p>\n<p align=\"justify\" class=\"text1noticias\">LOS ANGELES. El actor Patrick  Swayze ingres\u00f3 al hospital tras contraer una neumon\u00eda, anunci\u00f3 el viernes Abbe  Raven, presidente de A&amp;E, durante una reuni\u00f3n de la Asociaci\u00f3n de Cr\u00edticos  de la Televisi\u00f3n. <br \/>&#13;<br \/>\n  \u00a0<br \/>&#13;<br \/>\n  Swayze ten\u00eda previsto  presentarse para hablar sobre su drama de pr\u00f3ximo estreno, \u00abThe Beast\u00bb.\u00a0 El actor padece c\u00e1ncer de p\u00e1ncreas.<br \/>&#13;<br \/>\n  \u00a0<br \/>&#13;<br \/>\n  Robert DeBitetto,  vicepresidente senior de programaci\u00f3n de la cadena, explic\u00f3 su ausencia. <br \/>&#13;<br \/>\n  \u00a0<br \/>&#13;<br \/>\n  \u00abPatrick me pidi\u00f3 que les  diga que esta ma\u00f1ana acudi\u00f3 al hospital para someterse a observaci\u00f3n\u00bb, dijo  DeBitetto. <br \/>&#13;<br \/>\n  \u00a0<br \/>&#13;<br \/>\n  \u00abLa quimioterapia puede  pasar factura al sistema inmunol\u00f3gico, y las enfermedades son parte de eso.  Patrick desea que yo les diga que lamenta mucho no poder asistir, pero que  planea estar de vuelta pronto para promocionar &#8216;The Beast\u00bb&#8217;. <br \/>&#13;<br \/>\n  \u00a0<br \/>&#13;<br \/>\n  A principios de esta semana,  Swayze confes\u00f3 en una entrevista con la periodista Barbara Walters, de ABC, que  su batalla contra un c\u00e1ncer de p\u00e1ncreas lo ha hecho pasar un \u00abinfierno\u00bb al  tiempo que sigue adelante con su nueva serie de televisi\u00f3n. <br \/>&#13;<br \/>\n  \u00a0<br \/>&#13;<br \/>\n  El actor de 56 a\u00f1os tambi\u00e9n  reconoci\u00f3 su temor: \u00abS\u00ed, tengo miedo. S\u00ed, estoy enfadado. S\u00ed, me pregunto  &#8216;\u00a8por qu\u00e9 a m\u00ed?\u00bb&#8217;\u00a0 <\/p>\n<p>&#13;<\/p>\n<h6> 2009-01-09 22:50:36 <\/h6>\n<p><!--\n<link rel=\"stylesheet\" href=\"css\/bootstrap.min.css\">\n\n\n<ul class=\"pagination\">\n\t    \n\t\n\n<li >\n\t<a href='?page_no=20685'>Previous<\/a>\n\t<\/li>\n\n\n       \n    \n\n<li><a href='?page_no=1'>1<\/a><\/li>\n\n\n\n<li><a href='?page_no=2'>2<\/a><\/li>\n\n\n\n<li><a>...<\/a><\/li>\n\n\n\n<li><a href='?page_no=20684'>20684<\/a><\/li>\n\n\n\n<li><a href='?page_no=20685'>20685<\/a><\/li>\n\n\n\n<li class='active'><a>20686<\/a><\/li>\n\n\n\n<li><a href='?page_no=20687'>20687<\/a><\/li>\n\n\n\n<li><a href='?page_no=20688'>20688<\/a><\/li>\n\n\n\n<li><a>...<\/a><\/li>\n\n\n\n<li><a href='?page_no=22522'>22522<\/a><\/li>\n\n\n\n<li><a href='?page_no=22523'>22523<\/a><\/li>\n\n    \n\t\n\n<li >\n\t<a href='?page_no=20687'>Next<\/a>\n\t<\/li>\n\n\n    \n\n<li><a href='?page_no=22523'>Last &rsaquo;&rsaquo;<\/a><\/li>\n\n<\/ul>\n\n\n--><br \/>\n<\/body><\/p>\n","protected":false},"excerpt":{"rendered":"<p>Actor Patrick Swayze ingres\u00f3 al hospital con pulmon\u00eda &#13; LOS ANGELES. El actor Patrick Swayze ingres\u00f3 al hospital tras contraer una neumon\u00eda, anunci\u00f3 el viernes Abbe Raven, presidente de A&amp;E, durante una reuni\u00f3n de la Asociaci\u00f3n de Cr\u00edticos de la Televisi\u00f3n. &#13; \u00a0&#13; Swayze ten\u00eda previsto presentarse para hablar sobre su drama de pr\u00f3ximo estreno, [&hellip;]<\/p>\n","protected":false},"author":3,"featured_media":0,"comment_status":"open","ping_status":"open","sticky":false,"template":"","format":"standard","meta":{"footnotes":""},"categories":[25],"tags":[],"class_list":["post-92064","post","type-post","status-publish","format-standard","hentry","category-gente"],"_links":{"self":[{"href":"https:\/\/diariodominicano.com\/index.php?rest_route=\/wp\/v2\/posts\/92064","targetHints":{"allow":["GET"]}}],"collection":[{"href":"https:\/\/diariodominicano.com\/index.php?rest_route=\/wp\/v2\/posts"}],"about":[{"href":"https:\/\/diariodominicano.com\/index.php?rest_route=\/wp\/v2\/types\/post"}],"author":[{"embeddable":true,"href":"https:\/\/diariodominicano.com\/index.php?rest_route=\/wp\/v2\/users\/3"}],"replies":[{"embeddable":true,"href":"https:\/\/diariodominicano.com\/index.php?rest_route=%2Fwp%2Fv2%2Fcomments&post=92064"}],"version-history":[{"count":0,"href":"https:\/\/diariodominicano.com\/index.php?rest_route=\/wp\/v2\/posts\/92064\/revisions"}],"wp:attachment":[{"href":"https:\/\/diariodominicano.com\/index.php?rest_route=%2Fwp%2Fv2%2Fmedia&parent=92064"}],"wp:term":[{"taxonomy":"category","embeddable":true,"href":"https:\/\/diariodominicano.com\/index.php?rest_route=%2Fwp%2Fv2%2Fcategories&post=92064"},{"taxonomy":"post_tag","embeddable":true,"href":"https:\/\/diariodominicano.com\/index.php?rest_route=%2Fwp%2Fv2%2Ftags&post=92064"}],"curies":[{"name":"wp","href":"https:\/\/api.w.org\/{rel}","templated":true}]}}