{"id":92062,"date":"2009-01-10T16:42:44","date_gmt":"2009-01-10T16:42:44","guid":{"rendered":"http:\/\/diariodominicano.ddns.net\/?p=92062"},"modified":"2009-01-10T16:42:44","modified_gmt":"2009-01-10T16:42:44","slug":"pld-en-broward-la-florida-comparte-y-celebra","status":"publish","type":"post","link":"https:\/\/diariodominicano.com\/?p=92062","title":{"rendered":"PLD  EN  BROWARD, LA FLORIDA,  COMPARTE  Y CELEBRA"},"content":{"rendered":"<p><body><\/p>\n<p class=\"titulogrande1\">PLD\u00a0 EN\u00a0  BROWARD, LA FLORIDA,\u00a0  COMPARTE\u00a0 Y CELEBRA <\/p>\n<p>&#13;<\/p>\n<p align=\"justify\"><span class=\"text1noticias\"><img loading=\"lazy\" decoding=\"async\" src=\"http:\/\/localhost:8080\/gente\/img\/fiest.jpg\" width=\"375\" height=\"286\" hspace=\"4\" align=\"left\" \/>Con el inter\u00e9s de  mantener la interacci\u00f3n y cercan\u00eda entre sus miembros, los militantes\u00a0 del Partido de la Liberaci\u00f3n Dominicana  (PLD), en Broward, La Florida, aprovecharon estos d\u00edas festivos y\u00a0 compartieron y celebraron en camarader\u00eda y  amistad, en \u201cLa Terraza Restaurant\u201d, de Pembroke Road, con familiares, amigos  y\u00a0 representaci\u00f3n de peledeistas de otros  condados del Estado.<br \/>&#13;<br \/>\n  <br \/>&#13;<br \/>\n La noche se visti\u00f3 de alegr\u00eda,  rifas, risas, brindis, afecto y satisfacci\u00f3n por los resultados de los  esfuerzos desarrollados para que la ocasi\u00f3n fuera un encuentro fraternal y  amistoso, donde compartir y rememorar la filosof\u00eda y postulados del Partido de  la Liberaci\u00f3n Dominicana (PLD), resaltando el legado de su fundador y gu\u00eda  Profesor Juan Bosch.<br \/>&#13;<br \/>\n <br \/>&#13;<br \/>\n Del Consulado Dominicano  en La Florida, estuvieron presentes\u00a0 los  se\u00f1ores Eduardo S\u00e1nchez,\u00a0 Eddy\u00a0 Zapata \u00a0y Arturo L\u00f3pez, Vice-C\u00f3nsules en  representaci\u00f3n del Honorable C\u00f3nsul Manuel Alm\u00e1nzar, el cual se encontraba  aquejado de un fuerte virus gripal.\u00a0\u00a0\u00a0\u00a0 <br \/>&#13;<br \/>\n <br \/>&#13;<br \/>\n El Comit\u00e9 Organizador  estuvo integrado por\u00a0 los Presidentes de  Comit\u00e9s de Base del Condado de Broward, Pedro Fern\u00e1ndez (Mickey), Jovanna  Garc\u00eda, Lan Torres, Cesar\u00edna Fern\u00e1ndez, Elvis segura, Francisca Diaz, Angela  Morban, Julio Boizart,\u00a0 Camilo Rodr\u00edguez  y\u00a0 Jos\u00e9 B\u00e1ez.<\/span><\/p>\n<p>&#13;<\/p>\n<h6> 2009-01-10 16:42:44 <\/h6>\n<p><!--\n<link rel=\"stylesheet\" href=\"css\/bootstrap.min.css\">\n\n\n<ul class=\"pagination\">\n\t    \n\t\n\n<li >\n\t<a href='?page_no=20683'>Previous<\/a>\n\t<\/li>\n\n\n       \n    \n\n<li><a href='?page_no=1'>1<\/a><\/li>\n\n\n\n<li><a href='?page_no=2'>2<\/a><\/li>\n\n\n\n<li><a>...<\/a><\/li>\n\n\n\n<li><a href='?page_no=20682'>20682<\/a><\/li>\n\n\n\n<li><a href='?page_no=20683'>20683<\/a><\/li>\n\n\n\n<li class='active'><a>20684<\/a><\/li>\n\n\n\n<li><a href='?page_no=20685'>20685<\/a><\/li>\n\n\n\n<li><a href='?page_no=20686'>20686<\/a><\/li>\n\n\n\n<li><a>...<\/a><\/li>\n\n\n\n<li><a href='?page_no=22522'>22522<\/a><\/li>\n\n\n\n<li><a href='?page_no=22523'>22523<\/a><\/li>\n\n    \n\t\n\n<li >\n\t<a href='?page_no=20685'>Next<\/a>\n\t<\/li>\n\n\n    \n\n<li><a href='?page_no=22523'>Last &rsaquo;&rsaquo;<\/a><\/li>\n\n<\/ul>\n\n\n--><br \/>\n<\/body><\/p>\n","protected":false},"excerpt":{"rendered":"<p>PLD\u00a0 EN\u00a0 BROWARD, LA FLORIDA,\u00a0 COMPARTE\u00a0 Y CELEBRA &#13; Con el inter\u00e9s de mantener la interacci\u00f3n y cercan\u00eda entre sus miembros, los militantes\u00a0 del Partido de la Liberaci\u00f3n Dominicana (PLD), en Broward, La Florida, aprovecharon estos d\u00edas festivos y\u00a0 compartieron y celebraron en camarader\u00eda y amistad, en \u201cLa Terraza Restaurant\u201d, de Pembroke Road, con familiares, [&hellip;]<\/p>\n","protected":false},"author":3,"featured_media":0,"comment_status":"open","ping_status":"open","sticky":false,"template":"","format":"standard","meta":{"footnotes":""},"categories":[25],"tags":[],"class_list":["post-92062","post","type-post","status-publish","format-standard","hentry","category-gente"],"_links":{"self":[{"href":"https:\/\/diariodominicano.com\/index.php?rest_route=\/wp\/v2\/posts\/92062","targetHints":{"allow":["GET"]}}],"collection":[{"href":"https:\/\/diariodominicano.com\/index.php?rest_route=\/wp\/v2\/posts"}],"about":[{"href":"https:\/\/diariodominicano.com\/index.php?rest_route=\/wp\/v2\/types\/post"}],"author":[{"embeddable":true,"href":"https:\/\/diariodominicano.com\/index.php?rest_route=\/wp\/v2\/users\/3"}],"replies":[{"embeddable":true,"href":"https:\/\/diariodominicano.com\/index.php?rest_route=%2Fwp%2Fv2%2Fcomments&post=92062"}],"version-history":[{"count":0,"href":"https:\/\/diariodominicano.com\/index.php?rest_route=\/wp\/v2\/posts\/92062\/revisions"}],"wp:attachment":[{"href":"https:\/\/diariodominicano.com\/index.php?rest_route=%2Fwp%2Fv2%2Fmedia&parent=92062"}],"wp:term":[{"taxonomy":"category","embeddable":true,"href":"https:\/\/diariodominicano.com\/index.php?rest_route=%2Fwp%2Fv2%2Fcategories&post=92062"},{"taxonomy":"post_tag","embeddable":true,"href":"https:\/\/diariodominicano.com\/index.php?rest_route=%2Fwp%2Fv2%2Ftags&post=92062"}],"curies":[{"name":"wp","href":"https:\/\/api.w.org\/{rel}","templated":true}]}}