{"id":92061,"date":"2009-01-12T17:57:49","date_gmt":"2009-01-12T17:57:49","guid":{"rendered":"http:\/\/diariodominicano.ddns.net\/?p=92061"},"modified":"2009-01-12T17:57:49","modified_gmt":"2009-01-12T17:57:49","slug":"tono-rosario-con-nuevo-tema-y-gira-por-usa","status":"publish","type":"post","link":"https:\/\/diariodominicano.com\/?p=92061","title":{"rendered":"To\u00f1o Rosario con nuevo tema y gira por USA"},"content":{"rendered":"<p><body><\/p>\n<p align=\"center\" class=\"titulogrande1\"><strong>To\u00f1o  Rosario con nuevo tema y gira por USA<\/strong><\/p>\n<p>&#13;<\/p>\n<p align=\"justify\" class=\"text1noticias\"><img loading=\"lazy\" decoding=\"async\" src=\"http:\/\/localhost:8080\/gente\/img\/tono new.jpg\" width=\"375\" height=\"563\" hspace=\"4\" align=\"left\" \/>To\u00f1o Rosario inicia el a\u00f1o con  novedades importantes para su carrera. Una de ellas es el lanzamiento de su  nuevo sencillo \u201cNo puedo sacarte de mi cabeza\u201d, una adaptaci\u00f3n al espa\u00f1ol\u00a0  de \u201cCan&#8217;t get you out of my head\u201d, la canci\u00f3n de Cathy Dennis que popularizara  la artista australina Kylie Minogue.<br \/>&#13;<br \/>\n  <br \/>&#13;<br \/>\n  Y la versi\u00f3n en merengue de este corte  fue hecha por\u00a0 el orquestador dominicano Henry Jim\u00e9nez y el compositor  Jos\u00e9 Aponte. <br \/>&#13;<br \/>\n  <br \/>&#13;<br \/>\n  Ambos unieron sus talentos para dar  vida en la voz de To\u00f1o este corte musical que ya suena con profusi\u00f3n en la  radio nacional y lo mismo ocurre en estaciones hispanas de Estados Unidos.<br \/>&#13;<br \/>\n  <br \/>&#13;<br \/>\n  \u201cEstoy muy contento con este tema, es  parte de mi nuevos ofrecimientos a mis seguidores a lo que siempre hay  llevarles cosas distintas con colores y sonidos novedosos\u201d, expres\u00f3 \u201cEl Kuko\u201d  al referirse a su nueva propuesta merenguera.<br \/>&#13;<br \/>\n  <br \/>&#13;<br \/>\n  \u201cCan&#8217;t get you out of my head\u201d, sucede  a los \u00e9xitos \u201cDon worry\u201d y \u201cTu maestro\u201d, que el artista puso a escuchar y a  \u201ccorear\u201d el pasado a\u00f1o y que fueron estrenados en una amplia cadena de radio.<br \/>&#13;<br \/>\n  <br \/>&#13;<br \/>\n  La promoci\u00f3n del nuevo tema coincide  con los preparativos de la pr\u00f3xima gira que To\u00f1o Rosario que inicia desde el 10  de febrero por Estados Unidos y que lo mantendr\u00e1 alejado de la plaza dominicana  hasta la segunda semana de marzo.<br \/>&#13;<br \/>\n  <br \/>&#13;<br \/>\n  En la ocasi\u00f3n en algunas ciudades de  la naci\u00f3n americana compartir\u00e1 escenario con el bachatero Anthony Santos y el  merenguero Fernando Villalona, en presentaciones que produce el empresario  art\u00edstico F\u00e9lix Cabrera.<\/p>\n<p>&#13;<\/p>\n<h6> 2009-01-12 17:57:49 <\/h6>\n<p><!--\n<link rel=\"stylesheet\" href=\"css\/bootstrap.min.css\">\n\n\n<ul class=\"pagination\">\n\t    \n\t\n\n<li >\n\t<a href='?page_no=20682'>Previous<\/a>\n\t<\/li>\n\n\n       \n    \n\n<li><a href='?page_no=1'>1<\/a><\/li>\n\n\n\n<li><a href='?page_no=2'>2<\/a><\/li>\n\n\n\n<li><a>...<\/a><\/li>\n\n\n\n<li><a href='?page_no=20681'>20681<\/a><\/li>\n\n\n\n<li><a href='?page_no=20682'>20682<\/a><\/li>\n\n\n\n<li class='active'><a>20683<\/a><\/li>\n\n\n\n<li><a href='?page_no=20684'>20684<\/a><\/li>\n\n\n\n<li><a href='?page_no=20685'>20685<\/a><\/li>\n\n\n\n<li><a>...<\/a><\/li>\n\n\n\n<li><a href='?page_no=22522'>22522<\/a><\/li>\n\n\n\n<li><a href='?page_no=22523'>22523<\/a><\/li>\n\n    \n\t\n\n<li >\n\t<a href='?page_no=20684'>Next<\/a>\n\t<\/li>\n\n\n    \n\n<li><a href='?page_no=22523'>Last &rsaquo;&rsaquo;<\/a><\/li>\n\n<\/ul>\n\n\n--><br \/>\n<\/body><\/p>\n","protected":false},"excerpt":{"rendered":"<p>To\u00f1o Rosario con nuevo tema y gira por USA &#13; To\u00f1o Rosario inicia el a\u00f1o con novedades importantes para su carrera. Una de ellas es el lanzamiento de su nuevo sencillo \u201cNo puedo sacarte de mi cabeza\u201d, una adaptaci\u00f3n al espa\u00f1ol\u00a0 de \u201cCan&#8217;t get you out of my head\u201d, la canci\u00f3n de Cathy Dennis que [&hellip;]<\/p>\n","protected":false},"author":3,"featured_media":0,"comment_status":"open","ping_status":"open","sticky":false,"template":"","format":"standard","meta":{"footnotes":""},"categories":[25],"tags":[],"class_list":["post-92061","post","type-post","status-publish","format-standard","hentry","category-gente"],"_links":{"self":[{"href":"https:\/\/diariodominicano.com\/index.php?rest_route=\/wp\/v2\/posts\/92061","targetHints":{"allow":["GET"]}}],"collection":[{"href":"https:\/\/diariodominicano.com\/index.php?rest_route=\/wp\/v2\/posts"}],"about":[{"href":"https:\/\/diariodominicano.com\/index.php?rest_route=\/wp\/v2\/types\/post"}],"author":[{"embeddable":true,"href":"https:\/\/diariodominicano.com\/index.php?rest_route=\/wp\/v2\/users\/3"}],"replies":[{"embeddable":true,"href":"https:\/\/diariodominicano.com\/index.php?rest_route=%2Fwp%2Fv2%2Fcomments&post=92061"}],"version-history":[{"count":0,"href":"https:\/\/diariodominicano.com\/index.php?rest_route=\/wp\/v2\/posts\/92061\/revisions"}],"wp:attachment":[{"href":"https:\/\/diariodominicano.com\/index.php?rest_route=%2Fwp%2Fv2%2Fmedia&parent=92061"}],"wp:term":[{"taxonomy":"category","embeddable":true,"href":"https:\/\/diariodominicano.com\/index.php?rest_route=%2Fwp%2Fv2%2Fcategories&post=92061"},{"taxonomy":"post_tag","embeddable":true,"href":"https:\/\/diariodominicano.com\/index.php?rest_route=%2Fwp%2Fv2%2Ftags&post=92061"}],"curies":[{"name":"wp","href":"https:\/\/api.w.org\/{rel}","templated":true}]}}