{"id":92060,"date":"2009-01-12T18:18:33","date_gmt":"2009-01-12T18:18:33","guid":{"rendered":"http:\/\/diariodominicano.ddns.net\/?p=92060"},"modified":"2009-01-12T18:18:33","modified_gmt":"2009-01-12T18:18:33","slug":"la-hermana-glenda-regresa-a-rd-para-el-palacio-de-los-deportes","status":"publish","type":"post","link":"https:\/\/diariodominicano.com\/?p=92060","title":{"rendered":"La Hermana Glenda regresa a RD para el Palacio de los Deportes"},"content":{"rendered":"<p><body><\/p>\n<p class=\"titulogrande1\"><strong>La Hermana Glenda regresa a RD para el  Palacio de los Deportes<\/strong><\/p>\n<p>&#13;<\/p>\n<p align=\"justify\">&#13;<br \/>\n  <span class=\"text1noticias\"><strong><em>La  cantante y misionera viene \u00a0a entregar una noche de oraci\u00f3n organizado por  la \u00a0emisora Vida FM y Radio ABC<\/em><\/strong><\/span><\/p>\n<p>&#13;<\/p>\n<p align=\"justify\" class=\"text1noticias\"><img loading=\"lazy\" decoding=\"async\" src=\"http:\/\/localhost:8080\/gente\/img\/glendas.jpg\" width=\"375\" height=\"197\" hspace=\"4\" align=\"left\" \/>Santo  Domingo.- Con la misma voz celestial que cautiv\u00f3 en el 2006 a m\u00e1s de 25 mil  fan\u00e1ticos dominicanos reunidos en un solo lugar, \u00a0regresa la cantante y  evangelizadora Hermana Glenda, \u00a0para entregar un concierto gratuito  \u00a0en el Palacio de los Deportes de Santo Domingo que cautivar\u00e1 por segunda  ocasi\u00f3n a sus seguidores.<br \/>&#13;<br \/>\n  <br \/>&#13;<br \/>\n  La religiosa  de origen chileno estar\u00e1 en Rep\u00fablica Dominicana el s\u00e1bado 7 de febrero en un  encuentro denominado \u00abOrar con el coraz\u00f3n\u00bb, \u00a0organizado por la  emisora \u00a0Vida FM y Radio ABC.<br \/>&#13;<br \/>\n  <br \/>&#13;<br \/>\n  La misionera  \u00a0que se ha \u00a0dedicado con \u00e9xito a evangelizar a trav\u00e9s de su voz y sus  composiciones de m\u00fasica cat\u00f3lica, viene adem\u00e1s a presentar\u00a0 sus tres  nuevos trabajos musicales que acaba de terminar para entregarlo \u00a0a la  humanidad que est\u00e1 en busca de la espiritualidad.<br \/>&#13;<br \/>\n  <br \/>&#13;<br \/>\n  Los tres  discos nuevos que presentar\u00e1 a los dominicanos en una rueda de prensa  \u00a0previo a su concierto llevan por t\u00edtulos \u00abOrar con el coraz\u00f3n\u00bb,  \u00abMe am\u00f3 y se entreg\u00f3 a mi\u00bb, y \u00abHermana Glenda Live\u00bb, los  cuales hacen un total de 21 temas nuevos y 21 reeditados de sus producciones  anteriores.<br \/>&#13;<br \/>\n  <br \/>&#13;<br \/>\n  Los  organizadores del espect\u00e1culo cristiano por medio de un comunicado de prensa  \u00a0expresaron que la religiosa presentar\u00e1 en directo sus nuevas producciones  e interpretar\u00e1 los temas cl\u00e1sicos de su discograf\u00eda, con la finalidad de llevar  el mensaje de Dios a todos los que asistan al mismo. El mismo est\u00e1 ideado como  una noche de alabanza y oraci\u00f3n para el pueblo dominicano.<br \/>&#13;<br \/>\n  <br \/>&#13;<br \/>\n  Su  presentaci\u00f3n en el pa\u00eds fue ante m\u00e1s de 25.000 personas en el estadio Quisqueya  de Santo Domingo, denominado Concierto-Oraci\u00f3n realizado en Resurrecci\u00f3n; por  una invitaci\u00f3n del Arzobispo Metropolitano de Santo Domingo, Primado de Am\u00e9rica  Nicol\u00e1s de Jes\u00fas Cardenal L\u00f3pez Rodr\u00edguez.<br \/>&#13;<br \/>\n  <br \/>&#13;<br \/>\n  Esta  presentaci\u00f3n de Rep\u00fablica Dominicana hizo que se grabar\u00e1 un CD que fue puesto a  la venta\u00a0 en todas las tiendas de discos de Estados Unidos, Espa\u00f1a y otros  pa\u00edses.<br \/>&#13;<br \/>\n  <br \/>&#13;<br \/>\n  Entre sus  anteriores producciones est\u00e1n \u00abA solas con Dios\u00bb, \u00abCon nostalgia  de ti\u00bb, \u00abConsolada a mi pueblo\u00bb y \u00a0\u00abTengo sed de  ti\u00bb.<\/p>\n<p>&#13;<\/p>\n<p align=\"justify\" class=\"text1noticias\">M\u00e1s de la  Hermana Glenda<br \/>&#13;<br \/>\n  <br \/>&#13;<br \/>\n    <strong>Glenda lleva  m\u00e1s de 20 a\u00f1os consagrada a Dios y 8 a\u00f1os dedicada a la evangelizaci\u00f3n con la  m\u00fasica<\/strong>. Es te\u00f3loga por la Pontificia universidad  Gregoriana de Roma y Psic\u00f3loga por la Universidad Pontificia de Salamanca. Su  ciudad natal, Parral, Chile, la declar\u00f3 \u00abservidora Ilustre\u00bb en el a\u00f1o  2003. <br \/>&#13;<br \/>\n    <br \/>&#13;<br \/>\n    Aunque grab\u00f3  su primer trabajo musical en 1998 solo en el 2002 comienza sus viajes de  apostolado por el mundo. En ese a\u00f1o la Hermana Glenda participa en la <strong>Jornada  Mundial de la Juventud <\/strong>en Toronto, cantando Nada es imposible para Ti,  mientras el Papa Juan Pablo II repart\u00eda la comuni\u00f3n. Esa experiencia con el  Papa movi\u00f3 a Glenda a comenzar desde ese a\u00f1o grandes y peque\u00f1os conciertos por  toda Espa\u00f1a, EEUU, Panam\u00e1, Costa Rica, Cuba, Argentina, Chile y Alemania, entre  otros pa\u00edses. <br \/>&#13;<br \/>\n    <br \/>&#13;<br \/>\n    Actualmente  reside y trabaja en Espa\u00f1a volcada en su <strong>Fundaci\u00f3n Consuelen a Mi Pueblo  \u00ab<\/strong>, creada para extender la consolaci\u00f3n cristiana por el mundo.  Pastoral de la oraci\u00f3n, pastoral b\u00edblica, pastoral sanitaria, ayuda social y un  mont\u00f3n de actividades que confluyen en la experiencia con Cristo.<br \/>&#13;<br \/>\n    <br \/>&#13;<br \/>\n    En el 2002  comienza sus viajes de apostolado por el mundo. En ese a\u00f1o la Hermana Glenda  participa en la Jornada Mundial de la Juventud en Toronto, cantando \u00abNada  es imposible para Ti\u00bb, mientras el Papa Juan Pablo II repart\u00eda la  comuni\u00f3n. Esa experiencia con el Papa y ver su ardor misionero, a pesar de su  enfermedad, movi\u00f3 a Glenda a comenzar desde ese a\u00f1o grandes y peque\u00f1os  conciertos por toda Espa\u00f1a, EEUU, Panam\u00e1, Costa Rica, Cuba, Argentina, Chile,  Alemania, y el \u00faltimo multitudinario concierto en Rep\u00fablica Dominicana en abril  del 2006.<\/p>\n<p>&#13;<\/p>\n<h6> 2009-01-12 18:18:33 <\/h6>\n<p><!--\n<link rel=\"stylesheet\" href=\"css\/bootstrap.min.css\">\n\n\n<ul class=\"pagination\">\n\t    \n\t\n\n<li >\n\t<a href='?page_no=20681'>Previous<\/a>\n\t<\/li>\n\n\n       \n    \n\n<li><a href='?page_no=1'>1<\/a><\/li>\n\n\n\n<li><a href='?page_no=2'>2<\/a><\/li>\n\n\n\n<li><a>...<\/a><\/li>\n\n\n\n<li><a href='?page_no=20680'>20680<\/a><\/li>\n\n\n\n<li><a href='?page_no=20681'>20681<\/a><\/li>\n\n\n\n<li class='active'><a>20682<\/a><\/li>\n\n\n\n<li><a href='?page_no=20683'>20683<\/a><\/li>\n\n\n\n<li><a href='?page_no=20684'>20684<\/a><\/li>\n\n\n\n<li><a>...<\/a><\/li>\n\n\n\n<li><a href='?page_no=22522'>22522<\/a><\/li>\n\n\n\n<li><a href='?page_no=22523'>22523<\/a><\/li>\n\n    \n\t\n\n<li >\n\t<a href='?page_no=20683'>Next<\/a>\n\t<\/li>\n\n\n    \n\n<li><a href='?page_no=22523'>Last &rsaquo;&rsaquo;<\/a><\/li>\n\n<\/ul>\n\n\n--><br \/>\n<\/body><\/p>\n","protected":false},"excerpt":{"rendered":"<p>La Hermana Glenda regresa a RD para el Palacio de los Deportes &#13; &#13; La cantante y misionera viene \u00a0a entregar una noche de oraci\u00f3n organizado por la \u00a0emisora Vida FM y Radio ABC &#13; Santo Domingo.- Con la misma voz celestial que cautiv\u00f3 en el 2006 a m\u00e1s de 25 mil fan\u00e1ticos dominicanos reunidos [&hellip;]<\/p>\n","protected":false},"author":3,"featured_media":0,"comment_status":"open","ping_status":"open","sticky":false,"template":"","format":"standard","meta":{"footnotes":""},"categories":[25],"tags":[],"class_list":["post-92060","post","type-post","status-publish","format-standard","hentry","category-gente"],"_links":{"self":[{"href":"https:\/\/diariodominicano.com\/index.php?rest_route=\/wp\/v2\/posts\/92060","targetHints":{"allow":["GET"]}}],"collection":[{"href":"https:\/\/diariodominicano.com\/index.php?rest_route=\/wp\/v2\/posts"}],"about":[{"href":"https:\/\/diariodominicano.com\/index.php?rest_route=\/wp\/v2\/types\/post"}],"author":[{"embeddable":true,"href":"https:\/\/diariodominicano.com\/index.php?rest_route=\/wp\/v2\/users\/3"}],"replies":[{"embeddable":true,"href":"https:\/\/diariodominicano.com\/index.php?rest_route=%2Fwp%2Fv2%2Fcomments&post=92060"}],"version-history":[{"count":0,"href":"https:\/\/diariodominicano.com\/index.php?rest_route=\/wp\/v2\/posts\/92060\/revisions"}],"wp:attachment":[{"href":"https:\/\/diariodominicano.com\/index.php?rest_route=%2Fwp%2Fv2%2Fmedia&parent=92060"}],"wp:term":[{"taxonomy":"category","embeddable":true,"href":"https:\/\/diariodominicano.com\/index.php?rest_route=%2Fwp%2Fv2%2Fcategories&post=92060"},{"taxonomy":"post_tag","embeddable":true,"href":"https:\/\/diariodominicano.com\/index.php?rest_route=%2Fwp%2Fv2%2Ftags&post=92060"}],"curies":[{"name":"wp","href":"https:\/\/api.w.org\/{rel}","templated":true}]}}