{"id":92055,"date":"2009-01-13T16:33:47","date_gmt":"2009-01-13T16:33:47","guid":{"rendered":"http:\/\/diariodominicano.ddns.net\/?p=92055"},"modified":"2009-01-13T16:33:47","modified_gmt":"2009-01-13T16:33:47","slug":"envases-antillanos-celebra-cuarenta-anos-de-exitos","status":"publish","type":"post","link":"https:\/\/diariodominicano.com\/?p=92055","title":{"rendered":"ENVASES ANTILLANOS CELEBRA CUARENTA A\u00d1OS DE EXITOS"},"content":{"rendered":"<p><body><\/p>\n<p align=\"justify\"><strong class=\"titulogrande1\">ENVASES ANTILLANOS CELEBRA CUARENTA  A\u00d1OS DE EXITOS<\/strong><br \/>&#13;<br \/>\n  <br \/>&#13;<br \/>\n    <span class=\"text1noticias\"><strong><img loading=\"lazy\" decoding=\"async\" src=\"http:\/\/localhost:8080\/gente\/img\/envas.jpg\" width=\"375\" height=\"252\" hspace=\"4\" align=\"left\" \/>Santiago<\/strong>.\u00a0 Envases  Antillanos celebr\u00f3 un encuentro en el Centro Espa\u00f1ol, para festejar los  cuarenta a\u00f1os de esa empresa dedicada a la confecci\u00f3n de latas. Establecida en  esta ciudad desde 1969, lo cual marc\u00f3 un hecho trascendental en t\u00e9rminos  econ\u00f3micos y de crecimiento para la ciudad de Santiago.<br \/>&#13;<br \/>\n    <br \/>&#13;<br \/>\nLa actividad se inici\u00f3 con las palabras  del ingeniero F\u00e9lix M. Garc\u00eda C., presidente de Envases Antillanos, quien  destac\u00f3 no solo el impulso inconmensurable a la agroindustria nacional, lo que  provoc\u00f3 la apertura de la empresa, sino tambi\u00e9n\u00a0 la reducci\u00f3n en el costo  de operaciones del empacado, que redujo notablemente los costos de producci\u00f3n y  el ahorro de divisas destinados para la importaci\u00f3n de envases de metal para  alimentos.<br \/>&#13;<br \/>\n<br \/>&#13;<br \/>\n\u00abCon el inicio de los Doce A\u00f1os de  Balaguer, en 1966, se inicia tambi\u00e9n la apertura de nuestra econom\u00eda al  exterior, la estimulaci\u00f3n al sector industrial, la exportaci\u00f3n de productos no  tradicionales y al mismo tiempo, el comercio importador.\u00a0 Se iniciaba un  firme programa de industrializaci\u00f3n que culmin\u00f3 con la promulgaci\u00f3n en 1968 de la Ley 299 de Protecci\u00f3n e  Incentivo Industrial, que buscaba sustituir importaciones mediante el fortalecimiento  de la industria local en renglones que se importaban y propiciaban un escape de  divisas\u00bb, dijo.\u00a0 <br \/>&#13;<br \/>\n<br \/>&#13;<br \/>\nComo resultado de la pol\u00edtica estatal de  apoyo a la inversi\u00f3n extranjera, se establece en Santiago la American Can Company,  una f\u00e1brica de latas que luego se convirti\u00f3 en Envases Antillanos.\u00a0 En  aquel momento, el papel jugado por la Asociaci\u00f3n para el Desarrollo de Santiago, fue  estelar, en la consecuci\u00f3n de que la f\u00e1brica se estableciera en esta ciudad y  no en Santo Domingo, como quer\u00edan algunos sectores.<br \/>&#13;<br \/>\n<br \/>&#13;<br \/>\n\u00abLa f\u00e1brica de latas incentiv\u00f3 el  crecimiento de la agricultura, particularmente en el cultivo de tomates, granos  y frutas, as\u00ed como leche, tras ofrecer alternativas de empaque para la leche  procesada.\u00a0 A mediados de los setenta, se diversificaron las l\u00edneas de  producci\u00f3n, manufacturando envases para productos industriales no alimenticios,  como pinturas, aceites automotrices y aerosoles, incluy\u00e9ndose posteriormente  los envases para aceites comestibles y caf\u00e9.<br \/>&#13;<br \/>\n<br \/>&#13;<br \/>\nEn estos cuarenta  a\u00f1os, Envases Antillanos ha procesado m\u00e1s de 500,000 toneladas m\u00e9tricas de  hojalata para producir m\u00e1s de 6000 millones de latas.\u00a0 De igual manera,  las tapas y componentes troquelados sobrepasan los diez millones de  unidades.\u00a0 Las l\u00e1minas de hojalata y aluminio esmaltadas, barnizadas y  litografiadas son mucho m\u00e1s de 400 millones. <br \/>&#13;<br \/>\n<br \/>&#13;<br \/>\nEn cuanto a  tecnolog\u00eda se refiere, Envases Antillanos se ha mantenido siempre a la  vanguardia en el campo de los avances de la industria de empaques.\u00a0 De una  soldadura de plomo, ha pasado al sistema de soldadura el\u00e9ctrica y actualmente,  se utiliza la tecnolog\u00eda suiza Soudronic.\u00a0 Es decir, que las latas de  Envases Antillanos compiten en calidad con las producidas en las m\u00e1s modernas  f\u00e1bricas del mundo. <br \/>&#13;<br \/>\n<br \/>&#13;<br \/>\nGarc\u00eda mostr\u00f3 gran orgullo por haber tenido  la oportunidad de permanecer por cuarenta a\u00f1os en esta empresa, junto a un  grupo de leales colaboradores, \u00a0que ha hecho significativos aportes a  miles de familias, tanto a trav\u00e9s de la generaci\u00f3n de empleos, como a trav\u00e9s de  los programas de ayudas mediante los programas de responsabilidad social y  compromiso con la comunidad. <br \/>&#13;<br \/>\n<br \/>&#13;<br \/>\nAdem\u00e1s destac\u00f3 el apoyo de los clientes  nacionales e internacionales.\u00a0 \u00abEllos han sido el soporte  primordial\u00a0 para nuestras operaciones en las diferentes etapas de nuestra  vida productiva.\u00a0 Ellos han sido y seguir\u00e1n siendo nuestros socios  principales\u00bb, dijo.<br \/>&#13;<br \/>\n<br \/>&#13;<br \/>\nEnvases Antillanos ha sido el eje impulso de  un grupo de varias empresas relacionadas, como Transagr\u00edcola, Troquedomsa,  Taca, Plastidom, La Fabril  y Grupo Linda, a trav\u00e9s de las cuales se han generado numerosos empleos.\u00a0<\/span><\/p>\n<p>&#13;<\/p>\n<p align=\"justify\" class=\"text1noticias\"><strong>Reconocimiento.<\/strong> <br \/>&#13;<br \/>\n  El acto sirvi\u00f3 adem\u00e1s para reconocer a  empleados que laboran en la empresa desde hace m\u00e1s de treinta a\u00f1os, resultando  distinguidos:\u00a0 Le\u00f3n Felipe L\u00f3pez Guzm\u00e1n, Jos\u00e9 Fernando Veloz y F\u00e9lix  Estrella Arias, con treinta a\u00f1os de labor; Juan Ramos Henr\u00edquez, Jos\u00e9 Emilio  Marte y Antonio Reyes, con treinta y uno; Jos\u00e9 Emilio Taveras, Danilo Antonio  Guzm\u00e1n y V\u00edctor Reyes Cabrera, con treinta y dos; Heriberto D\u00edaz Betances, con  treinta y tres; R\u00f3mulo Rodr\u00edguez, Mercedes Espinal y Jos\u00e9 Rigoberto Cabrera con  treinta y cuatro.<br \/>&#13;<br \/>\n  <br \/>&#13;<br \/>\n  Asimismo, Francisco Espinal, Roberto Capell\u00e1n  y Rafael Reyes, con treinta y cinco; Rafael Ferm\u00edn, Plinio Mu\u00f1oz, Jos\u00e9 Gaspar Rodr\u00edguez  y V\u00edctor Garc\u00eda, con treinta y seis a\u00f1os; Domingo Peralta y Ferm\u00edn Quezada con  treinta y siete; Cipri\u00e1n Espaillat y Ram\u00f3n Emilio Victorio con treinta y ocho  a\u00f1os de labor.<\/p>\n<p>&#13;<\/p>\n<p align=\"justify\" class=\"text1noticias\"><strong>Un reconocimiento sorpresa.<\/strong> <br \/>&#13;<br \/>\n  La parte m\u00e1s emotiva del aniversario fue el  reconocimiento sorpresa organizado por los empleados para distinguir al presidente  de Envases Antillanos, F\u00e9lix M. Garc\u00eda C.\u00a0 Los empleados entregaron una  placa con las palabras pronunciadas hace 34 a\u00f1os por Arturo Grull\u00f3n Espaillat,  primer presidente de Envases Antillanos refiri\u00e9ndose a Garc\u00eda en ocasi\u00f3n de su  ascenso como gerente de planta de la empresa.\u00a0 El texto reza:\u00a0\u00a0  \u00abConservar los mismos valores te ha hecho acreedor de este reconocimiento  por tu tremenda voluntad, lealtad y entusiasmo.\u00a0 Felicitaciones y adelante  hacia mayores logros.\u00bb\u00a0 La placa, con r\u00fabrica del propio Arturo  Grull\u00f3n, incluye adem\u00e1s una fotograf\u00eda de aquella ocasi\u00f3n memorable.<br \/>&#13;<br \/>\n  <br \/>&#13;<br \/>\n  Los presentes disfrutaron de una presentaci\u00f3n  con el percusionista Fell\u00e9 Vega, quien con su m\u00fasica demostr\u00f3 la versatilidad  de las latas.\u00a0 La actividad incluy\u00f3 la participaci\u00f3n de Jochy S\u00e1nchez y  Orquesta y Rafelito Rom\u00e1n \u00a0con su  conjunto t\u00edpico.\u00a0 El encuentro sirvi\u00f3 para reafirmar la lealtad, la  alegr\u00eda, el compa\u00f1erismo y el entusiasmo que durante cuarenta a\u00f1os ha reinado  en Envases Antillanos.<\/p>\n<p>&#13;<\/p>\n<h6> 2009-01-13 16:33:47 <\/h6>\n<p><!--\n<link rel=\"stylesheet\" href=\"css\/bootstrap.min.css\">\n\n\n<ul class=\"pagination\">\n\t    \n\t\n\n<li >\n\t<a href='?page_no=20676'>Previous<\/a>\n\t<\/li>\n\n\n       \n    \n\n<li><a href='?page_no=1'>1<\/a><\/li>\n\n\n\n<li><a href='?page_no=2'>2<\/a><\/li>\n\n\n\n<li><a>...<\/a><\/li>\n\n\n\n<li><a href='?page_no=20675'>20675<\/a><\/li>\n\n\n\n<li><a href='?page_no=20676'>20676<\/a><\/li>\n\n\n\n<li class='active'><a>20677<\/a><\/li>\n\n\n\n<li><a href='?page_no=20678'>20678<\/a><\/li>\n\n\n\n<li><a href='?page_no=20679'>20679<\/a><\/li>\n\n\n\n<li><a>...<\/a><\/li>\n\n\n\n<li><a href='?page_no=22522'>22522<\/a><\/li>\n\n\n\n<li><a href='?page_no=22523'>22523<\/a><\/li>\n\n    \n\t\n\n<li >\n\t<a href='?page_no=20678'>Next<\/a>\n\t<\/li>\n\n\n    \n\n<li><a href='?page_no=22523'>Last &rsaquo;&rsaquo;<\/a><\/li>\n\n<\/ul>\n\n\n--><br \/>\n<\/body><\/p>\n","protected":false},"excerpt":{"rendered":"<p>ENVASES ANTILLANOS CELEBRA CUARENTA A\u00d1OS DE EXITOS&#13; &#13; Santiago.\u00a0 Envases Antillanos celebr\u00f3 un encuentro en el Centro Espa\u00f1ol, para festejar los cuarenta a\u00f1os de esa empresa dedicada a la confecci\u00f3n de latas. Establecida en esta ciudad desde 1969, lo cual marc\u00f3 un hecho trascendental en t\u00e9rminos econ\u00f3micos y de crecimiento para la ciudad de Santiago.&#13; [&hellip;]<\/p>\n","protected":false},"author":3,"featured_media":0,"comment_status":"open","ping_status":"open","sticky":false,"template":"","format":"standard","meta":{"footnotes":""},"categories":[25],"tags":[],"class_list":["post-92055","post","type-post","status-publish","format-standard","hentry","category-gente"],"_links":{"self":[{"href":"https:\/\/diariodominicano.com\/index.php?rest_route=\/wp\/v2\/posts\/92055","targetHints":{"allow":["GET"]}}],"collection":[{"href":"https:\/\/diariodominicano.com\/index.php?rest_route=\/wp\/v2\/posts"}],"about":[{"href":"https:\/\/diariodominicano.com\/index.php?rest_route=\/wp\/v2\/types\/post"}],"author":[{"embeddable":true,"href":"https:\/\/diariodominicano.com\/index.php?rest_route=\/wp\/v2\/users\/3"}],"replies":[{"embeddable":true,"href":"https:\/\/diariodominicano.com\/index.php?rest_route=%2Fwp%2Fv2%2Fcomments&post=92055"}],"version-history":[{"count":0,"href":"https:\/\/diariodominicano.com\/index.php?rest_route=\/wp\/v2\/posts\/92055\/revisions"}],"wp:attachment":[{"href":"https:\/\/diariodominicano.com\/index.php?rest_route=%2Fwp%2Fv2%2Fmedia&parent=92055"}],"wp:term":[{"taxonomy":"category","embeddable":true,"href":"https:\/\/diariodominicano.com\/index.php?rest_route=%2Fwp%2Fv2%2Fcategories&post=92055"},{"taxonomy":"post_tag","embeddable":true,"href":"https:\/\/diariodominicano.com\/index.php?rest_route=%2Fwp%2Fv2%2Ftags&post=92055"}],"curies":[{"name":"wp","href":"https:\/\/api.w.org\/{rel}","templated":true}]}}