{"id":92054,"date":"2009-01-13T20:58:51","date_gmt":"2009-01-13T20:58:51","guid":{"rendered":"http:\/\/diariodominicano.ddns.net\/?p=92054"},"modified":"2009-01-13T20:58:51","modified_gmt":"2009-01-13T20:58:51","slug":"celebran-sexta-edicion-un-estimulo-a-la-infancia","status":"publish","type":"post","link":"https:\/\/diariodominicano.com\/?p=92054","title":{"rendered":"Celebran sexta edici\u00f3n \u201cUn Est\u00edmulo a la Infancia\u201d"},"content":{"rendered":"<p><body><\/p>\n<p class=\"titulogrande1\"><strong>Celebran sexta edici\u00f3n \u201cUn  Est\u00edmulo a la Infancia\u201d<\/strong><\/p>\n<p>&#13;<\/p>\n<p><strong>M\u00e1s de 2 mil ni\u00f1os disfrutan  de espect\u00e1culo y reciben regalos<\/strong><\/p>\n<p>&#13;<\/p>\n<p align=\"justify\" class=\"text1noticias\"><strong><img loading=\"lazy\" decoding=\"async\" src=\"http:\/\/localhost:8080\/gente\/img\/ninez.jpg\" width=\"375\" height=\"287\" hspace=\"4\" align=\"left\" \/>Santo Domingo.-<\/strong> El empresario de la construcci\u00f3n y urbanista, ingeniero Kalil  Michel celebr\u00f3 ayer junto a una nutrida presencia de ni\u00f1os, ni\u00f1as y  adolescentes, la sexta edici\u00f3n de \u201cUn Est\u00edmulo a la Infancia\u201d en la escuela  Fidel Ferrer del ensanche La Fe.<br \/>&#13;<br \/>\n  <br \/>&#13;<br \/>\n  La actividad estuvo amenizada por el elenco del show  infantil \u201cLa Hora  de Ser Feliz\u201d, y donde se obsequiaron juguetes a m\u00e1s de 2 mil 500 ni\u00f1os del  Distrito Nacional y otros sectores empobrecidos de la zona norte de la  provincia de Santo Domingo.<br \/>&#13;<br \/>\n  <br \/>&#13;<br \/>\n  El empresario inmobiliario, demand\u00f3 de las autoridades  oficiales que manejan el tema de la ni\u00f1ez y la adolescencia, a que apliquen  pol\u00edticas p\u00fablicas que garanticen una verdadera estabilidad emocional y calidad  de vida a este importante segmento de la poblaci\u00f3n dominicana.<br \/>&#13;<br \/>\n  <br \/>&#13;<br \/>\n  Sostuvo, que la infancia ha sido impactada de manera  dram\u00e1tica ante el deterioro de los valores \u00e9ticos y morales que exhibe nuestra  sociedad, \u201cocasion\u00e1ndoles trastornos conductuales que podr\u00edan marcar su vida  por el resto de sus vidas\u201d.<br \/>&#13;<br \/>\n  <br \/>&#13;<br \/>\n  Durante el encuentro, Kalil Michel invit\u00f3 a los  dominicanos de buena voluntad, as\u00ed como a l\u00edderes de organizaciones  comunitarias, de la sociedad civil, denominaciones religiosas, partidos  pol\u00edticos, congresistas, padres o tutores, a ejercer la generosidad inculcada  por la fe cristiana y a hacer compromisos con la infancia del pa\u00eds, para  producir mejores dominicanos en el ma\u00f1ana.<br \/>&#13;<br \/>\n  <br \/>&#13;<br \/>\n  El profesional de la ingenier\u00eda, acad\u00e9mico y pol\u00edtico,  es una de las figuras m\u00e1s cercanas del ex candidato presidencial del PRD,  ingeniero Miguel Vargas y quien adem\u00e1s se proyecta como potencial candidato a  s\u00edndico del Distrito Nacional por esa organizaci\u00f3n pol\u00edtica en el torneo electoral  del 2010.<\/p>\n<p>&#13;<\/p>\n<h6> 2009-01-13 20:58:51 <\/h6>\n<p><!--\n<link rel=\"stylesheet\" href=\"css\/bootstrap.min.css\">\n\n\n<ul class=\"pagination\">\n\t    \n\t\n\n<li >\n\t<a href='?page_no=20675'>Previous<\/a>\n\t<\/li>\n\n\n       \n    \n\n<li><a href='?page_no=1'>1<\/a><\/li>\n\n\n\n<li><a href='?page_no=2'>2<\/a><\/li>\n\n\n\n<li><a>...<\/a><\/li>\n\n\n\n<li><a href='?page_no=20674'>20674<\/a><\/li>\n\n\n\n<li><a href='?page_no=20675'>20675<\/a><\/li>\n\n\n\n<li class='active'><a>20676<\/a><\/li>\n\n\n\n<li><a href='?page_no=20677'>20677<\/a><\/li>\n\n\n\n<li><a href='?page_no=20678'>20678<\/a><\/li>\n\n\n\n<li><a>...<\/a><\/li>\n\n\n\n<li><a href='?page_no=22522'>22522<\/a><\/li>\n\n\n\n<li><a href='?page_no=22523'>22523<\/a><\/li>\n\n    \n\t\n\n<li >\n\t<a href='?page_no=20677'>Next<\/a>\n\t<\/li>\n\n\n    \n\n<li><a href='?page_no=22523'>Last &rsaquo;&rsaquo;<\/a><\/li>\n\n<\/ul>\n\n\n--><br \/>\n<\/body><\/p>\n","protected":false},"excerpt":{"rendered":"<p>Celebran sexta edici\u00f3n \u201cUn Est\u00edmulo a la Infancia\u201d &#13; M\u00e1s de 2 mil ni\u00f1os disfrutan de espect\u00e1culo y reciben regalos &#13; Santo Domingo.- El empresario de la construcci\u00f3n y urbanista, ingeniero Kalil Michel celebr\u00f3 ayer junto a una nutrida presencia de ni\u00f1os, ni\u00f1as y adolescentes, la sexta edici\u00f3n de \u201cUn Est\u00edmulo a la Infancia\u201d en [&hellip;]<\/p>\n","protected":false},"author":3,"featured_media":0,"comment_status":"open","ping_status":"open","sticky":false,"template":"","format":"standard","meta":{"footnotes":""},"categories":[25],"tags":[],"class_list":["post-92054","post","type-post","status-publish","format-standard","hentry","category-gente"],"_links":{"self":[{"href":"https:\/\/diariodominicano.com\/index.php?rest_route=\/wp\/v2\/posts\/92054","targetHints":{"allow":["GET"]}}],"collection":[{"href":"https:\/\/diariodominicano.com\/index.php?rest_route=\/wp\/v2\/posts"}],"about":[{"href":"https:\/\/diariodominicano.com\/index.php?rest_route=\/wp\/v2\/types\/post"}],"author":[{"embeddable":true,"href":"https:\/\/diariodominicano.com\/index.php?rest_route=\/wp\/v2\/users\/3"}],"replies":[{"embeddable":true,"href":"https:\/\/diariodominicano.com\/index.php?rest_route=%2Fwp%2Fv2%2Fcomments&post=92054"}],"version-history":[{"count":0,"href":"https:\/\/diariodominicano.com\/index.php?rest_route=\/wp\/v2\/posts\/92054\/revisions"}],"wp:attachment":[{"href":"https:\/\/diariodominicano.com\/index.php?rest_route=%2Fwp%2Fv2%2Fmedia&parent=92054"}],"wp:term":[{"taxonomy":"category","embeddable":true,"href":"https:\/\/diariodominicano.com\/index.php?rest_route=%2Fwp%2Fv2%2Fcategories&post=92054"},{"taxonomy":"post_tag","embeddable":true,"href":"https:\/\/diariodominicano.com\/index.php?rest_route=%2Fwp%2Fv2%2Ftags&post=92054"}],"curies":[{"name":"wp","href":"https:\/\/api.w.org\/{rel}","templated":true}]}}