{"id":92053,"date":"2009-01-14T16:25:22","date_gmt":"2009-01-14T16:25:22","guid":{"rendered":"http:\/\/diariodominicano.ddns.net\/?p=92053"},"modified":"2009-01-14T16:25:22","modified_gmt":"2009-01-14T16:25:22","slug":"cuestion-de-peso-impulso-ley-de-obesidad-en-argentina","status":"publish","type":"post","link":"https:\/\/diariodominicano.com\/?p=92053","title":{"rendered":"Cuesti\u00f3n de Peso  impuls\u00f3 ley de obesidad en Argentina"},"content":{"rendered":"<p><body><\/p>\n<p class=\"titulogrande1\"><strong>Cuesti\u00f3n de Peso  \u00a0impuls\u00f3 ley de obesidad en Argentina<\/strong><\/p>\n<p>&#13;<\/p>\n<p><strong>E<u>l programa busca alertar al estado  dominicano sobre la amenaza del sobrepeso.<\/u><\/strong><\/p>\n<p>&#13;<\/p>\n<p align=\"justify\" class=\"text1noticias\"><strong><img loading=\"lazy\" decoding=\"async\" src=\"http:\/\/localhost:8080\/gente\/img\/miral do.jpg\" width=\"375\" height=\"565\" hspace=\"4\" align=\"left\" \/>Santo Domingo, Rep\u00fablica Dominicana.-<\/strong> El programa de televisi\u00f3n <strong>Cuesti\u00f3n de  Peso<\/strong>, que ser\u00e1 transmitido por Telesistema Canal 11 a partir del d\u00eda nueve  de febrero bajo la conducci\u00f3n de Miralba Ruiz y la producci\u00f3n de Endemol,  LatinPhonik y Producciones Yolanda Mart\u00ednez, impuls\u00f3 la ley de Obesidad, que en  la actualidad rige en Argentina.<\/p>\n<p>&#13;<\/p>\n<p align=\"justify\" class=\"text1noticias\">Dicha ley otorga entidad de enfermedad a la  obesidad y otros trastornos alimentarios como la bulimia y la anorexia, en un  pa\u00eds que tiene veinte millones de personas en sobrepeso o con des\u00f3rdenes  alimenticios.<\/p>\n<p>&#13;<\/p>\n<p align=\"justify\" class=\"text1noticias\">La ley aprobada en el congreso del pa\u00eds  suramericano, protege a quienes padecen esta enfermedad cr\u00f3nica, obligando al  estado y a los centros de salud a brindar tratamiento gratuito a las personas  obesas.<\/p>\n<p>&#13;<\/p>\n<p align=\"justify\" class=\"text1noticias\"> Seg\u00fan \u00e9sta, la cobertura abarca todos los  tratamientos necesarios, incluyendo los nutricionales, psicol\u00f3gicos, cl\u00ednicos,  quir\u00fargicos, farmacol\u00f3gicos y las pr\u00e1cticas para una atenci\u00f3n  multidisciplinaria e integral de esos trastornos que adquieren as\u00ed categor\u00eda de  enfermedad.<\/p>\n<p>&#13;<\/p>\n<p align=\"justify\" class=\"text1noticias\">Consecuentemente, la versi\u00f3n argentina del  programa <strong>Cuesti\u00f3n de Peso<\/strong> que condujo por tres temporadas seguidas  Andrea Politti, junto a un grupo de especialistas presididos por el Dr. Alberto  Cormillot fue declarado de inter\u00e9s Social por el valioso aporte dado a la  sociedad concientizando sobre la salud y la obesidad.<\/p>\n<p>&#13;<\/p>\n<p align=\"justify\" class=\"text1noticias\">\u00abEsto demuestra el cambio que un medio  de comunicaci\u00f3n puede impulsar cuando presenta soluciones reales a problemas  masivos\u00bb, expresa Yolanda Martinez, productora ejecutiva de la versi\u00f3n  dominicana de <strong>Cuesti\u00f3n de Peso<\/strong>.<\/p>\n<p>&#13;<\/p>\n<p align=\"justify\" class=\"text1noticias\">La producci\u00f3n espera impactar en la sociedad  dominicana, alertando sobre el peligro que representa una enfermedad que  amenaza con llevar a la obesidad al cincuenta por ciento de la poblaci\u00f3n  mundial.<\/p>\n<p>&#13;<\/p>\n<p align=\"justify\" class=\"text1noticias\">\u00abEsperamos que el estado dominicano se  de cuenta de la necesidad de impulsar leyes que eduquen a la poblaci\u00f3n\u00a0  sobre el tema, al tiempo de brindar ayuda a quienes ya padecen de sobrepeso con  asistencia m\u00e9dica eficiente y a bajo costo\u00bb, agrega Mart\u00ednez.<\/p>\n<p>&#13;<\/p>\n<p align=\"justify\" class=\"text1noticias\">Otro aspecto que pretende rese\u00f1ar el programa  es el da\u00f1o psicol\u00f3gico que sufren los obesos cuando son discriminados por su condici\u00f3n.<\/p>\n<p>&#13;<\/p>\n<p align=\"justify\" class=\"text1noticias\">\u00abEn esa direcci\u00f3n, se espera sembrar una  semilla de cambio\u00a0 que motive al gobierno a imponer sanciones contra  quienes discriminan a las personas en sobrepeso, neg\u00e1ndoles servicios y bienes  a los que tienen derecho como cualquier otro ciudadano\u00bb, explic\u00f3 Mart\u00ednez,  quien tambi\u00e9n es abogada.<\/p>\n<p>&#13;<\/p>\n<p align=\"justify\" class=\"text1noticias\">Pretendemos llamar la atenci\u00f3n del estado  dominicano, la sociedad y el mundo para que no seamos presa de una enfermedad  que cultiva un sinn\u00famero de patolog\u00edas y mengua la salud y calidad de vida de  quienes la padecen.<\/p>\n<p>&#13;<\/p>\n<h6> 2009-01-14 16:25:22 <\/h6>\n<p><!--\n<link rel=\"stylesheet\" href=\"css\/bootstrap.min.css\">\n\n\n<ul class=\"pagination\">\n\t    \n\t\n\n<li >\n\t<a href='?page_no=20674'>Previous<\/a>\n\t<\/li>\n\n\n       \n    \n\n<li><a href='?page_no=1'>1<\/a><\/li>\n\n\n\n<li><a href='?page_no=2'>2<\/a><\/li>\n\n\n\n<li><a>...<\/a><\/li>\n\n\n\n<li><a href='?page_no=20673'>20673<\/a><\/li>\n\n\n\n<li><a href='?page_no=20674'>20674<\/a><\/li>\n\n\n\n<li class='active'><a>20675<\/a><\/li>\n\n\n\n<li><a href='?page_no=20676'>20676<\/a><\/li>\n\n\n\n<li><a href='?page_no=20677'>20677<\/a><\/li>\n\n\n\n<li><a>...<\/a><\/li>\n\n\n\n<li><a href='?page_no=22522'>22522<\/a><\/li>\n\n\n\n<li><a href='?page_no=22523'>22523<\/a><\/li>\n\n    \n\t\n\n<li >\n\t<a href='?page_no=20676'>Next<\/a>\n\t<\/li>\n\n\n    \n\n<li><a href='?page_no=22523'>Last &rsaquo;&rsaquo;<\/a><\/li>\n\n<\/ul>\n\n\n--><br \/>\n<\/body><\/p>\n","protected":false},"excerpt":{"rendered":"<p>Cuesti\u00f3n de Peso \u00a0impuls\u00f3 ley de obesidad en Argentina &#13; El programa busca alertar al estado dominicano sobre la amenaza del sobrepeso. &#13; Santo Domingo, Rep\u00fablica Dominicana.- El programa de televisi\u00f3n Cuesti\u00f3n de Peso, que ser\u00e1 transmitido por Telesistema Canal 11 a partir del d\u00eda nueve de febrero bajo la conducci\u00f3n de Miralba Ruiz y [&hellip;]<\/p>\n","protected":false},"author":3,"featured_media":0,"comment_status":"open","ping_status":"open","sticky":false,"template":"","format":"standard","meta":{"footnotes":""},"categories":[25],"tags":[],"class_list":["post-92053","post","type-post","status-publish","format-standard","hentry","category-gente"],"_links":{"self":[{"href":"https:\/\/diariodominicano.com\/index.php?rest_route=\/wp\/v2\/posts\/92053","targetHints":{"allow":["GET"]}}],"collection":[{"href":"https:\/\/diariodominicano.com\/index.php?rest_route=\/wp\/v2\/posts"}],"about":[{"href":"https:\/\/diariodominicano.com\/index.php?rest_route=\/wp\/v2\/types\/post"}],"author":[{"embeddable":true,"href":"https:\/\/diariodominicano.com\/index.php?rest_route=\/wp\/v2\/users\/3"}],"replies":[{"embeddable":true,"href":"https:\/\/diariodominicano.com\/index.php?rest_route=%2Fwp%2Fv2%2Fcomments&post=92053"}],"version-history":[{"count":0,"href":"https:\/\/diariodominicano.com\/index.php?rest_route=\/wp\/v2\/posts\/92053\/revisions"}],"wp:attachment":[{"href":"https:\/\/diariodominicano.com\/index.php?rest_route=%2Fwp%2Fv2%2Fmedia&parent=92053"}],"wp:term":[{"taxonomy":"category","embeddable":true,"href":"https:\/\/diariodominicano.com\/index.php?rest_route=%2Fwp%2Fv2%2Fcategories&post=92053"},{"taxonomy":"post_tag","embeddable":true,"href":"https:\/\/diariodominicano.com\/index.php?rest_route=%2Fwp%2Fv2%2Ftags&post=92053"}],"curies":[{"name":"wp","href":"https:\/\/api.w.org\/{rel}","templated":true}]}}