{"id":92052,"date":"2009-01-14T19:19:42","date_gmt":"2009-01-14T19:19:42","guid":{"rendered":"http:\/\/diariodominicano.ddns.net\/?p=92052"},"modified":"2009-01-14T19:19:42","modified_gmt":"2009-01-14T19:19:42","slug":"el-sujeto-con-tema-a-duo-con-don-omar-suena-emisoras-puerto-rico-y-rd","status":"publish","type":"post","link":"https:\/\/diariodominicano.com\/?p=92052","title":{"rendered":"EL SUJETO con tema a d\u00fao con Don Omar Suena  emisoras Puerto Rico y RD"},"content":{"rendered":"<p><body><\/p>\n<p><span class=\"titulogrande1\"><strong>EL SUJETO con tema a d\u00fao  con Don Omar<\/strong> <strong>Suena \u00a0emisoras  Puerto Rico y RD<\/strong><\/span> <\/p>\n<p>&#13;<\/p>\n<p align=\"justify\" class=\"text1noticias\">El merenguero urbano El Sujeto,  con el corte titulado \u201cAmen\u201d, grabado a duo con el reguetonero boricua, Don  Omar, actualmente de las emisoras virtuales, dio un salto a las estaciones radiofonicas  tropicales, tanto dominicana como boricua, inform\u00f3 la oficina del exponente  urbano.<\/p>\n<p>&#13;<\/p>\n<p align=\"justify\" class=\"text1noticias\">Informaron que la estaci\u00f3n  radiofonica \u201cRegueton 94\u201d, en Puerto Rico, ha dado un respaldo positivo al  tema, que actualmente es \u201cn\u00famero uno en el publico que sigue el este ritmo  musical\u201d. <\/p>\n<p>&#13;<\/p>\n<p align=\"justify\" class=\"text1noticias\">Detallaron que el corte \u201cAmen\u201d,  surgi\u00f3 mientras El Sujeto y Don Omar, coincidieron en una presentaci\u00f3n en New  York, mientras asistian a una entrevista.<\/p>\n<p>&#13;<\/p>\n<p align=\"justify\" class=\"text1noticias\">\u201cDon Omar, a traves de DJ Lobo en  New York, dio seguimiento, hasta llegar a concretizar lo que es hoy el tema,  que suena con insistencia en las estaciones tropicales de Republica Dominicana  y Estados Unidos\u201d.<\/p>\n<p>&#13;<\/p>\n<p align=\"justify\" class=\"text1noticias\">La oficina indic\u00f3 que \u201cAmen\u201d, es \u00a0numero uno en las emisoras virtuales, tanto de  Santo Domingo y Estados Unidos.<\/p>\n<p>&#13;<\/p>\n<p align=\"justify\" class=\"text1noticias\">\u201cEs increible lo que \u00a0sucede con este tema, del merenguero mas  pegado del momento, en la Internet, que luego del repunte de la web, ha saltado  a\u00a0 las estaciones radiofonicas\u201d,  apuntaron.<\/p>\n<p>&#13;<\/p>\n<p align=\"justify\" class=\"text1noticias\"><strong>Gira Estados Unidos<\/strong><\/p>\n<p>&#13;<\/p>\n<p align=\"justify\" class=\"text1noticias\">Asimismo, informaron que este  a\u00f1o, El Sujeto, partir\u00e1 en el mes de marzo al continente europeo, especificamente  a Espa\u00f1a, donde agotar\u00e1\u00a0 una\u00a0 apretada agenda de presentaciones.<\/p>\n<p>&#13;<\/p>\n<p align=\"justify\" class=\"text1noticias\">Se\u00f1alaron que tambien\u00a0 visitar\u00e1 Estados Unidos, \u201cdonde tiene un buen  n\u00famero de seguidores, que se identifican con su estilo musical\u201d.<\/p>\n<p>&#13;<\/p>\n<p align=\"justify\" class=\"text1noticias\">Agregaron que El Sujeto, con  cortes como \u201cCon cotorra no\u201d, \u201cLola\u201d, \u201cLa Menor\u201d, entre otros, \u201cocupa los  principales espacios, dentro de la juventud\u201d. <\/p>\n<p>&#13;<\/p>\n<h6> 2009-01-14 19:19:42 <\/h6>\n<p><!--\n<link rel=\"stylesheet\" href=\"css\/bootstrap.min.css\">\n\n\n<ul class=\"pagination\">\n\t    \n\t\n\n<li >\n\t<a href='?page_no=20673'>Previous<\/a>\n\t<\/li>\n\n\n       \n    \n\n<li><a href='?page_no=1'>1<\/a><\/li>\n\n\n\n<li><a href='?page_no=2'>2<\/a><\/li>\n\n\n\n<li><a>...<\/a><\/li>\n\n\n\n<li><a href='?page_no=20672'>20672<\/a><\/li>\n\n\n\n<li><a href='?page_no=20673'>20673<\/a><\/li>\n\n\n\n<li class='active'><a>20674<\/a><\/li>\n\n\n\n<li><a href='?page_no=20675'>20675<\/a><\/li>\n\n\n\n<li><a href='?page_no=20676'>20676<\/a><\/li>\n\n\n\n<li><a>...<\/a><\/li>\n\n\n\n<li><a href='?page_no=22522'>22522<\/a><\/li>\n\n\n\n<li><a href='?page_no=22523'>22523<\/a><\/li>\n\n    \n\t\n\n<li >\n\t<a href='?page_no=20675'>Next<\/a>\n\t<\/li>\n\n\n    \n\n<li><a href='?page_no=22523'>Last &rsaquo;&rsaquo;<\/a><\/li>\n\n<\/ul>\n\n\n--><br \/>\n<\/body><\/p>\n","protected":false},"excerpt":{"rendered":"<p>EL SUJETO con tema a d\u00fao con Don Omar Suena \u00a0emisoras Puerto Rico y RD &#13; El merenguero urbano El Sujeto, con el corte titulado \u201cAmen\u201d, grabado a duo con el reguetonero boricua, Don Omar, actualmente de las emisoras virtuales, dio un salto a las estaciones radiofonicas tropicales, tanto dominicana como boricua, inform\u00f3 la oficina [&hellip;]<\/p>\n","protected":false},"author":3,"featured_media":0,"comment_status":"open","ping_status":"open","sticky":false,"template":"","format":"standard","meta":{"footnotes":""},"categories":[25],"tags":[],"class_list":["post-92052","post","type-post","status-publish","format-standard","hentry","category-gente"],"_links":{"self":[{"href":"https:\/\/diariodominicano.com\/index.php?rest_route=\/wp\/v2\/posts\/92052","targetHints":{"allow":["GET"]}}],"collection":[{"href":"https:\/\/diariodominicano.com\/index.php?rest_route=\/wp\/v2\/posts"}],"about":[{"href":"https:\/\/diariodominicano.com\/index.php?rest_route=\/wp\/v2\/types\/post"}],"author":[{"embeddable":true,"href":"https:\/\/diariodominicano.com\/index.php?rest_route=\/wp\/v2\/users\/3"}],"replies":[{"embeddable":true,"href":"https:\/\/diariodominicano.com\/index.php?rest_route=%2Fwp%2Fv2%2Fcomments&post=92052"}],"version-history":[{"count":0,"href":"https:\/\/diariodominicano.com\/index.php?rest_route=\/wp\/v2\/posts\/92052\/revisions"}],"wp:attachment":[{"href":"https:\/\/diariodominicano.com\/index.php?rest_route=%2Fwp%2Fv2%2Fmedia&parent=92052"}],"wp:term":[{"taxonomy":"category","embeddable":true,"href":"https:\/\/diariodominicano.com\/index.php?rest_route=%2Fwp%2Fv2%2Fcategories&post=92052"},{"taxonomy":"post_tag","embeddable":true,"href":"https:\/\/diariodominicano.com\/index.php?rest_route=%2Fwp%2Fv2%2Ftags&post=92052"}],"curies":[{"name":"wp","href":"https:\/\/api.w.org\/{rel}","templated":true}]}}