{"id":92049,"date":"2009-01-15T18:08:19","date_gmt":"2009-01-15T18:08:19","guid":{"rendered":"http:\/\/diariodominicano.ddns.net\/?p=92049"},"modified":"2009-01-15T18:08:19","modified_gmt":"2009-01-15T18:08:19","slug":"inmobiliaria-e-inversiones-anabelle-e-inmobiliaria-casa-bella-inauguran-plaza-anabelle-en-el-sector-de-herrera","status":"publish","type":"post","link":"https:\/\/diariodominicano.com\/?p=92049","title":{"rendered":"Inmobiliaria e Inversiones Anabelle e Inmobiliaria Casa Bella Inauguran Plaza Anabelle en el sector de Herrera"},"content":{"rendered":"<p><body><\/p>\n<p><strong><em><u>38 locales comerciales para alojar negocios  de diferentes dimensiones<\/u><\/em><\/strong><\/p>\n<p>&#13;<\/p>\n<p align=\"justify\" class=\"titulogrande1\"><strong>Inmobiliaria  e Inversiones Anabelle e Inmobiliaria Casa Bella Inauguran  Plaza Anabelle en el sector de Herrera<\/strong> <\/p>\n<p>&#13;<\/p>\n<p><strong><em><u>El proyecto  inmobiliario dinamizar\u00e1 la econom\u00eda de esta importante zona de Santo Domingo  Oeste <\/u><\/em><\/strong><\/p>\n<p>&#13;<\/p>\n<p align=\"justify\" class=\"text1noticias\"><img loading=\"lazy\" decoding=\"async\" src=\"http:\/\/localhost:8080\/gente\/img\/anab.jpg\" width=\"375\" height=\"189\" hspace=\"4\" align=\"left\" \/>Inmobiliaria  Anabelle e Inmobiliaria Casa Bella inauguraron en el sector de Herrera un una  moderna plaza comercial\u00a0 con capacidad  para 38 locales de negocios de diferentes dimensiones .<\/p>\n<p>&#13;<\/p>\n<p align=\"justify\" class=\"text1noticias\">El ingeniero Francis Mateo Ram\u00edrez, presidente de la empresa  inmobiliaria, durante el discurso pronunciado en la\u00a0 inauguraci\u00f3n de la construcci\u00f3n manifest\u00f3 que  esta inversi\u00f3n viene a robustecer la din\u00e1mica comercial que existe en la zona  supliendo una infraestructura de primera calidad en cuanto a su dise\u00f1o,  distribuci\u00f3n y los materiales utilizados en su edificaci\u00f3n.<\/p>\n<p>&#13;<\/p>\n<p align=\"justify\" class=\"text1noticias\">\u201cPlaza Anabelle ha sido  edificada con la finalidad de acoger diferentes tipos de negocios, dando  respuesta a las necesidades de infraestructura que puedan tener peque\u00f1os,  medianos y grandes empresarios que quieran desarrollar sus negocios en esta  zona de la ciudad, caracterizada por su densidad poblacional y por constituir  una importante arteria\u00a0 comercial\u201d,  manifest\u00f3 el empresario.<\/p>\n<p>&#13;<\/p>\n<p align=\"justify\" class=\"text1noticias\">El proyecto  est\u00e1 desarrollado en cuatro niveles, tres comerciales y uno con zonas de  descanso y \u00e1reas administrativas. La plaza est\u00e1 construida en un \u00e1rea de 4,656 metros cuadrados,\u00a0 de los cuales 3.037.64 est\u00e1n destinados a  locales comerciales y 1,618.41 al \u00e1rea com\u00fan, esta \u00faltima distribuida en \u00a0terrazas, bares, restaurantes, pizzer\u00edas y  otros negocios.<br \/>&#13;<br \/>\n  <br \/>&#13;<br \/>\n  La nueva construcci\u00f3n tiene 38 locales comerciales de dimensiones diferentes,  entre 38 y 400   metros cuadrados permitiendo alojar diferentes tipos de  negocios.<\/p>\n<p>&#13;<\/p>\n<p align=\"justify\" class=\"text1noticias\">En su  terminaci\u00f3n se\u00a0 utilizaron elementos  especiales para infraestructuras de alto tr\u00e1fico como son los pisos de  porcelanato y los pisos de cer\u00e1mica de exteriores las \u00e1reas comunes y terrazas,  esto garantiza la durabilidad de estos materiales a pesar de su frecuente  uso.\u00a0 Asimismo, los equipos de  fontaner\u00eda, grifer\u00edas y accesorios el\u00e9ctricos utilizados en la construcci\u00f3n son  importados. <\/p>\n<p>&#13;<\/p>\n<p align=\"justify\" class=\"text1noticias\">Los cristales  utilizados en la plaza son laminados de media pulgada sobre molduras de  aluminio\u00a0 garantizando la\u00a0 m\u00e1xima seguridad de los\u00a0 locales. <br \/>&#13;<br \/>\n  <br \/>&#13;<br \/>\n  El proyecto ofrece comodidades de estacionamiento de hormig\u00f3n estampado con  dise\u00f1o vanguardista, 8 ba\u00f1os comunes, 6 ba\u00f1os de interiores exclusivos para  algunos locales, tambi\u00e9n corredores de distribuci\u00f3n peatonal en cada nivel,  planta el\u00e9ctrica de 190 KVA, m\u00f3dulo de transferencia automatizado, cisterna  para 60 mil galones, pozo de agua, pre-instalaci\u00f3n de acondicionadores de aires  para cada local, as\u00ed como servicio de mantenimiento y caseta para seguridad.<br \/>&#13;<br \/>\n  <br \/>&#13;<br \/>\n  La plaza que tiene acceso a importantes sectores residenciales, es un proyecto  comercial de moderno dise\u00f1o arquitect\u00f3nico, localizado en la Avenida Las Palmas  esquina calle Primera del sector de Herrera en Santo Domingo Oeste. <\/p>\n<p>&#13;<\/p>\n<p class=\"text1noticias\">Su  construcci\u00f3n fue iniciada en\u00a0 julio del  2007 y finalizada en diciembre del 2008, para un periodo de ejecuci\u00f3n de 17  meses.<\/p>\n<p>&#13;<\/p>\n<p align=\"justify\" class=\"text1noticias\">Otras obras de  Inmobiliaria Casa Bella son: Plaza Herrera, Plaza Am\u00edn Abel, Torre Casa Bella,  Torre Am\u00e9rica I, Torre Am\u00e9rica II y Torre Am\u00e9rica III. <\/p>\n<p>&#13;<\/p>\n<p class=\"text1noticias\"><strong>Sobre Inmobiliaria Casa Bella:<\/strong><\/p>\n<p>&#13;<\/p>\n<p align=\"justify\" class=\"text1noticias\">La belleza, modernidad, practicidad y exclusividad de sus dise\u00f1os  han sido las principales caracter\u00edsticas que identifican las construcciones  realizadas por Casa Bella\u00a0 por m\u00e1s de  diez a\u00f1os.<\/p>\n<p>&#13;<\/p>\n<p align=\"justify\" class=\"text1noticias\">Fundada en 1998, Inmobiliaria Casa Bella pone a\u00a0 disposici\u00f3n de sus clientes un equipo de  profesionales\u00a0 comprometidos, dispuestos  a superar las expectativas de sus clientes y convertirse en sus principales  aliados para la consecuci\u00f3n de los objetivos de sus negocios.<br \/>&#13;<br \/>\n  <br \/>&#13;<br \/>\n  En Inmobiliaria Casa Bella se dedican a la  construcci\u00f3n de proyectos residenciales, tur\u00edsticos y comerciales en la Rep\u00fablica Dominicana.<strong>\/\/\/<\/strong><\/p>\n<p>&#13;<\/p>\n<h6> 2009-01-15 18:08:19 <\/h6>\n<p><!--\n<link rel=\"stylesheet\" href=\"css\/bootstrap.min.css\">\n\n\n<ul class=\"pagination\">\n\t    \n\t\n\n<li >\n\t<a href='?page_no=20670'>Previous<\/a>\n\t<\/li>\n\n\n       \n    \n\n<li><a href='?page_no=1'>1<\/a><\/li>\n\n\n\n<li><a href='?page_no=2'>2<\/a><\/li>\n\n\n\n<li><a>...<\/a><\/li>\n\n\n\n<li><a href='?page_no=20669'>20669<\/a><\/li>\n\n\n\n<li><a href='?page_no=20670'>20670<\/a><\/li>\n\n\n\n<li class='active'><a>20671<\/a><\/li>\n\n\n\n<li><a href='?page_no=20672'>20672<\/a><\/li>\n\n\n\n<li><a href='?page_no=20673'>20673<\/a><\/li>\n\n\n\n<li><a>...<\/a><\/li>\n\n\n\n<li><a href='?page_no=22522'>22522<\/a><\/li>\n\n\n\n<li><a href='?page_no=22523'>22523<\/a><\/li>\n\n    \n\t\n\n<li >\n\t<a href='?page_no=20672'>Next<\/a>\n\t<\/li>\n\n\n    \n\n<li><a href='?page_no=22523'>Last &rsaquo;&rsaquo;<\/a><\/li>\n\n<\/ul>\n\n\n--><br \/>\n<\/body><\/p>\n","protected":false},"excerpt":{"rendered":"<p>38 locales comerciales para alojar negocios de diferentes dimensiones &#13; Inmobiliaria e Inversiones Anabelle e Inmobiliaria Casa Bella Inauguran Plaza Anabelle en el sector de Herrera &#13; El proyecto inmobiliario dinamizar\u00e1 la econom\u00eda de esta importante zona de Santo Domingo Oeste &#13; Inmobiliaria Anabelle e Inmobiliaria Casa Bella inauguraron en el sector de Herrera un [&hellip;]<\/p>\n","protected":false},"author":3,"featured_media":0,"comment_status":"open","ping_status":"open","sticky":false,"template":"","format":"standard","meta":{"footnotes":""},"categories":[25],"tags":[],"class_list":["post-92049","post","type-post","status-publish","format-standard","hentry","category-gente"],"_links":{"self":[{"href":"https:\/\/diariodominicano.com\/index.php?rest_route=\/wp\/v2\/posts\/92049","targetHints":{"allow":["GET"]}}],"collection":[{"href":"https:\/\/diariodominicano.com\/index.php?rest_route=\/wp\/v2\/posts"}],"about":[{"href":"https:\/\/diariodominicano.com\/index.php?rest_route=\/wp\/v2\/types\/post"}],"author":[{"embeddable":true,"href":"https:\/\/diariodominicano.com\/index.php?rest_route=\/wp\/v2\/users\/3"}],"replies":[{"embeddable":true,"href":"https:\/\/diariodominicano.com\/index.php?rest_route=%2Fwp%2Fv2%2Fcomments&post=92049"}],"version-history":[{"count":0,"href":"https:\/\/diariodominicano.com\/index.php?rest_route=\/wp\/v2\/posts\/92049\/revisions"}],"wp:attachment":[{"href":"https:\/\/diariodominicano.com\/index.php?rest_route=%2Fwp%2Fv2%2Fmedia&parent=92049"}],"wp:term":[{"taxonomy":"category","embeddable":true,"href":"https:\/\/diariodominicano.com\/index.php?rest_route=%2Fwp%2Fv2%2Fcategories&post=92049"},{"taxonomy":"post_tag","embeddable":true,"href":"https:\/\/diariodominicano.com\/index.php?rest_route=%2Fwp%2Fv2%2Ftags&post=92049"}],"curies":[{"name":"wp","href":"https:\/\/api.w.org\/{rel}","templated":true}]}}