{"id":92048,"date":"2009-01-15T19:06:53","date_gmt":"2009-01-15T19:06:53","guid":{"rendered":"http:\/\/diariodominicano.ddns.net\/?p=92048"},"modified":"2009-01-15T19:06:53","modified_gmt":"2009-01-15T19:06:53","slug":"amaia-montero-vuelve-al-1-con-su-primer-album-en-solitario","status":"publish","type":"post","link":"https:\/\/diariodominicano.com\/?p=92048","title":{"rendered":"Amaia Montero vuelve al #1 con su primer \u00e1lbum en solitario"},"content":{"rendered":"<p><body><\/p>\n<p class=\"titulogrande1\">Amaia Montero vuelve al #1 con su primer \u00e1lbum en solitario<\/p>\n<p>&#13;<\/p>\n<p align=\"justify\" class=\"text1noticias\"><img loading=\"lazy\" decoding=\"async\" src=\"http:\/\/localhost:8080\/gente\/img\/amais.jpg\" width=\"375\" height=\"375\" hspace=\"4\" align=\"left\" \/>Miami, FL, 15 de enero del 2009.- <a href=\"http:\/\/www.amaiaweb.es\/\"><strong>Amaia  Montero<\/strong><\/a> ha vuelto al <strong>#<\/strong>1  de la lista de los \u00e1lbumes m\u00e1s vendidos en Espa\u00f1a con su primer \u00e1lbum en  solitario. El disco, titulado Amaia Montero, se public\u00f3 el pasado 18 de  noviembre y entr\u00f3 directamente al <strong>#<\/strong>1.<br \/>&#13;<br \/>\n  <br \/>&#13;<br \/>\n  Tras permanecer varias semanas entre los tres primeros de esta  lista, hoy vuelve a recuperar el n\u00famero 1 y est\u00e1 a punto de conseguir el doble  disco de platino.<br \/>&#13;<br \/>\n  <br \/>&#13;<br \/>\n  En las listas de descargas de canciones y tonos originales,  tambi\u00e9n ha alcanzado el platino con la canci\u00f3n \u201c<a href=\"http:\/\/www.ffmediacorp.com\/ecards\/353\/\"><strong>Quiero  ser<\/strong><\/a>\u201d, que adem\u00e1s ha roto todos los r\u00e9cords de permanencia en el  primer lugar en las listas de radio (13 semanas), televisi\u00f3n y v\u00eddeo. Un debut  de \u00e9xito contundente (en la primera semana consigui\u00f3 tres n\u00famero 1 en las  listas de \u00e1lbumes, de radio y de televisi\u00f3n) que Amaia Montero quiere trasladar  a Am\u00e9rica, adonde viajar\u00e1 del 25 de enero al 15 de febrero para apoyar el  lanzamiento de su \u00e1lbum en Estados Unidos y M\u00e9xico.<br \/>&#13;<br \/>\n  <br \/>&#13;<br \/>\n  El \u00e1lbum Amaia Montero se public\u00f3 en Espa\u00f1a el pasado 18 de  noviembre, justo un a\u00f1o despu\u00e9s de anunciar su marcha de La Oreja de Van Gogh.  Desde entonces, la cantante y compositora se lanz\u00f3 a una aventura en la que ha  estado inmersa 12 intensos y dif\u00edciles meses en un trabajo de composici\u00f3n,  producci\u00f3n y grabaci\u00f3n hasta llegar al disco que marca su debut como solista y  que aparece tras diez a\u00f1os de \u00e9xitos ininterrumpidos con <strong>La Oreja de Van Gogh<\/strong>.<br \/>&#13;<br \/>\n  <br \/>&#13;<br \/>\n  Amaia Montero se ha involucrado enteramente en su primer \u00e1lbum,  desde la composici\u00f3n de todas las canciones hasta la elaboraci\u00f3n de las  primeras maquetas y la supervisi\u00f3n de todo el proceso de grabaci\u00f3n y mezclas.  Producido por <strong>Claudio Guidetti<\/strong> y  compuesto, producido, grabado y mezclado en Ir\u00fan, Madrid, G\u00e9nova, Mil\u00e1n y Los  \u00c1ngeles, el \u00e1lbum Amaia Montero recupera hoy el n\u00ba1 en la lista de los m\u00e1s  vendidos en Espa\u00f1a mientras prepara su desembarco en Am\u00e9rica con la vocaci\u00f3n de  extender el \u00e9xito.<\/p>\n<p>&#13;<\/p>\n<h6> 2009-01-15 19:06:53 <\/h6>\n<p><!--\n<link rel=\"stylesheet\" href=\"css\/bootstrap.min.css\">\n\n\n<ul class=\"pagination\">\n\t    \n\t\n\n<li >\n\t<a href='?page_no=20669'>Previous<\/a>\n\t<\/li>\n\n\n       \n    \n\n<li><a href='?page_no=1'>1<\/a><\/li>\n\n\n\n<li><a href='?page_no=2'>2<\/a><\/li>\n\n\n\n<li><a>...<\/a><\/li>\n\n\n\n<li><a href='?page_no=20668'>20668<\/a><\/li>\n\n\n\n<li><a href='?page_no=20669'>20669<\/a><\/li>\n\n\n\n<li class='active'><a>20670<\/a><\/li>\n\n\n\n<li><a href='?page_no=20671'>20671<\/a><\/li>\n\n\n\n<li><a href='?page_no=20672'>20672<\/a><\/li>\n\n\n\n<li><a>...<\/a><\/li>\n\n\n\n<li><a href='?page_no=22522'>22522<\/a><\/li>\n\n\n\n<li><a href='?page_no=22523'>22523<\/a><\/li>\n\n    \n\t\n\n<li >\n\t<a href='?page_no=20671'>Next<\/a>\n\t<\/li>\n\n\n    \n\n<li><a href='?page_no=22523'>Last &rsaquo;&rsaquo;<\/a><\/li>\n\n<\/ul>\n\n\n--><br \/>\n<\/body><\/p>\n","protected":false},"excerpt":{"rendered":"<p>Amaia Montero vuelve al #1 con su primer \u00e1lbum en solitario &#13; Miami, FL, 15 de enero del 2009.- Amaia Montero ha vuelto al #1 de la lista de los \u00e1lbumes m\u00e1s vendidos en Espa\u00f1a con su primer \u00e1lbum en solitario. El disco, titulado Amaia Montero, se public\u00f3 el pasado 18 de noviembre y entr\u00f3 [&hellip;]<\/p>\n","protected":false},"author":3,"featured_media":0,"comment_status":"open","ping_status":"open","sticky":false,"template":"","format":"standard","meta":{"footnotes":""},"categories":[25],"tags":[],"class_list":["post-92048","post","type-post","status-publish","format-standard","hentry","category-gente"],"_links":{"self":[{"href":"https:\/\/diariodominicano.com\/index.php?rest_route=\/wp\/v2\/posts\/92048","targetHints":{"allow":["GET"]}}],"collection":[{"href":"https:\/\/diariodominicano.com\/index.php?rest_route=\/wp\/v2\/posts"}],"about":[{"href":"https:\/\/diariodominicano.com\/index.php?rest_route=\/wp\/v2\/types\/post"}],"author":[{"embeddable":true,"href":"https:\/\/diariodominicano.com\/index.php?rest_route=\/wp\/v2\/users\/3"}],"replies":[{"embeddable":true,"href":"https:\/\/diariodominicano.com\/index.php?rest_route=%2Fwp%2Fv2%2Fcomments&post=92048"}],"version-history":[{"count":0,"href":"https:\/\/diariodominicano.com\/index.php?rest_route=\/wp\/v2\/posts\/92048\/revisions"}],"wp:attachment":[{"href":"https:\/\/diariodominicano.com\/index.php?rest_route=%2Fwp%2Fv2%2Fmedia&parent=92048"}],"wp:term":[{"taxonomy":"category","embeddable":true,"href":"https:\/\/diariodominicano.com\/index.php?rest_route=%2Fwp%2Fv2%2Fcategories&post=92048"},{"taxonomy":"post_tag","embeddable":true,"href":"https:\/\/diariodominicano.com\/index.php?rest_route=%2Fwp%2Fv2%2Ftags&post=92048"}],"curies":[{"name":"wp","href":"https:\/\/api.w.org\/{rel}","templated":true}]}}