{"id":92047,"date":"2009-01-15T22:12:07","date_gmt":"2009-01-15T22:12:07","guid":{"rendered":"http:\/\/diariodominicano.ddns.net\/?p=92047"},"modified":"2009-01-15T22:12:07","modified_gmt":"2009-01-15T22:12:07","slug":"sej-celebra-grandes-actividades-en-todo-el-pais-para-el-premio-nacional-de-la-juventud","status":"publish","type":"post","link":"https:\/\/diariodominicano.com\/?p=92047","title":{"rendered":"SEJ celebra grandes actividades  en todo el pa\u00eds  Para el Premio Nacional de la Juventud."},"content":{"rendered":"<p><body><\/p>\n<p align=\"justify\" class=\"titulogrande1\"><strong>SEJ  celebra grandes actividades\u00a0 en todo el  pa\u00eds <\/strong>\u00a0<strong>Para el Premio  Nacional de la Juventud.<\/strong><\/p>\n<p>&#13;<\/p>\n<p align=\"justify\"><img loading=\"lazy\" decoding=\"async\" src=\"http:\/\/localhost:8080\/gente\/img\/seje.jpg\" width=\"375\" height=\"253\" hspace=\"4\" align=\"left\" \/><span class=\"text1noticias\">La Secretar\u00eda de Estado de la  Juventud (SEJ), entreg\u00f3 el pasado s\u00e1bado los premios a los preseleccionados de  las 14 provincias del Cibao al Premio Nacional de la Juventud, teniendo por  escenario la Sala Restauraci\u00f3n del Gran Teatro de Santiago.<\/span><\/p>\n<p>&#13;<\/p>\n<p align=\"justify\" class=\"text1noticias\"> La entrega a los ganadores, estuvo a cargo del titular de la  SEJ, licenciado Franklin Rodr\u00edguez, el director del Premio, Elic Fern\u00e1ndez\u00a0 y su responsable para la regi\u00f3n del cibao  Otto V\u00e1squez, estos \u00faltimos sub secretario de la entidad.<\/p>\n<p>&#13;<\/p>\n<p align=\"justify\" class=\"text1noticias\"> Adem\u00e1s de los directores provinciales del premio a la  concurrencia asistieron los senadores Francisco Dom\u00ednguez Brito, de Santiago;  Euclides S\u00e1nchez, de La Vega, Antonio Cruz, de Santiago Rodr\u00edguez, respaldando  las y los j\u00f3venes de la zona que se destacaron en los respectivos galardones.<\/p>\n<p>&#13;<\/p>\n<p align=\"justify\" class=\"text1noticias\"> El Premio Nacional de la juventud se celebrar\u00e1 todos los 31  de Enero, en ocasi\u00f3n del D\u00eda de San Juan Bosco.<\/p>\n<p>&#13;<\/p>\n<p align=\"justify\" class=\"text1noticias\"> La pr\u00f3xima premiaci\u00f3n de las provincias de la Regi\u00f3n del  Este, se celebrar\u00e1 este vienes en el Hotel Howard Jonson, de San Pedro de  Macor\u00eds, a las 7:00 de la noche.<\/p>\n<p>&#13;<\/p>\n<p align=\"justify\" class=\"text1noticias\"> Los preseleccionados, son de las provincias de San Pedro de  Macor\u00eds, La Romana, Hato Mayor, El Seibo e Hig\u00fcey, quienes tambi\u00e9n recibir\u00e1n  certificados de reconocimiento en presencia de autoridades provinciales,  legisladores y otras personalidades.<\/p>\n<p>&#13;<\/p>\n<p align=\"justify\" class=\"text1noticias\">\u00a0<br \/>&#13;<br \/>\nLas actividades  continuar\u00e1n el domingo en la provincia Santo Domingo y el Distrito Nacional,  Monte Plata y San Crist\u00f3bal cuya sede ser\u00e1 la Biblioteca Pedro Mir, de la  Universidad Aut\u00f3noma de Santo Domingo (UASD).<\/p>\n<p>&#13;<\/p>\n<p align=\"justify\" class=\"text1noticias\"> Asimismo, la \u00faltima preselecci\u00f3n de j\u00f3venes\u00a0 ser\u00e1 en la\u00a0  Regi\u00f3n Sur, el viernes 23, en la ciudad de Azua, como centro as\u00ed como  las provincias Peravia,\u00a0 Barahona, Bahoruco,  Pedernales, Independencia, El\u00edas Pi\u00f1a y San Juan de la Maguana. <\/p>\n<p>&#13;<\/p>\n<p align=\"justify\" class=\"text1noticias\"> En todas estas actividades han sido invitados los  funcionarios provinciales, legisladores, s\u00edndicos, regidores, as\u00ed como los  representativos de las distintas actividades econ\u00f3micas y sociales de las  provincias mencionadas.<\/p>\n<p>&#13;<\/p>\n<p align=\"justify\" class=\"text1noticias\">La secretaria de estado a  trav\u00e9s de un despacho inform\u00f3 que se trabaja arduamente para el montaje del  Premio Nacional de la Juventud del pr\u00f3ximo 31 de enero el cual\u00a0 contar\u00e1 con figuras importantes de la  Republica Dominicana, adem\u00e1s de los familiares de los galardonados.<\/p>\n<p>&#13;<\/p>\n<p align=\"justify\" class=\"text1noticias\">El despacho period\u00edstico  informa que en el evento central del \u00faltimo d\u00eda de enero contar\u00e1 con una gama  de artistas especiales, para amenizar la premiaci\u00f3n que da cumplimiento a\u00a0 la ley 20-93, que crea el Premio y el d\u00eda  Nacional de la Juventud <\/p>\n<p>&#13;<\/p>\n<h6> 2009-01-15 22:12:07 <\/h6>\n<p><!--\n<link rel=\"stylesheet\" href=\"css\/bootstrap.min.css\">\n\n\n<ul class=\"pagination\">\n\t    \n\t\n\n<li >\n\t<a href='?page_no=20668'>Previous<\/a>\n\t<\/li>\n\n\n       \n    \n\n<li><a href='?page_no=1'>1<\/a><\/li>\n\n\n\n<li><a href='?page_no=2'>2<\/a><\/li>\n\n\n\n<li><a>...<\/a><\/li>\n\n\n\n<li><a href='?page_no=20667'>20667<\/a><\/li>\n\n\n\n<li><a href='?page_no=20668'>20668<\/a><\/li>\n\n\n\n<li class='active'><a>20669<\/a><\/li>\n\n\n\n<li><a href='?page_no=20670'>20670<\/a><\/li>\n\n\n\n<li><a href='?page_no=20671'>20671<\/a><\/li>\n\n\n\n<li><a>...<\/a><\/li>\n\n\n\n<li><a href='?page_no=22522'>22522<\/a><\/li>\n\n\n\n<li><a href='?page_no=22523'>22523<\/a><\/li>\n\n    \n\t\n\n<li >\n\t<a href='?page_no=20670'>Next<\/a>\n\t<\/li>\n\n\n    \n\n<li><a href='?page_no=22523'>Last &rsaquo;&rsaquo;<\/a><\/li>\n\n<\/ul>\n\n\n--><br \/>\n<\/body><\/p>\n","protected":false},"excerpt":{"rendered":"<p>SEJ celebra grandes actividades\u00a0 en todo el pa\u00eds \u00a0Para el Premio Nacional de la Juventud. &#13; La Secretar\u00eda de Estado de la Juventud (SEJ), entreg\u00f3 el pasado s\u00e1bado los premios a los preseleccionados de las 14 provincias del Cibao al Premio Nacional de la Juventud, teniendo por escenario la Sala Restauraci\u00f3n del Gran Teatro de [&hellip;]<\/p>\n","protected":false},"author":3,"featured_media":0,"comment_status":"open","ping_status":"open","sticky":false,"template":"","format":"standard","meta":{"footnotes":""},"categories":[25],"tags":[],"class_list":["post-92047","post","type-post","status-publish","format-standard","hentry","category-gente"],"_links":{"self":[{"href":"https:\/\/diariodominicano.com\/index.php?rest_route=\/wp\/v2\/posts\/92047","targetHints":{"allow":["GET"]}}],"collection":[{"href":"https:\/\/diariodominicano.com\/index.php?rest_route=\/wp\/v2\/posts"}],"about":[{"href":"https:\/\/diariodominicano.com\/index.php?rest_route=\/wp\/v2\/types\/post"}],"author":[{"embeddable":true,"href":"https:\/\/diariodominicano.com\/index.php?rest_route=\/wp\/v2\/users\/3"}],"replies":[{"embeddable":true,"href":"https:\/\/diariodominicano.com\/index.php?rest_route=%2Fwp%2Fv2%2Fcomments&post=92047"}],"version-history":[{"count":0,"href":"https:\/\/diariodominicano.com\/index.php?rest_route=\/wp\/v2\/posts\/92047\/revisions"}],"wp:attachment":[{"href":"https:\/\/diariodominicano.com\/index.php?rest_route=%2Fwp%2Fv2%2Fmedia&parent=92047"}],"wp:term":[{"taxonomy":"category","embeddable":true,"href":"https:\/\/diariodominicano.com\/index.php?rest_route=%2Fwp%2Fv2%2Fcategories&post=92047"},{"taxonomy":"post_tag","embeddable":true,"href":"https:\/\/diariodominicano.com\/index.php?rest_route=%2Fwp%2Fv2%2Ftags&post=92047"}],"curies":[{"name":"wp","href":"https:\/\/api.w.org\/{rel}","templated":true}]}}