{"id":92046,"date":"2009-01-16T13:46:17","date_gmt":"2009-01-16T13:46:17","guid":{"rendered":"http:\/\/diariodominicano.ddns.net\/?p=92046"},"modified":"2009-01-16T13:46:17","modified_gmt":"2009-01-16T13:46:17","slug":"rubby-perez-empieza-el-ano-en-merengue-y-salsa","status":"publish","type":"post","link":"https:\/\/diariodominicano.com\/?p=92046","title":{"rendered":"Rubby P\u00e9rez empieza el a\u00f1o en merengue y salsa"},"content":{"rendered":"<p><body><\/p>\n<p align=\"center\" class=\"titulogrande1\"><strong>Rubby  P\u00e9rez empieza el a\u00f1o en merengue y salsa<\/strong><\/p>\n<p>&#13;<\/p>\n<p align=\"justify\" class=\"text1noticias\"><img loading=\"lazy\" decoding=\"async\" src=\"http:\/\/localhost:8080\/gente\/img\/rubys.jpg\" width=\"375\" height=\"275\" hspace=\"4\" align=\"left\" \/>Rubby P\u00e9rez contin\u00faa en el 2009 su  gran escalada en el espectro musical. El merenguero est\u00e1 feliz por la repuesta  tan positiva que ha recibido del p\u00fablico su \u00faltimo ofrecimiento titulado \u201cEl  d\u00eda que te vayas\u201d, una canci\u00f3n de su propia autor\u00eda y que promomueve en la  radio nacional en versiones de merengue y salsa. <br \/>&#13;<br \/>\n  <br \/>&#13;<br \/>\n  El corte musical que fue orquestado  por el reputado maestro V\u00edctor Waill, es el primero que Rubby acoge como  compositor e int\u00e9rprete a la vez en su discogr\u00e1fica, por lo que muestra a sus  seguidores una faceta antes no explotada por \u00e9l como es la autor\u00eda de letras.<br \/>&#13;<br \/>\n  <br \/>&#13;<br \/>\n  Y es as\u00ed, como el bien llamado \u201cla voz  m\u00e1s alta del merengue\u201d, se revela un artista en constante ebullici\u00f3n en todos  los \u00f3rdenes, a juzgar por este\u00a0 nuevo  parto musical que sucede en la radio su \u00e9xito \u201cVali\u00f3 la pena\u201d, que est\u00e1  apuntalado como el merengue del 2008. <br \/>&#13;<br \/>\n  <br \/>&#13;<br \/>\n  \u201cMe siento muy contento porque la  gente ha aceptado muy bien la nueva canci\u00f3n, y eso nos da la se\u00f1al que vamos a  tener otro ano de incre\u00edbles logros art\u00edsticos\u201d, expres\u00f3 Rubby P\u00e9rez.<br \/>&#13;<br \/>\n  <br \/>&#13;<br \/>\n  En tanto su manager, Frank Reyes,  asever\u00f3 que la colocaci\u00f3n de un nuevo tema en promoci\u00f3n apenas iniciando el  2009, es una manera de garantizarle a Rubby la delantera en el espectro radioel\u00e9ctrico. <br \/>&#13;<br \/>\n  <br \/>&#13;<br \/>\n  Indico Reyes que en adici\u00f3n a ello,  tras unas merecidas vacaciones por el extenso periplo de presentaciones durante  las pasadas Navidades, el artista se integrar\u00e1 a la materializaci\u00f3n de  importantes proyectos, uno de estos la gira por Estados Unidos que iniciar\u00e1 en  el mes de febrero.<\/p>\n<p>&#13;<\/p>\n<h6> 2009-01-16 13:46:17 <\/h6>\n<p><!--\n<link rel=\"stylesheet\" href=\"css\/bootstrap.min.css\">\n\n\n<ul class=\"pagination\">\n\t    \n\t\n\n<li >\n\t<a href='?page_no=20667'>Previous<\/a>\n\t<\/li>\n\n\n       \n    \n\n<li><a href='?page_no=1'>1<\/a><\/li>\n\n\n\n<li><a href='?page_no=2'>2<\/a><\/li>\n\n\n\n<li><a>...<\/a><\/li>\n\n\n\n<li><a href='?page_no=20666'>20666<\/a><\/li>\n\n\n\n<li><a href='?page_no=20667'>20667<\/a><\/li>\n\n\n\n<li class='active'><a>20668<\/a><\/li>\n\n\n\n<li><a href='?page_no=20669'>20669<\/a><\/li>\n\n\n\n<li><a href='?page_no=20670'>20670<\/a><\/li>\n\n\n\n<li><a>...<\/a><\/li>\n\n\n\n<li><a href='?page_no=22522'>22522<\/a><\/li>\n\n\n\n<li><a href='?page_no=22523'>22523<\/a><\/li>\n\n    \n\t\n\n<li >\n\t<a href='?page_no=20669'>Next<\/a>\n\t<\/li>\n\n\n    \n\n<li><a href='?page_no=22523'>Last &rsaquo;&rsaquo;<\/a><\/li>\n\n<\/ul>\n\n\n--><br \/>\n<\/body><\/p>\n","protected":false},"excerpt":{"rendered":"<p>Rubby P\u00e9rez empieza el a\u00f1o en merengue y salsa &#13; Rubby P\u00e9rez contin\u00faa en el 2009 su gran escalada en el espectro musical. El merenguero est\u00e1 feliz por la repuesta tan positiva que ha recibido del p\u00fablico su \u00faltimo ofrecimiento titulado \u201cEl d\u00eda que te vayas\u201d, una canci\u00f3n de su propia autor\u00eda y que promomueve [&hellip;]<\/p>\n","protected":false},"author":3,"featured_media":0,"comment_status":"open","ping_status":"open","sticky":false,"template":"","format":"standard","meta":{"footnotes":""},"categories":[25],"tags":[],"class_list":["post-92046","post","type-post","status-publish","format-standard","hentry","category-gente"],"_links":{"self":[{"href":"https:\/\/diariodominicano.com\/index.php?rest_route=\/wp\/v2\/posts\/92046","targetHints":{"allow":["GET"]}}],"collection":[{"href":"https:\/\/diariodominicano.com\/index.php?rest_route=\/wp\/v2\/posts"}],"about":[{"href":"https:\/\/diariodominicano.com\/index.php?rest_route=\/wp\/v2\/types\/post"}],"author":[{"embeddable":true,"href":"https:\/\/diariodominicano.com\/index.php?rest_route=\/wp\/v2\/users\/3"}],"replies":[{"embeddable":true,"href":"https:\/\/diariodominicano.com\/index.php?rest_route=%2Fwp%2Fv2%2Fcomments&post=92046"}],"version-history":[{"count":0,"href":"https:\/\/diariodominicano.com\/index.php?rest_route=\/wp\/v2\/posts\/92046\/revisions"}],"wp:attachment":[{"href":"https:\/\/diariodominicano.com\/index.php?rest_route=%2Fwp%2Fv2%2Fmedia&parent=92046"}],"wp:term":[{"taxonomy":"category","embeddable":true,"href":"https:\/\/diariodominicano.com\/index.php?rest_route=%2Fwp%2Fv2%2Fcategories&post=92046"},{"taxonomy":"post_tag","embeddable":true,"href":"https:\/\/diariodominicano.com\/index.php?rest_route=%2Fwp%2Fv2%2Ftags&post=92046"}],"curies":[{"name":"wp","href":"https:\/\/api.w.org\/{rel}","templated":true}]}}