{"id":92045,"date":"2009-01-16T13:53:12","date_gmt":"2009-01-16T13:53:12","guid":{"rendered":"http:\/\/diariodominicano.ddns.net\/?p=92045"},"modified":"2009-01-16T13:53:12","modified_gmt":"2009-01-16T13:53:12","slug":"soto-jimenez-va-hacia-la-v-republica-en-noche-de-luz","status":"publish","type":"post","link":"https:\/\/diariodominicano.com\/?p=92045","title":{"rendered":"Soto Jim\u00e9nez va \u201cHacia la V Rep\u00fablica\u201d en Noche de Luz"},"content":{"rendered":"<p><body><\/p>\n<p align=\"center\" class=\"titulogrande1\"><strong>Soto Jim\u00e9nez va \u201cHacia la V Rep\u00fablica\u201d  en Noche de Luz<\/strong><\/p>\n<p>&#13;<\/p>\n<p align=\"justify\" class=\"text1noticias\"><img loading=\"lazy\" decoding=\"async\" src=\"http:\/\/localhost:8080\/gente\/img\/luze.jpg\" width=\"375\" height=\"287\" hspace=\"4\" align=\"left\" \/>Este  s\u00e1bado el programa de las exclusivas <strong>\u201cNoche  de Luz\u201d<\/strong> nos presenta en su entrevista principal a Jos\u00e9 Miguel Soto Jim\u00e9nez,  presidente del Movimiento La V Rep\u00fablica, quien acaba de presentar a los medios  de comunicaci\u00f3n del pa\u00eds su nuevo programa de televisi\u00f3n <strong>\u201cHacia la V Rep\u00fablica\u201d<\/strong>, el cual se transmitir\u00e1 los s\u00e1bados por  Antena Latina, desde las 9:00 de la ma\u00f1ana.<\/p>\n<p>&#13;<\/p>\n<p align=\"justify\" class=\"text1noticias\">En  exclusiva, Soto Jim\u00e9nez revela todos los detalles del formato del programa que  cuenta con la producci\u00f3n de Kathia Duverg\u00e9, y la producci\u00f3n ejecutiva de A1  Productions.<br \/>&#13;<br \/>\n  <br \/>&#13;<br \/>\n  La creaci\u00f3n de  este espacio televisivo viene a respaldar las aspiraciones presidenciales del  ex Secretario de las Fuerzas Armadas, a trav\u00e9s del Movimiento la V Rep\u00fablica,  el cual tiene como objetivo principal la regeneraci\u00f3n de la Rep\u00fablica con la  b\u00fasqueda del poder \u201cbajo la sombrilla de la democracia\u201d.<br \/>&#13;<br \/>\n  <br \/>&#13;<br \/>\n  El nombre de V Rep\u00fablica  es dado porque en los cuatro per\u00edodos hist\u00f3ricos denominados Rep\u00fablica la  soberan\u00eda del pa\u00eds ha zozobrado. \u201cLa V Rep\u00fablica es la Rep\u00fablica ideal que  anhelamos todas las dominicanas y dominicanos de buena voluntad\u201d, expreso Soto  Jim\u00e9nez.<br \/>&#13;<br \/>\n  <br \/>&#13;<br \/>\n  En otro segmento, la sex\u00f3loga Nancy Alvarez, quien  actualmente triunfa en la televisi\u00f3n hispana de los Estados Unidos a trav\u00e9s de  la cadena Univisi\u00f3n, nos estar\u00e1 hablando de su nuevo proyecto que se transmite  de lunes a viernes a las 10:00 de la ma\u00f1ana, y los domingos en prime time a las  10:00 de la noche.<\/p>\n<p>&#13;<\/p>\n<p align=\"justify\" class=\"text1noticias\">Alvarez destaca que es la \u00fanica dominicana y la \u00fanica  hispana que actualmente tiene 6 horas semanales en una de las cadenas m\u00e1s  importantes que llega a la comunidad latina desde los Estados Unidos.<\/p>\n<p>&#13;<\/p>\n<p align=\"justify\" class=\"text1noticias\">Mientras que Keyther Est\u00e9vez nos presenta en \u201c<strong>Flashes\u201d <\/strong>el Top Ten del 2008 en la moda dominicana.<\/p>\n<p>&#13;<\/p>\n<p align=\"justify\" class=\"text1noticias\">En el <strong>\u201cPalte  Atr\u00e1\u2019\u201d<\/strong> todos los detalles del nuevo video de Eddy Herrera.<\/p>\n<p>&#13;<\/p>\n<h6> 2009-01-16 13:53:12 <\/h6>\n<p><!--\n<link rel=\"stylesheet\" href=\"css\/bootstrap.min.css\">\n\n\n<ul class=\"pagination\">\n\t    \n\t\n\n<li >\n\t<a href='?page_no=20666'>Previous<\/a>\n\t<\/li>\n\n\n       \n    \n\n<li><a href='?page_no=1'>1<\/a><\/li>\n\n\n\n<li><a href='?page_no=2'>2<\/a><\/li>\n\n\n\n<li><a>...<\/a><\/li>\n\n\n\n<li><a href='?page_no=20665'>20665<\/a><\/li>\n\n\n\n<li><a href='?page_no=20666'>20666<\/a><\/li>\n\n\n\n<li class='active'><a>20667<\/a><\/li>\n\n\n\n<li><a href='?page_no=20668'>20668<\/a><\/li>\n\n\n\n<li><a href='?page_no=20669'>20669<\/a><\/li>\n\n\n\n<li><a>...<\/a><\/li>\n\n\n\n<li><a href='?page_no=22522'>22522<\/a><\/li>\n\n\n\n<li><a href='?page_no=22523'>22523<\/a><\/li>\n\n    \n\t\n\n<li >\n\t<a href='?page_no=20668'>Next<\/a>\n\t<\/li>\n\n\n    \n\n<li><a href='?page_no=22523'>Last &rsaquo;&rsaquo;<\/a><\/li>\n\n<\/ul>\n\n\n--><br \/>\n<\/body><\/p>\n","protected":false},"excerpt":{"rendered":"<p>Soto Jim\u00e9nez va \u201cHacia la V Rep\u00fablica\u201d en Noche de Luz &#13; Este s\u00e1bado el programa de las exclusivas \u201cNoche de Luz\u201d nos presenta en su entrevista principal a Jos\u00e9 Miguel Soto Jim\u00e9nez, presidente del Movimiento La V Rep\u00fablica, quien acaba de presentar a los medios de comunicaci\u00f3n del pa\u00eds su nuevo programa de televisi\u00f3n [&hellip;]<\/p>\n","protected":false},"author":3,"featured_media":0,"comment_status":"open","ping_status":"open","sticky":false,"template":"","format":"standard","meta":{"footnotes":""},"categories":[25],"tags":[],"class_list":["post-92045","post","type-post","status-publish","format-standard","hentry","category-gente"],"_links":{"self":[{"href":"https:\/\/diariodominicano.com\/index.php?rest_route=\/wp\/v2\/posts\/92045","targetHints":{"allow":["GET"]}}],"collection":[{"href":"https:\/\/diariodominicano.com\/index.php?rest_route=\/wp\/v2\/posts"}],"about":[{"href":"https:\/\/diariodominicano.com\/index.php?rest_route=\/wp\/v2\/types\/post"}],"author":[{"embeddable":true,"href":"https:\/\/diariodominicano.com\/index.php?rest_route=\/wp\/v2\/users\/3"}],"replies":[{"embeddable":true,"href":"https:\/\/diariodominicano.com\/index.php?rest_route=%2Fwp%2Fv2%2Fcomments&post=92045"}],"version-history":[{"count":0,"href":"https:\/\/diariodominicano.com\/index.php?rest_route=\/wp\/v2\/posts\/92045\/revisions"}],"wp:attachment":[{"href":"https:\/\/diariodominicano.com\/index.php?rest_route=%2Fwp%2Fv2%2Fmedia&parent=92045"}],"wp:term":[{"taxonomy":"category","embeddable":true,"href":"https:\/\/diariodominicano.com\/index.php?rest_route=%2Fwp%2Fv2%2Fcategories&post=92045"},{"taxonomy":"post_tag","embeddable":true,"href":"https:\/\/diariodominicano.com\/index.php?rest_route=%2Fwp%2Fv2%2Ftags&post=92045"}],"curies":[{"name":"wp","href":"https:\/\/api.w.org\/{rel}","templated":true}]}}