{"id":92044,"date":"2009-01-16T19:47:26","date_gmt":"2009-01-16T19:47:26","guid":{"rendered":"http:\/\/diariodominicano.ddns.net\/?p=92044"},"modified":"2009-01-16T19:47:26","modified_gmt":"2009-01-16T19:47:26","slug":"reik-se-prepara-para-grabar-su-proximo-video","status":"publish","type":"post","link":"https:\/\/diariodominicano.com\/?p=92044","title":{"rendered":"Reik se prepara para grabar su pr\u00f3ximo v\u00eddeo"},"content":{"rendered":"<p><body><\/p>\n<p class=\"titulogrande1\">Reik se prepara para  grabar su pr\u00f3ximo v\u00eddeo<\/p>\n<p>&#13;<\/p>\n<p align=\"justify\" class=\"text1noticias\">Miami, FL, 16 de  enero del 2009.- Los chicos de <a href=\"http:\/\/www.reik.tv\/\"><strong>Reik<\/strong><\/a> se alistan para viajar a la ciudad de  Monterrey, Nuevo Le\u00f3n, donde los d\u00edas 19 y 20 de enero filmar\u00e1n el videoclip de  \u201c<a href=\"http:\/\/www.ffmediacorp.com\/ecards\/351\"><strong>Fui<\/strong><\/a>\u201d, el segundo sencillo de su m\u00e1s reciente  producci\u00f3n titulada \u201c<a href=\"http:\/\/www.youtube.com\/reik\"><strong>Un  d\u00eda m\u00e1s<\/strong><\/a>\u201d.<br \/>&#13;<br \/>\n  <br \/>&#13;<br \/>\n  En esta ocasi\u00f3n el  regiomontano \u201cChiva\u201d, <strong>Jes\u00fas Rodr\u00edguez<\/strong>,  dirigir\u00e1 el v\u00eddeo, que tendr\u00e1 diferentes locaciones a lo largo de la Sultana  del Norte. \u201cChiva\u201d se ha caracterizado por su gran creatividad y la calidad de  sus piezas f\u00edlmicas.<br \/>&#13;<br \/>\n  <br \/>&#13;<br \/>\n  \u201cFui\u201d es una gran  balada que muestra un lado m\u00e1s rom\u00e1ntico y melanc\u00f3lico de los chicos de Reik.  El tema ya se puede escuchar en las estaciones de radio de toda Am\u00e9rica Latina  y Estados Unidos. Cabe destacar que esta gran canci\u00f3n es una de las nueve que  incluye este nuevo \u00e1lbum en el cual <strong>Jes\u00fas,  Julio<\/strong> y <strong>Bibi<\/strong> participan como  coautores.<br \/>&#13;<br \/>\n  <br \/>&#13;<br \/>\n  El primer sencillo  de \u201cUn d\u00eda m\u00e1s\u201d, titulado \u201c<a href=\"http:\/\/www.ffmediacorp.com\/ecards\/260\"><strong>Inolvidable<\/strong><\/a>\u201d, se ha colocado en los primeros sitios de  popularidad de los charts de radio en M\u00e9xico, Argentina, Chile, Colombia, Costa  Rica, y Estados Unidos, con lo cual el tr\u00edo se confirma como uno de los grupos  pop en espa\u00f1ol favoritos en todo el continente americano.<br \/>&#13;<br \/>\n  <br \/>&#13;<br \/>\n  \u201cUn d\u00eda m\u00e1s\u201d, a la  venta bajo el sello Sony Music, fue realizado en la ciudad de Buenos Aires,  Argentina, durante los meses de mayo y junio del 2008 con la producci\u00f3n del  talentoso <strong>Gerardo \u201cCachorro\u201d L\u00f3pez<\/strong>.<br \/>&#13;<br \/>\n  <br \/>&#13;<br \/>\n\u00a1Visita el canal  oficial de Reik donde encontrar\u00e1s contenido exclusivo del grupo!<\/p>\n<p>&#13;<\/p>\n<h6> 2009-01-16 19:47:26 <\/h6>\n<p><!--\n<link rel=\"stylesheet\" href=\"css\/bootstrap.min.css\">\n\n\n<ul class=\"pagination\">\n\t    \n\t\n\n<li >\n\t<a href='?page_no=20665'>Previous<\/a>\n\t<\/li>\n\n\n       \n    \n\n<li><a href='?page_no=1'>1<\/a><\/li>\n\n\n\n<li><a href='?page_no=2'>2<\/a><\/li>\n\n\n\n<li><a>...<\/a><\/li>\n\n\n\n<li><a href='?page_no=20664'>20664<\/a><\/li>\n\n\n\n<li><a href='?page_no=20665'>20665<\/a><\/li>\n\n\n\n<li class='active'><a>20666<\/a><\/li>\n\n\n\n<li><a href='?page_no=20667'>20667<\/a><\/li>\n\n\n\n<li><a href='?page_no=20668'>20668<\/a><\/li>\n\n\n\n<li><a>...<\/a><\/li>\n\n\n\n<li><a href='?page_no=22522'>22522<\/a><\/li>\n\n\n\n<li><a href='?page_no=22523'>22523<\/a><\/li>\n\n    \n\t\n\n<li >\n\t<a href='?page_no=20667'>Next<\/a>\n\t<\/li>\n\n\n    \n\n<li><a href='?page_no=22523'>Last &rsaquo;&rsaquo;<\/a><\/li>\n\n<\/ul>\n\n\n--><br \/>\n<\/body><\/p>\n","protected":false},"excerpt":{"rendered":"<p>Reik se prepara para grabar su pr\u00f3ximo v\u00eddeo &#13; Miami, FL, 16 de enero del 2009.- Los chicos de Reik se alistan para viajar a la ciudad de Monterrey, Nuevo Le\u00f3n, donde los d\u00edas 19 y 20 de enero filmar\u00e1n el videoclip de \u201cFui\u201d, el segundo sencillo de su m\u00e1s reciente producci\u00f3n titulada \u201cUn d\u00eda [&hellip;]<\/p>\n","protected":false},"author":3,"featured_media":0,"comment_status":"open","ping_status":"open","sticky":false,"template":"","format":"standard","meta":{"footnotes":""},"categories":[25],"tags":[],"class_list":["post-92044","post","type-post","status-publish","format-standard","hentry","category-gente"],"_links":{"self":[{"href":"https:\/\/diariodominicano.com\/index.php?rest_route=\/wp\/v2\/posts\/92044","targetHints":{"allow":["GET"]}}],"collection":[{"href":"https:\/\/diariodominicano.com\/index.php?rest_route=\/wp\/v2\/posts"}],"about":[{"href":"https:\/\/diariodominicano.com\/index.php?rest_route=\/wp\/v2\/types\/post"}],"author":[{"embeddable":true,"href":"https:\/\/diariodominicano.com\/index.php?rest_route=\/wp\/v2\/users\/3"}],"replies":[{"embeddable":true,"href":"https:\/\/diariodominicano.com\/index.php?rest_route=%2Fwp%2Fv2%2Fcomments&post=92044"}],"version-history":[{"count":0,"href":"https:\/\/diariodominicano.com\/index.php?rest_route=\/wp\/v2\/posts\/92044\/revisions"}],"wp:attachment":[{"href":"https:\/\/diariodominicano.com\/index.php?rest_route=%2Fwp%2Fv2%2Fmedia&parent=92044"}],"wp:term":[{"taxonomy":"category","embeddable":true,"href":"https:\/\/diariodominicano.com\/index.php?rest_route=%2Fwp%2Fv2%2Fcategories&post=92044"},{"taxonomy":"post_tag","embeddable":true,"href":"https:\/\/diariodominicano.com\/index.php?rest_route=%2Fwp%2Fv2%2Ftags&post=92044"}],"curies":[{"name":"wp","href":"https:\/\/api.w.org\/{rel}","templated":true}]}}