{"id":92043,"date":"2009-01-19T16:00:02","date_gmt":"2009-01-19T16:00:02","guid":{"rendered":"http:\/\/diariodominicano.ddns.net\/?p=92043"},"modified":"2009-01-19T16:00:02","modified_gmt":"2009-01-19T16:00:02","slug":"hard-rock-cafe-presenta-tributo-a-rolling-stones","status":"publish","type":"post","link":"https:\/\/diariodominicano.com\/?p=92043","title":{"rendered":"Hard Rock Cafe presenta tributo a Rolling Stones"},"content":{"rendered":"<p><body><\/p>\n<p class=\"titulogrande1\"><strong>Hard  Rock Cafe presenta tributo a Rolling Stones\u00a0<\/strong> <\/p>\n<p>&#13;<\/p>\n<p align=\"justify\" class=\"text1noticias\"><strong><img loading=\"lazy\" decoding=\"async\" src=\"http:\/\/localhost:8080\/gente\/img\/rollin.jpg\" width=\"375\" height=\"238\" hspace=\"4\" align=\"left\" \/>Santo Domingo, Rep\u00fablica Dominicana.-<\/strong> Hard Rock Cafe, presenta dos conciertos  tributo a la agrupaci\u00f3n The Rolling Stones, este jueves 22 y viernes 23 de  enero en Santo Domingo y Punta Cana, respectivamente, a partir de las 9:00 de  la noche.<\/p>\n<p>&#13;<\/p>\n<p align=\"justify\" class=\"text1noticias\">Desde Alemania viene la agrupaci\u00f3n The Stones  quienes tienen a su cargo ofrecer los shows homenaje, haciendo una selecci\u00f3n  cuidadosa de los temas m\u00e1s representativos en la discograf\u00eda de la banda  inglesa.<\/p>\n<p>&#13;<\/p>\n<p align=\"justify\" class=\"text1noticias\">\u00abSatisfaction\u00bb, \u00abMiss  You\u00bb y \u00abStart me up\u00bb, se escuchar\u00e1n la noche de este jueves en  la primera de dos\u00a0funciones que ofrecer\u00e1n los alemanes en el pa\u00eds.<\/p>\n<p>&#13;<\/p>\n<p align=\"justify\" class=\"text1noticias\">El show llamado \u00abGet Your  Satisfaction&#8230;\u00bb, incluye adem\u00e1s los temas \u00abHonky Tonk Woman\u00bb,  \u00abMidnight Rambler\u00bb y \u00abStop Braking Down\u00bb, entre otros.<\/p>\n<p>&#13;<\/p>\n<p align=\"justify\" class=\"text1noticias\">El viernes 23 de los corrientes en Hard Rock  Caf\u00e9 de Punta Cana, se har\u00e1 un repaso por temas emblem\u00e1ticos de la banda m\u00e1s  influyente del rock mundial con una caracterizaci\u00f3n tan parecida a la\u00a0  original que el p\u00fablico no podr\u00e1\u00a0notar la diferencia.<\/p>\n<p>&#13;<\/p>\n<p align=\"justify\" class=\"text1noticias\">\u00abPara el establecimiento es un honor  iniciar la temporada de tributos con los Stones, poseedores de un performance  similar al que los originales Rolling Stones ofrecen en sus grandes  presentaciones, expresa Miguel Cunillera, ejecutivo de Hard Rock Caf\u00e9.<\/p>\n<p>&#13;<\/p>\n<p align=\"justify\" class=\"text1noticias\">Cunillera dijo que con este concierto inicia  la temporada 2009 de \u00abTribute Bands\u00bb que incluye adem\u00e1s otro de ABBA  luego de\u00a0concluidos los de Rolling Stones. <\/p>\n<p>&#13;<\/p>\n<p align=\"justify\" class=\"text1noticias\">\u00abEstas son bandas especializadas en  agrupaciones ic\u00f3nicas del rock y perfeccionan cada tema, gesto y movimiento,  as\u00ed como la vestimenta para que sus fans puedan disfrutar la experiencia de un  show con su grupo favorito\u00bb, agrega.<\/p>\n<p>&#13;<\/p>\n<p align=\"justify\" class=\"text1noticias\">\u00abCabe destacar que son agrupaciones de  gran \u00e9xito que giran por Europa y Estados Unidos haciendo este tipo de  presentaciones, cosechando un \u00e9xito extraordinario\u00bb, finaliz\u00f3 diciendo Cunillera.<\/p>\n<p>&#13;<\/p>\n<p align=\"justify\" class=\"text1noticias\">The Stones, encabezada por Frank  Henkes,\u00a0 es una banda originaria de Newss, Alemania y sus integrantes  tienen mas de 15 a\u00f1os trabajando este circuito de tributos, permiti\u00e9ndoles  alcanzar la perfecci\u00f3n histri\u00f3nica sobre el escenario y recrear los shows de a  quienes tributan.<\/p>\n<p>&#13;<\/p>\n<p align=\"justify\" class=\"text1noticias\">La banda alemana\u00a0adem\u00e1s de\u00a0 Frank  Henkes como Mick Jagger, est\u00e1 compuesta por Markus Exner quien representa a  Keith Richards, Pete F\u00e4drich caracteriza a Ron Word, J\u00f6rg Schmidt es Bill  Wyman, Josef Kirschgen interpreta a Charlie Watts\u00a0 y J\u00f6rg Pelzer  personifica a Chuck Leavell.<\/p>\n<p>&#13;<\/p>\n<p align=\"justify\" class=\"text1noticias\">Las boletas ya est\u00e1n a la venta en el Rock  Shop de Hard Rock Caf\u00e9 y Uepa Tickets at Movie Max a un precio de RD $500 p\/p<\/p>\n<p>&#13;<\/p>\n<p align=\"justify\" class=\"text1noticias\">El primer Hard Rock Caf\u00e9 (HRC) abri\u00f3 sus  puertas al p\u00fablico el 14 de Junio de 1971 en Londres. A pesar de que  inicialmente fue decorado con una mezcla de elementos americanos, se ha  constituido en el primer coleccionista y exhibidor de memorias del Rock  \u00abn\u00bb roll en todo el mundo.<\/p>\n<p>&#13;<\/p>\n<h6> 2009-01-19 16:00:02 <\/h6>\n<p><!--\n<link rel=\"stylesheet\" href=\"css\/bootstrap.min.css\">\n\n\n<ul class=\"pagination\">\n\t    \n\t\n\n<li >\n\t<a href='?page_no=20664'>Previous<\/a>\n\t<\/li>\n\n\n       \n    \n\n<li><a href='?page_no=1'>1<\/a><\/li>\n\n\n\n<li><a href='?page_no=2'>2<\/a><\/li>\n\n\n\n<li><a>...<\/a><\/li>\n\n\n\n<li><a href='?page_no=20663'>20663<\/a><\/li>\n\n\n\n<li><a href='?page_no=20664'>20664<\/a><\/li>\n\n\n\n<li class='active'><a>20665<\/a><\/li>\n\n\n\n<li><a href='?page_no=20666'>20666<\/a><\/li>\n\n\n\n<li><a href='?page_no=20667'>20667<\/a><\/li>\n\n\n\n<li><a>...<\/a><\/li>\n\n\n\n<li><a href='?page_no=22522'>22522<\/a><\/li>\n\n\n\n<li><a href='?page_no=22523'>22523<\/a><\/li>\n\n    \n\t\n\n<li >\n\t<a href='?page_no=20666'>Next<\/a>\n\t<\/li>\n\n\n    \n\n<li><a href='?page_no=22523'>Last &rsaquo;&rsaquo;<\/a><\/li>\n\n<\/ul>\n\n\n--><br \/>\n<\/body><\/p>\n","protected":false},"excerpt":{"rendered":"<p>Hard Rock Cafe presenta tributo a Rolling Stones\u00a0 &#13; Santo Domingo, Rep\u00fablica Dominicana.- Hard Rock Cafe, presenta dos conciertos tributo a la agrupaci\u00f3n The Rolling Stones, este jueves 22 y viernes 23 de enero en Santo Domingo y Punta Cana, respectivamente, a partir de las 9:00 de la noche. &#13; Desde Alemania viene la agrupaci\u00f3n [&hellip;]<\/p>\n","protected":false},"author":3,"featured_media":0,"comment_status":"open","ping_status":"open","sticky":false,"template":"","format":"standard","meta":{"footnotes":""},"categories":[25],"tags":[],"class_list":["post-92043","post","type-post","status-publish","format-standard","hentry","category-gente"],"_links":{"self":[{"href":"https:\/\/diariodominicano.com\/index.php?rest_route=\/wp\/v2\/posts\/92043","targetHints":{"allow":["GET"]}}],"collection":[{"href":"https:\/\/diariodominicano.com\/index.php?rest_route=\/wp\/v2\/posts"}],"about":[{"href":"https:\/\/diariodominicano.com\/index.php?rest_route=\/wp\/v2\/types\/post"}],"author":[{"embeddable":true,"href":"https:\/\/diariodominicano.com\/index.php?rest_route=\/wp\/v2\/users\/3"}],"replies":[{"embeddable":true,"href":"https:\/\/diariodominicano.com\/index.php?rest_route=%2Fwp%2Fv2%2Fcomments&post=92043"}],"version-history":[{"count":0,"href":"https:\/\/diariodominicano.com\/index.php?rest_route=\/wp\/v2\/posts\/92043\/revisions"}],"wp:attachment":[{"href":"https:\/\/diariodominicano.com\/index.php?rest_route=%2Fwp%2Fv2%2Fmedia&parent=92043"}],"wp:term":[{"taxonomy":"category","embeddable":true,"href":"https:\/\/diariodominicano.com\/index.php?rest_route=%2Fwp%2Fv2%2Fcategories&post=92043"},{"taxonomy":"post_tag","embeddable":true,"href":"https:\/\/diariodominicano.com\/index.php?rest_route=%2Fwp%2Fv2%2Ftags&post=92043"}],"curies":[{"name":"wp","href":"https:\/\/api.w.org\/{rel}","templated":true}]}}