{"id":92042,"date":"2009-01-19T16:30:47","date_gmt":"2009-01-19T16:30:47","guid":{"rendered":"http:\/\/diariodominicano.ddns.net\/?p=92042"},"modified":"2009-01-19T16:30:47","modified_gmt":"2009-01-19T16:30:47","slug":"anuncia-realizacion-de-la-septima-edicion-del-festival-musical-de-santo-domingo","status":"publish","type":"post","link":"https:\/\/diariodominicano.com\/?p=92042","title":{"rendered":"Anuncia realizaci\u00f3n de la s\u00e9ptima edici\u00f3n del Festival Musical de Santo Domingo"},"content":{"rendered":"<p><body><\/p>\n<p class=\"titulogrande1\">Anuncia realizaci\u00f3n de la s\u00e9ptima edici\u00f3n del Festival Musical de Santo  Domingo<\/p>\n<p>&#13;<\/p>\n<p align=\"justify\" class=\"text1noticias\"><strong><img loading=\"lazy\" decoding=\"async\" src=\"http:\/\/localhost:8080\/gente\/img\/maste.jpg\" width=\"375\" height=\"572\" hspace=\"4\" align=\"left\" \/>Santo Domingo.-<\/strong> La Fundaci\u00f3n Sinfon\u00eda,\u00a0  conjuntamente con la Secretar\u00eda de Estado de Cultura anuncia la realizaci\u00f3n de la s\u00e9ptima edici\u00f3n  del Festival Musical de Santo Domingo, a celebrarse en la Sala Principal del  Teatro Nacional Eduardo Brito del 4 al 14 de marzo de 2009. <\/p>\n<p>&#13;<\/p>\n<p align=\"justify\" class=\"text1noticias\">El maestro Philippe Entremont, aclamado pianista y director de orquesta  franc\u00e9s,\u00a0 ser\u00e1 como es tradici\u00f3n el  Director Art\u00edstico del Festival.\u00a0\u00a0 El  Maestro Entremont comparte su tiempo en la direcci\u00f3n de la Orquesta de C\u00e1mara  de Viena,\u00a0 la Orquesta Sinf\u00f3nica de  Munich,\u00a0 la Orquesta de Cadaques y  es\u00a0 adem\u00e1s invitado regular\u00a0 \u00a0como  director y solista en las principales orquestas de Europa y Estados  Unidos.\u00a0\u00a0<br \/>&#13;<br \/>\n  <br \/>&#13;<br \/>\nEl Maestro Entremont llegara a  Santo Domingo luego de completar una gira como director\u00a0 de la Sinf\u00f3nica de Munich por las principales  ciudades del este de los Estados Unidos.<\/p>\n<p>&#13;<\/p>\n<p align=\"justify\" class=\"text1noticias\">De los solistas invitados:<\/p>\n<p>&#13;<\/p>\n<p align=\"justify\" class=\"text1noticias\"><strong>Ben Heppner <\/strong>es reconocido mundialmente como uno de los mejores tenores dram\u00e1ticos de la  actualidad.\u00a0 Interpreta magistralmente  los m\u00e1s dif\u00edciles roles, desde el Trist\u00e1n y Lohengrin de Wagner al Otello de  Verdi y el Eneas de Berlioz.\u00a0 Es aclamado  en todas las capitales musicales del mundo por su bella voz, musicalidad  inteligente y chispeante sentido dram\u00e1tico.\u00a0  Sus actuaciones en \u00f3pera, recitales y \u00a0en conciertos con las principales orquesta del  mundo, en las m\u00e1s prestigiosas salas y en grabaciones han establecido nuevos  est\u00e1ndares con \u00a0su extenso repertorio.\u00a0 El se\u00f1or Heppner trae al pa\u00eds lo mas  emblem\u00e1tico de sus roles oper\u00edsticos. <\/p>\n<p>&#13;<\/p>\n<p align=\"justify\" class=\"text1noticias\">Ram\u00f3n Tebar es un joven y vibrante director oriundo de Valencia, Espa\u00f1a,  quien se est\u00e1 estableciendo como uno de los m\u00e1s s\u00f3lidos m\u00fasicos espa\u00f1oles de su  generaci\u00f3n.\u00a0 Aunque todav\u00eda en sus  veintes,\u00a0 ha mostrado gran inter\u00e9s por un  amplio n\u00famero de g\u00e9neros musicales cl\u00e1sicos.\u00a0  Es actualmente director de la Opera de Palm Beach y asociado de la Opera  de Cincinati.\u00a0 <\/p>\n<p>&#13;<\/p>\n<p align=\"justify\" class=\"text1noticias\"><strong>Barna Kobori<\/strong> de origen rumano comenz\u00f3 sus estudios de viol\u00edn a la edad de cinco y se  gradu\u00f3 en la escuela de m\u00fasica en Cluj (Ruman\u00eda) en 1984.\u00a0 Desde el a\u00f1o 1998 es asociado del Royal College  of Music de Londres y en ese mismo a\u00f1o form\u00f3 el Aron Quartet con Ludwig  Mueller, Georg Hamann y Christophe Pantillon,\u00a0  es adem\u00e1s principal de los segundos violines de la Orquesta de C\u00e1mara de  Viena y de la Orquesta de Cadaques.<\/p>\n<p>&#13;<\/p>\n<p align=\"justify\" class=\"text1noticias\">En conciertos, recitales y presentaciones de m\u00fasica de c\u00e1mara en los  Estados Unidos, Canad\u00e1, Europa, Am\u00e9rica del Sur, Australia y Asia, el  violinista <strong>Robert Davidovici<\/strong> es  aclamado como un virtuoso que combina espectacular t\u00e9cnica, amplio repertorio y  magnifico talento con una presencia <\/p>\n<p>&#13;<\/p>\n<p align=\"justify\" class=\"text1noticias\">esc\u00e9nica excitante y cautivadora. Nacido en Transilvania, Rumania, comenz\u00f3  sus estudios con David Oistrakh, continuando sus estudios con Ivan Galamian en la Escuela Julliard, donde  despu\u00e9s de su graduaci\u00f3n, se convirti\u00f3 en asistente de profesor del Cuarteto de  Cuerdas Julliard.<\/p>\n<p>&#13;<\/p>\n<p align=\"justify\" class=\"text1noticias\"><strong>Sebastian Knauer<\/strong> naci\u00f3 en el a\u00f1o 1971 en Hamburgo y comenz\u00f3 a tocar el piano a los cuatro  a\u00f1os.\u00a0 Ganador de numerosas competencias,  hizo su debut a la edad de 13 con el concierto en Re Mayor para piano de Haydn  en el Musikhalle de Hamburgo.\u00a0 Poco despu\u00e9s  le sigui\u00f3 su debut internacional como parte de la serie de \u201cConciertos  Europeos\u201d para RAI en Venecia.\u00a0  Subsiguientes giras lo han llevado por toda Europa, Estados Unidos, Sur  Am\u00e9rica y Asia.\u00a0 \u00a0Esta considerado el pianista alem\u00e1n m\u00e1s  destacado y excitante de su generaci\u00f3n,\u00a0  con una t\u00e9cnica y maestr\u00eda sorprendentes. <\/p>\n<p>&#13;<\/p>\n<p align=\"justify\" class=\"text1noticias\">El Festival tendr\u00e1 una noche dedicada a la danza  con una de las compa\u00f1\u00edas de danza moderna mas conocidas de los Estados  Unidos,\u00a0 <strong>Doug Varone and Dancers<\/strong>.\u00a0  Se\u00a0 destaca por su velocidad, destreza,  musicalidad y dramatismo,\u00a0 con  excepcionales bailarines y magistrales coreograf\u00edas.\u00a0 Vienen al pa\u00eds gracias a la cooperaci\u00f3n de la  Embajada de los Estados Unidos.<\/p>\n<p>&#13;<\/p>\n<p align=\"justify\" class=\"text1noticias\">Para finalizar\u00a0  la solista invitada ser\u00e1 la mezzosoprano francesa <strong>Sophie Kock<\/strong>,\u00a0 combinando una  voz profunda de extraordinaria belleza y una esplendida presencia esc\u00e9nica.\u00a0\u00a0 La se\u00f1ora Koch debuto en Londres en el Royal  Opera House en 1998 y desde entonces ha actuado con los mejores directores de  la actualidad y en los grandes teatros de opera del mundo,\u00a0 interpretando papeles principales.<\/p>\n<p>&#13;<\/p>\n<p align=\"justify\" class=\"text1noticias\">La se\u00f1ora Margarita Copello de  Rodr\u00edguez, Presidenta de la Fundaci\u00f3n Sinfon\u00eda indic\u00f3: \u201cDesde sus inicios, los  programas del Festival Musical de Santo domingo han ofrecido excepcional  calidad y variedad, siendo esperados con gran entusiasmo por el p\u00fablico\u201d. <\/p>\n<p>&#13;<\/p>\n<p align=\"justify\" class=\"text1noticias\">La se\u00f1ora Copello\u00a0 destaco  especialmente la estrecha colaboraci\u00f3n de todos los trabajos de la Fundaci\u00f3n  con la Secretaria de Estado de Cultura.\u00a0\u00a0  En\u00a0 este Festival tambi\u00e9n se  cuenta con la colaboraci\u00f3n de la Secretar\u00eda de Estado de Turismo y del Indotel,  adem\u00e1s de los tradicionales patrocinadores del Festival.<\/p>\n<p>&#13;<\/p>\n<p align=\"justify\" class=\"text1noticias\">El Festival Musical de Santo Domingo es un evento art\u00edstico internacional  que se celebra cada dos a\u00f1os desde 1997 en el Teatro Nacional de la capital  Dominicana, propuesto y creado por el maestro Philippe Entremont, conjuntamente  con la Fundaci\u00f3n Sinfon\u00eda. <\/p>\n<p>&#13;<\/p>\n<p align=\"justify\" class=\"text1noticias\">Acerca de Fundaci\u00f3n Sinfon\u00eda <br \/>&#13;<br \/>\n  <br \/>&#13;<br \/>\n    <em>La Fundaci\u00f3n SINFON\u00cdA  es una organizaci\u00f3n privada sin fines de lucro, creada por iniciativa de un  grupo de amantes de la m\u00fasica con el prop\u00f3sito de colaborar con la consolidaci\u00f3n  y proyecci\u00f3n de la Orquesta Sinf\u00f3nica Nacional de la Rep\u00fablica Dominicana. Su  primer presidente y fundador lo fue el se\u00f1or Pedro Rodr\u00edguez Villaca\u00f1as.<\/em><br \/>&#13;<br \/>\n    <em>La exitosa gesti\u00f3n de  la Fundaci\u00f3n Sinfon\u00eda ha enriquecido la vida musical de la naci\u00f3n, invitando  solistas, directores y artistas de fama internacional, quienes alternan con los  m\u00e1s distinguidos m\u00fasicos y artistas cl\u00e1sicos nacionales, una meta que alcanza  su cima cada dos a\u00f1os con el Festival Musical de Santo Domingo. <\/em><br \/>&#13;<br \/>\n    <br \/>&#13;<br \/>\n    <em>SINFON\u00cdA fue fundada el  24 de noviembre del 1986, adquiriendo estatus legal por medio del decreto  presidencial No. 505, de fecha del 23 de diciembre del 1986. Posteriormente el  decreto 35-93, expedido el 29 de enero de 1993, le otorg\u00f3 a la fundaci\u00f3n el  manejo de la Orquesta Sinf\u00f3nica Nacional hasta la creaci\u00f3n de la Secretar\u00eda de  Estado de Cultura en el a\u00f1o 2000.Desde entonces, la fundaci\u00f3n Sinfon\u00eda ha  estado trabajando en estrecha colaboraci\u00f3n con la Secretar\u00eda de Estado de  Cultura en su labor de apoyo ala Orquesta Sinf\u00f3nica Nacional de la Rep\u00fablica  Dominicana.<\/em><\/p>\n<p>&#13;<\/p>\n<h6> 2009-01-19 16:30:47 <\/h6>\n<p><!--\n<link rel=\"stylesheet\" href=\"css\/bootstrap.min.css\">\n\n\n<ul class=\"pagination\">\n\t    \n\t\n\n<li >\n\t<a href='?page_no=20663'>Previous<\/a>\n\t<\/li>\n\n\n       \n    \n\n<li><a href='?page_no=1'>1<\/a><\/li>\n\n\n\n<li><a href='?page_no=2'>2<\/a><\/li>\n\n\n\n<li><a>...<\/a><\/li>\n\n\n\n<li><a href='?page_no=20662'>20662<\/a><\/li>\n\n\n\n<li><a href='?page_no=20663'>20663<\/a><\/li>\n\n\n\n<li class='active'><a>20664<\/a><\/li>\n\n\n\n<li><a href='?page_no=20665'>20665<\/a><\/li>\n\n\n\n<li><a href='?page_no=20666'>20666<\/a><\/li>\n\n\n\n<li><a>...<\/a><\/li>\n\n\n\n<li><a href='?page_no=22522'>22522<\/a><\/li>\n\n\n\n<li><a href='?page_no=22523'>22523<\/a><\/li>\n\n    \n\t\n\n<li >\n\t<a href='?page_no=20665'>Next<\/a>\n\t<\/li>\n\n\n    \n\n<li><a href='?page_no=22523'>Last &rsaquo;&rsaquo;<\/a><\/li>\n\n<\/ul>\n\n\n--><br \/>\n<\/body><\/p>\n","protected":false},"excerpt":{"rendered":"<p>Anuncia realizaci\u00f3n de la s\u00e9ptima edici\u00f3n del Festival Musical de Santo Domingo &#13; Santo Domingo.- La Fundaci\u00f3n Sinfon\u00eda,\u00a0 conjuntamente con la Secretar\u00eda de Estado de Cultura anuncia la realizaci\u00f3n de la s\u00e9ptima edici\u00f3n del Festival Musical de Santo Domingo, a celebrarse en la Sala Principal del Teatro Nacional Eduardo Brito del 4 al 14 de [&hellip;]<\/p>\n","protected":false},"author":3,"featured_media":0,"comment_status":"open","ping_status":"open","sticky":false,"template":"","format":"standard","meta":{"footnotes":""},"categories":[25],"tags":[],"class_list":["post-92042","post","type-post","status-publish","format-standard","hentry","category-gente"],"_links":{"self":[{"href":"https:\/\/diariodominicano.com\/index.php?rest_route=\/wp\/v2\/posts\/92042","targetHints":{"allow":["GET"]}}],"collection":[{"href":"https:\/\/diariodominicano.com\/index.php?rest_route=\/wp\/v2\/posts"}],"about":[{"href":"https:\/\/diariodominicano.com\/index.php?rest_route=\/wp\/v2\/types\/post"}],"author":[{"embeddable":true,"href":"https:\/\/diariodominicano.com\/index.php?rest_route=\/wp\/v2\/users\/3"}],"replies":[{"embeddable":true,"href":"https:\/\/diariodominicano.com\/index.php?rest_route=%2Fwp%2Fv2%2Fcomments&post=92042"}],"version-history":[{"count":0,"href":"https:\/\/diariodominicano.com\/index.php?rest_route=\/wp\/v2\/posts\/92042\/revisions"}],"wp:attachment":[{"href":"https:\/\/diariodominicano.com\/index.php?rest_route=%2Fwp%2Fv2%2Fmedia&parent=92042"}],"wp:term":[{"taxonomy":"category","embeddable":true,"href":"https:\/\/diariodominicano.com\/index.php?rest_route=%2Fwp%2Fv2%2Fcategories&post=92042"},{"taxonomy":"post_tag","embeddable":true,"href":"https:\/\/diariodominicano.com\/index.php?rest_route=%2Fwp%2Fv2%2Ftags&post=92042"}],"curies":[{"name":"wp","href":"https:\/\/api.w.org\/{rel}","templated":true}]}}