{"id":92039,"date":"2009-01-19T22:07:02","date_gmt":"2009-01-19T22:07:02","guid":{"rendered":"http:\/\/diariodominicano.ddns.net\/?p=92039"},"modified":"2009-01-19T22:07:02","modified_gmt":"2009-01-19T22:07:02","slug":"proexport-y-avianca-ofrecen-coctel","status":"publish","type":"post","link":"https:\/\/diariodominicano.com\/?p=92039","title":{"rendered":"Proexport y Avianca ofrecen coctel"},"content":{"rendered":"<p><body><\/p>\n<p align=\"justify\"><span class=\"titulogrande1\">Proexport y Avianca  ofrecen coctel<\/span><br \/>&#13;<br \/>\n  <br \/>&#13;<br \/>\n    <span class=\"text1noticias\"><img loading=\"lazy\" decoding=\"async\" src=\"http:\/\/localhost:8080\/gente\/img\/avianca.jpg\" width=\"375\" height=\"251\" hspace=\"4\" align=\"left\" \/>La Oficina   Comercial del Gobierno de Colombia,  Proexport Caribe, en alianza con AVIANCA, ofrecieron un cocktail, en el  restaurante Cane, para agradecer a los empresarios\u00a0 y medios por su apoyo. <br \/>&#13;<br \/>\n    <br \/>&#13;<br \/>\n    A la vez fue  presentado por el director de la entidad para el Caribe, Carlos Gonzalez, la  campa\u00f1a de turismo de Colombia:\u00a0 \u00cbl  riesgo es que te quieras quedar\u00a8 d\u00f3nde demostr\u00f3 por que Colombia es un destino  para conocer y disfrutar.<br \/>&#13;<br \/>\n    <br \/>&#13;<br \/>\n    A su vez, la  representante local de Proexport Colombia en Rep\u00fablica Dominicana, Elena  Rodr\u00edguez indic\u00f3 que agradecen a su principal socio comercial en el Caribe,  Republica Dominicana, quien nos ha apoyado durante la gesti\u00f3n del 2008 con  importaciones por m\u00e1s de $500 millones de d\u00f3lares en lo corrido del a\u00f1o, con  importaciones en diversos sectores.\u00a0<br \/>&#13;<br \/>\n    Tambi\u00e9n indic\u00f3 que en turismo las cifras muy\u00a0 alentadoras\u00a0  y gracias a la apertura de nuevas rutas, destinos y la presencia de  Avianca, han ayudado a incrementar considerablemente el numero de turistas a  nuestro pais, bien sea por negocios o placer.<br \/>&#13;<br \/>\n    <br \/>&#13;<br \/>\n    Resalt\u00f3 que  los medios en Rep\u00fablica Dominicana se han hecho parte de esta campa\u00f1a positiva  con un importante aporte en el \u00faltimo a\u00f1o.<br \/>&#13;<br \/>\n    <br \/>&#13;<br \/>\n    La campa\u00f1a de  Colombia es Pasi\u00f3n que busca cerrar la brecha entre la percepci\u00f3n y la realidad  ha tenido \u00e9xito en Republica Dominicana y este cocktail es una manera de decir:  GRACIAS!<br \/>&#13;<br \/>\n    <br \/>&#13;<br \/>\nPor parte de  Avianca, la gerente general en Rep Dominicana, Monica Velazquez presento las  ventajas de la aerol\u00ednea para llegar a este destino e indic\u00f3 la pr\u00f3xima apertura  de sus oficinas en la ciudad.<\/span><\/p>\n<p>&#13;<\/p>\n<h6> 2009-01-19 22:07:02 <\/h6>\n<p><!--\n<link rel=\"stylesheet\" href=\"css\/bootstrap.min.css\">\n\n\n<ul class=\"pagination\">\n\t    \n\t\n\n<li >\n\t<a href='?page_no=20660'>Previous<\/a>\n\t<\/li>\n\n\n       \n    \n\n<li><a href='?page_no=1'>1<\/a><\/li>\n\n\n\n<li><a href='?page_no=2'>2<\/a><\/li>\n\n\n\n<li><a>...<\/a><\/li>\n\n\n\n<li><a href='?page_no=20659'>20659<\/a><\/li>\n\n\n\n<li><a href='?page_no=20660'>20660<\/a><\/li>\n\n\n\n<li class='active'><a>20661<\/a><\/li>\n\n\n\n<li><a href='?page_no=20662'>20662<\/a><\/li>\n\n\n\n<li><a href='?page_no=20663'>20663<\/a><\/li>\n\n\n\n<li><a>...<\/a><\/li>\n\n\n\n<li><a href='?page_no=22522'>22522<\/a><\/li>\n\n\n\n<li><a href='?page_no=22523'>22523<\/a><\/li>\n\n    \n\t\n\n<li >\n\t<a href='?page_no=20662'>Next<\/a>\n\t<\/li>\n\n\n    \n\n<li><a href='?page_no=22523'>Last &rsaquo;&rsaquo;<\/a><\/li>\n\n<\/ul>\n\n\n--><br \/>\n<\/body><\/p>\n","protected":false},"excerpt":{"rendered":"<p>Proexport y Avianca ofrecen coctel&#13; &#13; La Oficina Comercial del Gobierno de Colombia, Proexport Caribe, en alianza con AVIANCA, ofrecieron un cocktail, en el restaurante Cane, para agradecer a los empresarios\u00a0 y medios por su apoyo. &#13; &#13; A la vez fue presentado por el director de la entidad para el Caribe, Carlos Gonzalez, la [&hellip;]<\/p>\n","protected":false},"author":3,"featured_media":0,"comment_status":"open","ping_status":"open","sticky":false,"template":"","format":"standard","meta":{"footnotes":""},"categories":[25],"tags":[],"class_list":["post-92039","post","type-post","status-publish","format-standard","hentry","category-gente"],"_links":{"self":[{"href":"https:\/\/diariodominicano.com\/index.php?rest_route=\/wp\/v2\/posts\/92039","targetHints":{"allow":["GET"]}}],"collection":[{"href":"https:\/\/diariodominicano.com\/index.php?rest_route=\/wp\/v2\/posts"}],"about":[{"href":"https:\/\/diariodominicano.com\/index.php?rest_route=\/wp\/v2\/types\/post"}],"author":[{"embeddable":true,"href":"https:\/\/diariodominicano.com\/index.php?rest_route=\/wp\/v2\/users\/3"}],"replies":[{"embeddable":true,"href":"https:\/\/diariodominicano.com\/index.php?rest_route=%2Fwp%2Fv2%2Fcomments&post=92039"}],"version-history":[{"count":0,"href":"https:\/\/diariodominicano.com\/index.php?rest_route=\/wp\/v2\/posts\/92039\/revisions"}],"wp:attachment":[{"href":"https:\/\/diariodominicano.com\/index.php?rest_route=%2Fwp%2Fv2%2Fmedia&parent=92039"}],"wp:term":[{"taxonomy":"category","embeddable":true,"href":"https:\/\/diariodominicano.com\/index.php?rest_route=%2Fwp%2Fv2%2Fcategories&post=92039"},{"taxonomy":"post_tag","embeddable":true,"href":"https:\/\/diariodominicano.com\/index.php?rest_route=%2Fwp%2Fv2%2Ftags&post=92039"}],"curies":[{"name":"wp","href":"https:\/\/api.w.org\/{rel}","templated":true}]}}