{"id":92038,"date":"2009-01-19T22:44:21","date_gmt":"2009-01-19T22:44:21","guid":{"rendered":"http:\/\/diariodominicano.ddns.net\/?p=92038"},"modified":"2009-01-19T22:44:21","modified_gmt":"2009-01-19T22:44:21","slug":"telenoticias-ofrecera-cobertura-especial-de-la-toma-de-posesion-de-barak-obama","status":"publish","type":"post","link":"https:\/\/diariodominicano.com\/?p=92038","title":{"rendered":"TELENOTICIAS OFRECER\u00c1 COBERTURA ESPECIAL DE LA TOMA DE POSESI\u00d3N DE BARAK OBAMA"},"content":{"rendered":"<p><body><\/p>\n<p align=\"justify\" class=\"titulogrande1\"><strong>TELENOTICIAS  OFRECER\u00c1 COBERTURA ESPECIAL DE LA TOMA DE  POSESI\u00d3N DE BARAK OBAMA<\/strong><\/p>\n<p>&#13;<\/p>\n<p>\u00a0<\/p>\n<p>&#13;<\/p>\n<p align=\"justify\" class=\"text1noticias\"><img loading=\"lazy\" decoding=\"async\" src=\"http:\/\/localhost:8080\/gente\/img\/lostre.jpg\" width=\"375\" height=\"307\" hspace=\"4\" align=\"left\" \/>Este martes 20 de enero, a partir de  las 12 del mediod\u00eda, Telenoticias transmitir\u00e1 la toma de posesi\u00f3n del  presidente electo de los Estados Unidos Barak Obama.<\/p>\n<p>&#13;<\/p>\n<p align=\"justify\" class=\"text1noticias\">Los detalles del acontecimiento  pol\u00edtico m\u00e1s esperado, ser\u00e1n ofrecidos en vivo,\u00a0  a trav\u00e9s de la afiliaci\u00f3n de Telesistema canal 11 a CNN en espa\u00f1ol. <\/p>\n<p>&#13;<\/p>\n<p align=\"justify\" class=\"text1noticias\">El equipo de Telenoticias, encabezado  por Roberto Cavada, Azize Melgen, Evelyn Belliard y un grupo de polit\u00f3logos,  emitir\u00e1 boletines, comentarios y una amplia cobertura, v\u00eda sat\u00e9lite, de la  ascensi\u00f3n al poder del primer hombre afro americano a la presidencia de los  Estados Unidos. <\/p>\n<p>&#13;<\/p>\n<h6> 2009-01-19 22:44:21 <\/h6>\n<p><!--\n<link rel=\"stylesheet\" href=\"css\/bootstrap.min.css\">\n\n\n<ul class=\"pagination\">\n\t    \n\t\n\n<li >\n\t<a href='?page_no=20659'>Previous<\/a>\n\t<\/li>\n\n\n       \n    \n\n<li><a href='?page_no=1'>1<\/a><\/li>\n\n\n\n<li><a href='?page_no=2'>2<\/a><\/li>\n\n\n\n<li><a>...<\/a><\/li>\n\n\n\n<li><a href='?page_no=20658'>20658<\/a><\/li>\n\n\n\n<li><a href='?page_no=20659'>20659<\/a><\/li>\n\n\n\n<li class='active'><a>20660<\/a><\/li>\n\n\n\n<li><a href='?page_no=20661'>20661<\/a><\/li>\n\n\n\n<li><a href='?page_no=20662'>20662<\/a><\/li>\n\n\n\n<li><a>...<\/a><\/li>\n\n\n\n<li><a href='?page_no=22522'>22522<\/a><\/li>\n\n\n\n<li><a href='?page_no=22523'>22523<\/a><\/li>\n\n    \n\t\n\n<li >\n\t<a href='?page_no=20661'>Next<\/a>\n\t<\/li>\n\n\n    \n\n<li><a href='?page_no=22523'>Last &rsaquo;&rsaquo;<\/a><\/li>\n\n<\/ul>\n\n\n--><br \/>\n<\/body><\/p>\n","protected":false},"excerpt":{"rendered":"<p>TELENOTICIAS OFRECER\u00c1 COBERTURA ESPECIAL DE LA TOMA DE POSESI\u00d3N DE BARAK OBAMA &#13; \u00a0 &#13; Este martes 20 de enero, a partir de las 12 del mediod\u00eda, Telenoticias transmitir\u00e1 la toma de posesi\u00f3n del presidente electo de los Estados Unidos Barak Obama. &#13; Los detalles del acontecimiento pol\u00edtico m\u00e1s esperado, ser\u00e1n ofrecidos en vivo,\u00a0 a [&hellip;]<\/p>\n","protected":false},"author":3,"featured_media":0,"comment_status":"open","ping_status":"open","sticky":false,"template":"","format":"standard","meta":{"footnotes":""},"categories":[25],"tags":[],"class_list":["post-92038","post","type-post","status-publish","format-standard","hentry","category-gente"],"_links":{"self":[{"href":"https:\/\/diariodominicano.com\/index.php?rest_route=\/wp\/v2\/posts\/92038","targetHints":{"allow":["GET"]}}],"collection":[{"href":"https:\/\/diariodominicano.com\/index.php?rest_route=\/wp\/v2\/posts"}],"about":[{"href":"https:\/\/diariodominicano.com\/index.php?rest_route=\/wp\/v2\/types\/post"}],"author":[{"embeddable":true,"href":"https:\/\/diariodominicano.com\/index.php?rest_route=\/wp\/v2\/users\/3"}],"replies":[{"embeddable":true,"href":"https:\/\/diariodominicano.com\/index.php?rest_route=%2Fwp%2Fv2%2Fcomments&post=92038"}],"version-history":[{"count":0,"href":"https:\/\/diariodominicano.com\/index.php?rest_route=\/wp\/v2\/posts\/92038\/revisions"}],"wp:attachment":[{"href":"https:\/\/diariodominicano.com\/index.php?rest_route=%2Fwp%2Fv2%2Fmedia&parent=92038"}],"wp:term":[{"taxonomy":"category","embeddable":true,"href":"https:\/\/diariodominicano.com\/index.php?rest_route=%2Fwp%2Fv2%2Fcategories&post=92038"},{"taxonomy":"post_tag","embeddable":true,"href":"https:\/\/diariodominicano.com\/index.php?rest_route=%2Fwp%2Fv2%2Ftags&post=92038"}],"curies":[{"name":"wp","href":"https:\/\/api.w.org\/{rel}","templated":true}]}}