{"id":92036,"date":"2009-01-20T15:22:27","date_gmt":"2009-01-20T15:22:27","guid":{"rendered":"http:\/\/diariodominicano.ddns.net\/?p=92036"},"modified":"2009-01-20T15:22:27","modified_gmt":"2009-01-20T15:22:27","slug":"bautizan-con-nombre-de-freddy-beras-goico-edificio-fundacion-cruz-jiminian","status":"publish","type":"post","link":"https:\/\/diariodominicano.com\/?p=92036","title":{"rendered":"Bautizan con nombre de Freddy Beras Goico edificio fundaci\u00f3n Cruz Jimini\u00e1n"},"content":{"rendered":"<p><body><\/p>\n<p class=\"titulogrande1\"><strong>Bautizan con nombre de Freddy Beras Goico edificio fundaci\u00f3n Cruz  Jimini\u00e1n<\/strong><\/p>\n<p>&#13;<\/p>\n<p><strong>\u00a0<\/strong><\/p>\n<p>&#13;<\/p>\n<p align=\"justify\" class=\"text1noticias\"><strong><img loading=\"lazy\" decoding=\"async\" src=\"http:\/\/localhost:8080\/gente\/img\/goicos.jpg\" width=\"375\" height=\"232\" hspace=\"4\" align=\"left\" \/>Santo Domingo,  Rep\u00fablica Dominicana.-<\/strong> Con el nombre de Freddy Beras Goico fue bautizado el  edificio que alberga las instalaciones de la fundaci\u00f3n Cruz Jimini\u00e1n de Cristo  Rey en Santo Domingo.<\/p>\n<p>&#13;<\/p>\n<p align=\"justify\" class=\"text1noticias\">En un acto encabezado por el propietario  de la cl\u00ednica y al que se dieron cita importantes personalidades del que hacer  pol\u00edtico y social de la Rep\u00fablica Dominicana, Freddy Beras Goico, fue  reconocido como un defensor de los m\u00e1s necesitados.<\/p>\n<p>&#13;<\/p>\n<p align=\"justify\" class=\"text1noticias\">En sus palabras centrales el Dr Cruz  Jimini\u00e1n, destac\u00f3 los valores humanos del comunicador al tiempo que lo describ\u00eda  como el artista m\u00e1s completo del pa\u00eds.<\/p>\n<p>&#13;<\/p>\n<p align=\"justify\" class=\"text1noticias\">\u00abFreddy Beras Goico es sin dudas la  m\u00e1s alta figura de la comunicaci\u00f3n social pero a la vez es el dominicano m\u00e1s  sensible ante la necesidad de los m\u00e1s necesitados\u00bb.<\/p>\n<p>&#13;<\/p>\n<p align=\"justify\" class=\"text1noticias\">\u00abPor sus m\u00e9ritos ha sabido caminar  por alfombras pero tambi\u00e9n ha tenido que trillar caminos de espinas cuando en  defensa de los mejores intereses de la naci\u00f3n ha puesto su vida en  peligro\u00bb\u2026 expres\u00f3 el Dr Cruz.<\/p>\n<p>&#13;<\/p>\n<p align=\"justify\" class=\"text1noticias\">Agreg\u00f3 que \u00abeste acto no lo llevo a  cabo para que Freddy hable bien de m\u00ed, pues demasiadas cosas buenas dice \u00e9l  sobre nosotros; es para reconocer a una persona que lo ha dado todo sin pasar  factura a su patria, sin pedir nada a cambio\u00bb.<\/p>\n<p>&#13;<\/p>\n<p align=\"justify\" class=\"text1noticias\">Tras desvelizar el rotulado del  edificio, Cruz Jimini\u00e1n pidi\u00f3 a sus descendientes que respeten su voluntad y  que nunca sea removido el nombre de Freddy Beras Goico de la edificaci\u00f3n,  \u00abpues es un peque\u00f1o reconocimiento a la grandeza de un hombre que ha dado  siempre la cara por su patria\u00bb.<\/p>\n<p>&#13;<\/p>\n<p align=\"justify\" class=\"text1noticias\">En la ceremonia estuvo presente el Dr  Vincho Castillo, los senadores Jes\u00fas Vazquez y Wilton Guerrero, los diputados  Julio Horton y Lila Alburquerque, as\u00ed como distinguidos miembros de la  comunidad de Cristo Rey, quienes fueron a endosar la decisi\u00f3n del Dr Cruz  Jimini\u00e1n de bautizar con el nombre del empresario televisivo el edificio de su  fundaci\u00f3n.<\/p>\n<p>&#13;<\/p>\n<p align=\"justify\" class=\"text1noticias\">En el intermedio del acto la ARS Renacer  en la persona de su gerente general, el Dr Sergio Dur\u00e1n, hizo entrega de una  placa de reconocimiento a Beras Goico, por su ayuda desinteresada a la  comunidad.<\/p>\n<p>&#13;<\/p>\n<h6> 2009-01-20 15:22:27 <\/h6>\n<p><!--\n<link rel=\"stylesheet\" href=\"css\/bootstrap.min.css\">\n\n\n<ul class=\"pagination\">\n\t    \n\t\n\n<li >\n\t<a href='?page_no=20657'>Previous<\/a>\n\t<\/li>\n\n\n       \n    \n\n<li><a href='?page_no=1'>1<\/a><\/li>\n\n\n\n<li><a href='?page_no=2'>2<\/a><\/li>\n\n\n\n<li><a>...<\/a><\/li>\n\n\n\n<li><a href='?page_no=20656'>20656<\/a><\/li>\n\n\n\n<li><a href='?page_no=20657'>20657<\/a><\/li>\n\n\n\n<li class='active'><a>20658<\/a><\/li>\n\n\n\n<li><a href='?page_no=20659'>20659<\/a><\/li>\n\n\n\n<li><a href='?page_no=20660'>20660<\/a><\/li>\n\n\n\n<li><a>...<\/a><\/li>\n\n\n\n<li><a href='?page_no=22522'>22522<\/a><\/li>\n\n\n\n<li><a href='?page_no=22523'>22523<\/a><\/li>\n\n    \n\t\n\n<li >\n\t<a href='?page_no=20659'>Next<\/a>\n\t<\/li>\n\n\n    \n\n<li><a href='?page_no=22523'>Last &rsaquo;&rsaquo;<\/a><\/li>\n\n<\/ul>\n\n\n--><br \/>\n<\/body><\/p>\n","protected":false},"excerpt":{"rendered":"<p>Bautizan con nombre de Freddy Beras Goico edificio fundaci\u00f3n Cruz Jimini\u00e1n &#13; \u00a0 &#13; Santo Domingo, Rep\u00fablica Dominicana.- Con el nombre de Freddy Beras Goico fue bautizado el edificio que alberga las instalaciones de la fundaci\u00f3n Cruz Jimini\u00e1n de Cristo Rey en Santo Domingo. &#13; En un acto encabezado por el propietario de la cl\u00ednica [&hellip;]<\/p>\n","protected":false},"author":3,"featured_media":0,"comment_status":"open","ping_status":"open","sticky":false,"template":"","format":"standard","meta":{"footnotes":""},"categories":[25],"tags":[],"class_list":["post-92036","post","type-post","status-publish","format-standard","hentry","category-gente"],"_links":{"self":[{"href":"https:\/\/diariodominicano.com\/index.php?rest_route=\/wp\/v2\/posts\/92036","targetHints":{"allow":["GET"]}}],"collection":[{"href":"https:\/\/diariodominicano.com\/index.php?rest_route=\/wp\/v2\/posts"}],"about":[{"href":"https:\/\/diariodominicano.com\/index.php?rest_route=\/wp\/v2\/types\/post"}],"author":[{"embeddable":true,"href":"https:\/\/diariodominicano.com\/index.php?rest_route=\/wp\/v2\/users\/3"}],"replies":[{"embeddable":true,"href":"https:\/\/diariodominicano.com\/index.php?rest_route=%2Fwp%2Fv2%2Fcomments&post=92036"}],"version-history":[{"count":0,"href":"https:\/\/diariodominicano.com\/index.php?rest_route=\/wp\/v2\/posts\/92036\/revisions"}],"wp:attachment":[{"href":"https:\/\/diariodominicano.com\/index.php?rest_route=%2Fwp%2Fv2%2Fmedia&parent=92036"}],"wp:term":[{"taxonomy":"category","embeddable":true,"href":"https:\/\/diariodominicano.com\/index.php?rest_route=%2Fwp%2Fv2%2Fcategories&post=92036"},{"taxonomy":"post_tag","embeddable":true,"href":"https:\/\/diariodominicano.com\/index.php?rest_route=%2Fwp%2Fv2%2Ftags&post=92036"}],"curies":[{"name":"wp","href":"https:\/\/api.w.org\/{rel}","templated":true}]}}