{"id":92035,"date":"2009-01-20T20:32:04","date_gmt":"2009-01-20T20:32:04","guid":{"rendered":"http:\/\/diariodominicano.ddns.net\/?p=92035"},"modified":"2009-01-20T20:32:04","modified_gmt":"2009-01-20T20:32:04","slug":"jean-desde-hoy-en-itunes-con-la-cancion-de-la-semana","status":"publish","type":"post","link":"https:\/\/diariodominicano.com\/?p=92035","title":{"rendered":"Jean desde hoy en Itunes con la \u201cCanci\u00f3n de la Semana\u201d"},"content":{"rendered":"<p><body><\/p>\n<p align=\"justify\"><span class=\"titulogrande1\">Jean desde hoy en  Itunes con la \u201cCanci\u00f3n de la Semana\u201d<\/span><br \/>&#13;<br \/>\n  <br \/>&#13;<br \/>\n    <span class=\"text1noticias\"><img loading=\"lazy\" decoding=\"async\" src=\"http:\/\/localhost:8080\/gente\/img\/jeane.jpg\" width=\"375\" height=\"283\" hspace=\"4\" align=\"left\" \/>Miami, FL, 20 de  enero del 2009.- <a href=\"http:\/\/www.ffmediacorp.com\/fotos\/CoverOutthebox.jpg\"><strong>Jean<\/strong><\/a>, la nueva revelaci\u00f3n de la m\u00fasica pop,  estrenar\u00e1 sus sencillos \u201c<a href=\"http:\/\/www.ffmediacorp.com\/ecards\/331\"><strong>Peligro de Extinci\u00f3n<\/strong><\/a>\u201d y \u201c<a href=\"http:\/\/www.ffmediacorp.com\/ecards\/332\"><strong>Stop the Clock<\/strong><\/a>\u201d,\u00a0 como parte de la promoci\u00f3n \u201cCanci\u00f3n de la  semana\u201d, de la tienda de m\u00fasica online <a href=\"http:\/\/www.apple.com\/itunes\/overview\/\"><strong>iTunes<\/strong><\/a>.<br \/>&#13;<br \/>\n    <br \/>&#13;<br \/>\n    Ambos lanzamientos est\u00e1n disponibles en el portal a  partir de hoy 20 de enero.<br \/>&#13;<br \/>\n    <br \/>&#13;<br \/>\nEstas dos composiciones pertenecen al \u00e1lbum debut de  Jean \u201cOut of the  box\u201d, producci\u00f3n discogr\u00e1fica que llega bajo el sello musical Sony Music.<\/span><\/p>\n<p>&#13;<\/p>\n<h6> 2009-01-20 20:32:04 <\/h6>\n<p><!--\n<link rel=\"stylesheet\" href=\"css\/bootstrap.min.css\">\n\n\n<ul class=\"pagination\">\n\t    \n\t\n\n<li >\n\t<a href='?page_no=20656'>Previous<\/a>\n\t<\/li>\n\n\n       \n    \n\n<li><a href='?page_no=1'>1<\/a><\/li>\n\n\n\n<li><a href='?page_no=2'>2<\/a><\/li>\n\n\n\n<li><a>...<\/a><\/li>\n\n\n\n<li><a href='?page_no=20655'>20655<\/a><\/li>\n\n\n\n<li><a href='?page_no=20656'>20656<\/a><\/li>\n\n\n\n<li class='active'><a>20657<\/a><\/li>\n\n\n\n<li><a href='?page_no=20658'>20658<\/a><\/li>\n\n\n\n<li><a href='?page_no=20659'>20659<\/a><\/li>\n\n\n\n<li><a>...<\/a><\/li>\n\n\n\n<li><a href='?page_no=22522'>22522<\/a><\/li>\n\n\n\n<li><a href='?page_no=22523'>22523<\/a><\/li>\n\n    \n\t\n\n<li >\n\t<a href='?page_no=20658'>Next<\/a>\n\t<\/li>\n\n\n    \n\n<li><a href='?page_no=22523'>Last &rsaquo;&rsaquo;<\/a><\/li>\n\n<\/ul>\n\n\n--><br \/>\n<\/body><\/p>\n","protected":false},"excerpt":{"rendered":"<p>Jean desde hoy en Itunes con la \u201cCanci\u00f3n de la Semana\u201d&#13; &#13; Miami, FL, 20 de enero del 2009.- Jean, la nueva revelaci\u00f3n de la m\u00fasica pop, estrenar\u00e1 sus sencillos \u201cPeligro de Extinci\u00f3n\u201d y \u201cStop the Clock\u201d,\u00a0 como parte de la promoci\u00f3n \u201cCanci\u00f3n de la semana\u201d, de la tienda de m\u00fasica online iTunes.&#13; &#13; Ambos [&hellip;]<\/p>\n","protected":false},"author":3,"featured_media":0,"comment_status":"open","ping_status":"open","sticky":false,"template":"","format":"standard","meta":{"footnotes":""},"categories":[25],"tags":[],"class_list":["post-92035","post","type-post","status-publish","format-standard","hentry","category-gente"],"_links":{"self":[{"href":"https:\/\/diariodominicano.com\/index.php?rest_route=\/wp\/v2\/posts\/92035","targetHints":{"allow":["GET"]}}],"collection":[{"href":"https:\/\/diariodominicano.com\/index.php?rest_route=\/wp\/v2\/posts"}],"about":[{"href":"https:\/\/diariodominicano.com\/index.php?rest_route=\/wp\/v2\/types\/post"}],"author":[{"embeddable":true,"href":"https:\/\/diariodominicano.com\/index.php?rest_route=\/wp\/v2\/users\/3"}],"replies":[{"embeddable":true,"href":"https:\/\/diariodominicano.com\/index.php?rest_route=%2Fwp%2Fv2%2Fcomments&post=92035"}],"version-history":[{"count":0,"href":"https:\/\/diariodominicano.com\/index.php?rest_route=\/wp\/v2\/posts\/92035\/revisions"}],"wp:attachment":[{"href":"https:\/\/diariodominicano.com\/index.php?rest_route=%2Fwp%2Fv2%2Fmedia&parent=92035"}],"wp:term":[{"taxonomy":"category","embeddable":true,"href":"https:\/\/diariodominicano.com\/index.php?rest_route=%2Fwp%2Fv2%2Fcategories&post=92035"},{"taxonomy":"post_tag","embeddable":true,"href":"https:\/\/diariodominicano.com\/index.php?rest_route=%2Fwp%2Fv2%2Ftags&post=92035"}],"curies":[{"name":"wp","href":"https:\/\/api.w.org\/{rel}","templated":true}]}}