{"id":92034,"date":"2009-01-20T22:23:01","date_gmt":"2009-01-20T22:23:01","guid":{"rendered":"http:\/\/diariodominicano.ddns.net\/?p=92034"},"modified":"2009-01-20T22:23:01","modified_gmt":"2009-01-20T22:23:01","slug":"tesoreria-de-la-seguridad-social-recibe-medalla-de-oro-del-premio-nacional-a-la-calidad","status":"publish","type":"post","link":"https:\/\/diariodominicano.com\/?p=92034","title":{"rendered":"Tesorer\u00eda de la Seguridad Social recibe Medalla de Oro del Premio Nacional a la Calidad"},"content":{"rendered":"<p><body><\/p>\n<p align=\"justify\" class=\"titulogrande1\"><strong>Tesorer\u00eda de  la Seguridad Social  recibe Medalla de Oro del Premio Nacional a la Calidad<\/strong><\/p>\n<p>&#13;<\/p>\n<p align=\"justify\" class=\"text1noticias\"><img loading=\"lazy\" decoding=\"async\" src=\"http:\/\/localhost:8080\/gente\/img\/premias.jpg\" width=\"375\" height=\"266\" hspace=\"4\" align=\"left\" \/>SANTO DOMINGO.- La Tesorer\u00eda de la Seguridad Social (TSS) recibi\u00f3 el galard\u00f3n Medalla  de Oro, m\u00e1ximo reconocimiento otorgado por el Premio Nacional a la Calidad por  el excelente desempe\u00f1o en pr\u00e1cticas promisorias y mejoras significativas de los  servicios prestados durante el 2008.<\/p>\n<p>&#13;<\/p>\n<p align=\"justify\" class=\"text1noticias\">El ingeniero Henry Sahdal\u00e1, Tesorero  de la Seguridad Social,  recibi\u00f3 el galard\u00f3n durante una ceremonia encabezada por el Presidente Leonel  Fern\u00e1ndez, en el sal\u00f3n de las Cari\u00e1tides del Palacio Nacional<\/p>\n<p>&#13;<\/p>\n<p align=\"justify\" class=\"text1noticias\">La premiaci\u00f3n, otorgada por la Secretar\u00eda  de Estado de Administraci\u00f3n P\u00fablica, valora las pr\u00e1cticas promisorias y  promueve la calidad y efectividad de los procesos de las instituciones del  Estado. <\/p>\n<p>&#13;<\/p>\n<p align=\"justify\" class=\"text1noticias\">Al recibir el galard\u00f3n, el ingeniero Sahdal\u00e1  agradeci\u00f3 la valoraci\u00f3n del jurado al desempe\u00f1o de la Tesorer\u00eda de la Seguridad Social  y reiter\u00f3 el compromiso de mejorar la utilidad de los procesos en beneficios de  los usuarios.<\/p>\n<p>&#13;<\/p>\n<p align=\"justify\" class=\"text1noticias\">\u201cCon este reconocimiento\u201d, resalt\u00f3,\u201dla  Tesorer\u00eda de la   Seguridad Social confirma una vez m\u00e1s la eficiencia,  confiabilidad y transparencia que le ha caracterizado, sumado a un alto sentido  de calidad en sus servicios\u201d.<\/p>\n<p>&#13;<\/p>\n<p align=\"justify\" class=\"text1noticias\">El\u00a0  Premio Nacional a la Calidad fue instituido hace tres a\u00f1os y se otorga  en varias categor\u00edas a Instituciones P\u00fablicas.-\u00a0 <\/p>\n<p>&#13;<\/p>\n<h6> 2009-01-20 22:23:01 <\/h6>\n<p><!--\n<link rel=\"stylesheet\" href=\"css\/bootstrap.min.css\">\n\n\n<ul class=\"pagination\">\n\t    \n\t\n\n<li >\n\t<a href='?page_no=20655'>Previous<\/a>\n\t<\/li>\n\n\n       \n    \n\n<li><a href='?page_no=1'>1<\/a><\/li>\n\n\n\n<li><a href='?page_no=2'>2<\/a><\/li>\n\n\n\n<li><a>...<\/a><\/li>\n\n\n\n<li><a href='?page_no=20654'>20654<\/a><\/li>\n\n\n\n<li><a href='?page_no=20655'>20655<\/a><\/li>\n\n\n\n<li class='active'><a>20656<\/a><\/li>\n\n\n\n<li><a href='?page_no=20657'>20657<\/a><\/li>\n\n\n\n<li><a href='?page_no=20658'>20658<\/a><\/li>\n\n\n\n<li><a>...<\/a><\/li>\n\n\n\n<li><a href='?page_no=22522'>22522<\/a><\/li>\n\n\n\n<li><a href='?page_no=22523'>22523<\/a><\/li>\n\n    \n\t\n\n<li >\n\t<a href='?page_no=20657'>Next<\/a>\n\t<\/li>\n\n\n    \n\n<li><a href='?page_no=22523'>Last &rsaquo;&rsaquo;<\/a><\/li>\n\n<\/ul>\n\n\n--><br \/>\n<\/body><\/p>\n","protected":false},"excerpt":{"rendered":"<p>Tesorer\u00eda de la Seguridad Social recibe Medalla de Oro del Premio Nacional a la Calidad &#13; SANTO DOMINGO.- La Tesorer\u00eda de la Seguridad Social (TSS) recibi\u00f3 el galard\u00f3n Medalla de Oro, m\u00e1ximo reconocimiento otorgado por el Premio Nacional a la Calidad por el excelente desempe\u00f1o en pr\u00e1cticas promisorias y mejoras significativas de los servicios prestados [&hellip;]<\/p>\n","protected":false},"author":3,"featured_media":0,"comment_status":"open","ping_status":"open","sticky":false,"template":"","format":"standard","meta":{"footnotes":""},"categories":[25],"tags":[],"class_list":["post-92034","post","type-post","status-publish","format-standard","hentry","category-gente"],"_links":{"self":[{"href":"https:\/\/diariodominicano.com\/index.php?rest_route=\/wp\/v2\/posts\/92034","targetHints":{"allow":["GET"]}}],"collection":[{"href":"https:\/\/diariodominicano.com\/index.php?rest_route=\/wp\/v2\/posts"}],"about":[{"href":"https:\/\/diariodominicano.com\/index.php?rest_route=\/wp\/v2\/types\/post"}],"author":[{"embeddable":true,"href":"https:\/\/diariodominicano.com\/index.php?rest_route=\/wp\/v2\/users\/3"}],"replies":[{"embeddable":true,"href":"https:\/\/diariodominicano.com\/index.php?rest_route=%2Fwp%2Fv2%2Fcomments&post=92034"}],"version-history":[{"count":0,"href":"https:\/\/diariodominicano.com\/index.php?rest_route=\/wp\/v2\/posts\/92034\/revisions"}],"wp:attachment":[{"href":"https:\/\/diariodominicano.com\/index.php?rest_route=%2Fwp%2Fv2%2Fmedia&parent=92034"}],"wp:term":[{"taxonomy":"category","embeddable":true,"href":"https:\/\/diariodominicano.com\/index.php?rest_route=%2Fwp%2Fv2%2Fcategories&post=92034"},{"taxonomy":"post_tag","embeddable":true,"href":"https:\/\/diariodominicano.com\/index.php?rest_route=%2Fwp%2Fv2%2Ftags&post=92034"}],"curies":[{"name":"wp","href":"https:\/\/api.w.org\/{rel}","templated":true}]}}