{"id":92033,"date":"2009-01-21T01:01:15","date_gmt":"2009-01-21T01:01:15","guid":{"rendered":"http:\/\/diariodominicano.ddns.net\/?p=92033"},"modified":"2009-01-21T01:01:15","modified_gmt":"2009-01-21T01:01:15","slug":"la-asociacion-de-cronistas-de-arte-acroarte-y-el-centro-cultural-eduardo-leon-jimenes-firman-acuerdo-de-colaboracion-interinstitucional","status":"publish","type":"post","link":"https:\/\/diariodominicano.com\/?p=92033","title":{"rendered":"La Asociaci\u00f3n de Cronistas de Arte (ACROARTE) y el Centro Cultural Eduardo Le\u00f3n Jimenes firman acuerdo de colaboraci\u00f3n interinstitucional"},"content":{"rendered":"<p><body><\/p>\n<p align=\"justify\" class=\"titulogrande1\"><strong>La Asociaci\u00f3n de  Cronistas de Arte (ACROARTE) y el Centro Cultural Eduardo Le\u00f3n Jimenes firman acuerdo de colaboraci\u00f3n  interinstitucional <\/strong><\/p>\n<p>&#13;<\/p>\n<p>\u00a0<\/p>\n<p>&#13;<\/p>\n<p align=\"justify\" class=\"text1noticias\"><strong>Ambas organizaciones tienen como parte de su misi\u00f3n  gestar acciones que contribuyan con lealtad y vocaci\u00f3n de servicio a la defensa  del arte dominicano, la \u00e9tica profesional, el respeto por los dem\u00e1s, los  principios morales y la intelectualidad.<\/strong><\/p>\n<p>&#13;<\/p>\n<p align=\"justify\" class=\"text1noticias\"><strong>\u00a0<\/strong><\/p>\n<p>&#13;<\/p>\n<p align=\"justify\" class=\"text1noticias\"><img loading=\"lazy\" decoding=\"async\" src=\"http:\/\/localhost:8080\/gente\/img\/acroz.jpg\" width=\"375\" height=\"257\" hspace=\"4\" align=\"left\" \/>Los miembros de ACROARTE sostuvieron un encuentro con representantes del  Centro Le\u00f3n, con el fin de aumentar el conocimiento  mutuo y hacer efectivo el convenio de colaboraci\u00f3n, por  el cual las instituciones se comprometieron aunar esfuerzos para el dise\u00f1o y puesta en marcha de proyectos y  actividades que\u00a0 apoyen el desarrollo de  las artes en el pa\u00eds.<\/p>\n<p>&#13;<\/p>\n<p align=\"justify\" class=\"text1noticias\">Este acuerdo estar\u00e1 vigente por tres a\u00f1os, periodo en  que se elaborar\u00e1n programas de proyectos y actividades a realizar de manera  conjunta; se facilitar\u00e1n el conocimiento, la promoci\u00f3n y la difusi\u00f3n de las  respectivas actividades ante otras entidades a trav\u00e9s de diversos medios, entre  ellos, el enlace de las p\u00e1ginas electr\u00f3nicas de ambas instituciones.<\/p>\n<p>&#13;<\/p>\n<p align=\"justify\" class=\"text1noticias\">A su vez, se realizar\u00e1n por partes iguales aportes econ\u00f3micos,  log\u00edsticos, operativos o de otra \u00edndole para la adecuada y completa ejecuci\u00f3n  de las iniciativas que se emprendan; adem\u00e1s de posibilitar el intercambio  rec\u00edproco de cr\u00f3nicas, notas, y opiniones que est\u00e9n relacionadas con el  desarrollo de la producci\u00f3n art\u00edstica del pa\u00eds.<\/p>\n<p>&#13;<\/p>\n<p align=\"justify\" class=\"text1noticias\">La sesi\u00f3n del encuentro estuvo encabezada por los miembros de ACROARTE y  los principales representantes del Centro Le\u00f3n, quienes visitaron las  instalaciones de la entidad cultural, mediante un recorrido por las muestras  expositivas <em>Signos de Identidad y G\u00e9nesis  y Trayectoria<\/em>, asimismo, se realiz\u00f3 un tr\u00e1nsito libre por la Exposici\u00f3n del <em>XXII Concurso de Arte Eduardo Le\u00f3n  Jimenes. <\/em><\/p>\n<p>&#13;<\/p>\n<p align=\"justify\" class=\"text1noticias\">Esta visita fue ofrecida por especialistas del \u00e1rea de cultura, entre  ellos, Jos\u00e9 Fern\u00e1ndez Peque\u00f1o, Carlos And\u00fajar, Pedro Jos\u00e9 Vega e Ia Estrella,  quienes expusieron sobre las tendencias m\u00e1s actuales en la interpretaci\u00f3n del  hecho cultural y los postulados de la nueva museograf\u00eda. <\/p>\n<p>&#13;<\/p>\n<p align=\"justify\" class=\"text1noticias\">La actividad culmin\u00f3 con una sesi\u00f3n de intercambio en el Auditorio,  donde se llev\u00f3 a cabo la firma del acuerdo, hecho que dio paso a la  participaci\u00f3n de los asistentes en el Vivo Caf\u00e9 <em>\u00abRinc\u00f3n del bolero joven<\/em>\u00ab, una actividad de animaci\u00f3n  sociocultural que forma parte del <em>Congreso M\u00fasica, Identidad y  Cultura en el Caribe (MIC III),<\/em> que se celebrar\u00e1 los d\u00edas 17, 18 y 19 de abril de 2009 y tiene como tema central <em>\u00abEl Bolero en la cultura caribe\u00f1a y su proyecci\u00f3n universal\u00bb<\/em>.<\/p>\n<p>&#13;<\/p>\n<p align=\"justify\" class=\"text1noticias\">Con estas iniciativas se reafirma el rol que desempe\u00f1a  la colaboraci\u00f3n y el intercambio interinstitucional para gestionar y llevar  adelante acciones que apoyen e impulsen el di\u00e1logo intercultural; as\u00ed como  profundizar la labor art\u00edstica en los contextos nacionales, caribe\u00f1os e  internacionales, en general.<\/p>\n<p>&#13;<\/p>\n<p align=\"justify\">\u00a0<\/p>\n<p>&#13;<\/p>\n<p align=\"justify\" class=\"text1noticias\"><strong><u>Acerca de las  instituciones <\/u><\/strong><\/p>\n<p>&#13;<\/p>\n<p align=\"justify\">\u00a0<\/p>\n<p>&#13;<\/p>\n<p align=\"justify\" class=\"text1noticias\"><strong>La Asociaci\u00f3n de  Cronistas de Arte (ACROARTE) <\/strong><\/p>\n<p>&#13;<\/p>\n<p align=\"justify\" class=\"text1noticias\">Es una asociaci\u00f3n que re\u00fane a  periodistas, locutores, y comentaristas especializados en la cr\u00edtica, cr\u00f3nica  de arte y espect\u00e1culos con la finalidad de analizar y juzgar la labor realizada  por los artistas nacionales e internacionales haciendo especial \u00e9nfasis en los  artistas nacionales. Es de duraci\u00f3n indefinida,  pluralista y democr\u00e1tica a cuyo seno pueden ingresar aquellos profesionales de  la comunicaci\u00f3n especializados en esta \u00e1rea del periodismo escrito, radial y  televisivo, sin importar su ideolog\u00eda, raza y\/o afiliaci\u00f3n partidaria<\/p>\n<p>&#13;<\/p>\n<p align=\"justify\" class=\"text1noticias\"><strong>El Centro Cultural Eduardo Le\u00f3n Jimenes (CENTRO LE\u00d3N)<\/strong><\/p>\n<p>&#13;<\/p>\n<p align=\"justify\" class=\"text1noticias\">Es una entidad que tiene entre sus prop\u00f3sitos: la gesti\u00f3n de un espacio  p\u00fablico para suscitar una amplia participaci\u00f3n de la poblaci\u00f3n en la  construcci\u00f3n colectiva del patrimonio (pasado y presente, material e  inmaterial); la promoci\u00f3n y difusi\u00f3n de manifestaciones culturales propias de  la Rep\u00fablica Dominicana y de los pa\u00edses del \u00e1rea del Caribe en el que esta se  encuentra y el desarrollo de diversas actividades formativas, editoriales,  muse\u00edsticas y de animaci\u00f3n sociocultural que fomenten la creatividad, el  debate, la reflexi\u00f3n y la investigaci\u00f3n sobre temas de contenido art\u00edstico,  antropol\u00f3gico, socio-cultural y de habitabilidad ambiental, entre otros.<\/p>\n<p>&#13;<\/p>\n<h6> 2009-01-21 01:01:15 <\/h6>\n<p><!--\n<link rel=\"stylesheet\" href=\"css\/bootstrap.min.css\">\n\n\n<ul class=\"pagination\">\n\t    \n\t\n\n<li >\n\t<a href='?page_no=20654'>Previous<\/a>\n\t<\/li>\n\n\n       \n    \n\n<li><a href='?page_no=1'>1<\/a><\/li>\n\n\n\n<li><a href='?page_no=2'>2<\/a><\/li>\n\n\n\n<li><a>...<\/a><\/li>\n\n\n\n<li><a href='?page_no=20653'>20653<\/a><\/li>\n\n\n\n<li><a href='?page_no=20654'>20654<\/a><\/li>\n\n\n\n<li class='active'><a>20655<\/a><\/li>\n\n\n\n<li><a href='?page_no=20656'>20656<\/a><\/li>\n\n\n\n<li><a href='?page_no=20657'>20657<\/a><\/li>\n\n\n\n<li><a>...<\/a><\/li>\n\n\n\n<li><a href='?page_no=22522'>22522<\/a><\/li>\n\n\n\n<li><a href='?page_no=22523'>22523<\/a><\/li>\n\n    \n\t\n\n<li >\n\t<a href='?page_no=20656'>Next<\/a>\n\t<\/li>\n\n\n    \n\n<li><a href='?page_no=22523'>Last &rsaquo;&rsaquo;<\/a><\/li>\n\n<\/ul>\n\n\n--><br \/>\n<\/body><\/p>\n","protected":false},"excerpt":{"rendered":"<p>La Asociaci\u00f3n de Cronistas de Arte (ACROARTE) y el Centro Cultural Eduardo Le\u00f3n Jimenes firman acuerdo de colaboraci\u00f3n interinstitucional &#13; \u00a0 &#13; Ambas organizaciones tienen como parte de su misi\u00f3n gestar acciones que contribuyan con lealtad y vocaci\u00f3n de servicio a la defensa del arte dominicano, la \u00e9tica profesional, el respeto por los dem\u00e1s, los [&hellip;]<\/p>\n","protected":false},"author":3,"featured_media":0,"comment_status":"open","ping_status":"open","sticky":false,"template":"","format":"standard","meta":{"footnotes":""},"categories":[25],"tags":[],"class_list":["post-92033","post","type-post","status-publish","format-standard","hentry","category-gente"],"_links":{"self":[{"href":"https:\/\/diariodominicano.com\/index.php?rest_route=\/wp\/v2\/posts\/92033","targetHints":{"allow":["GET"]}}],"collection":[{"href":"https:\/\/diariodominicano.com\/index.php?rest_route=\/wp\/v2\/posts"}],"about":[{"href":"https:\/\/diariodominicano.com\/index.php?rest_route=\/wp\/v2\/types\/post"}],"author":[{"embeddable":true,"href":"https:\/\/diariodominicano.com\/index.php?rest_route=\/wp\/v2\/users\/3"}],"replies":[{"embeddable":true,"href":"https:\/\/diariodominicano.com\/index.php?rest_route=%2Fwp%2Fv2%2Fcomments&post=92033"}],"version-history":[{"count":0,"href":"https:\/\/diariodominicano.com\/index.php?rest_route=\/wp\/v2\/posts\/92033\/revisions"}],"wp:attachment":[{"href":"https:\/\/diariodominicano.com\/index.php?rest_route=%2Fwp%2Fv2%2Fmedia&parent=92033"}],"wp:term":[{"taxonomy":"category","embeddable":true,"href":"https:\/\/diariodominicano.com\/index.php?rest_route=%2Fwp%2Fv2%2Fcategories&post=92033"},{"taxonomy":"post_tag","embeddable":true,"href":"https:\/\/diariodominicano.com\/index.php?rest_route=%2Fwp%2Fv2%2Ftags&post=92033"}],"curies":[{"name":"wp","href":"https:\/\/api.w.org\/{rel}","templated":true}]}}