{"id":92032,"date":"2009-01-21T01:06:07","date_gmt":"2009-01-21T01:06:07","guid":{"rendered":"http:\/\/diariodominicano.ddns.net\/?p=92032"},"modified":"2009-01-21T01:06:07","modified_gmt":"2009-01-21T01:06:07","slug":"uasd-reconoce-aportes-beras-goico-al-pais-y-lo-declara-profesor-honorario","status":"publish","type":"post","link":"https:\/\/diariodominicano.com\/?p=92032","title":{"rendered":"UASD Reconoce Aportes Beras Goico al Pa\u00eds y lo Declara Profesor Honorario"},"content":{"rendered":"<p><body><\/p>\n<p class=\"titulogrande1\">UASD Reconoce Aportes Beras  Goico al Pa\u00eds y lo Declara Profesor Honorario<\/p>\n<p>&#13;<\/p>\n<p align=\"justify\" class=\"text1noticias\"><img loading=\"lazy\" decoding=\"async\" src=\"http:\/\/localhost:8080\/gente\/img\/freds.jpg\" width=\"375\" height=\"253\" hspace=\"4\" align=\"left\" \/>La Universidad Aut\u00f3noma de Santo Domingo  invisti\u00f3 este martes como Profesor Honorario de la Facultad de Artes al  destacado productor de televisi\u00f3n, humorista y escritor, Freddy Beras Goico,  durante un acto encabezado por el rector, doctor Franklin Garc\u00eda Ferm\u00edn, y las  principales autoridades de esa academia.<\/p>\n<p>&#13;<\/p>\n<p align=\"justify\" class=\"text1noticias\">Al pronunciar el discurso  central, Garc\u00eda Ferm\u00edn expres\u00f3 que para la UASD \u201cconstituye un privilegio la incorporaci\u00f3n  de una figura se\u00f1era de la televisi\u00f3n y el espect\u00e1culo, y adem\u00e1s con la calidad  de patriota, como lo es el se\u00f1or Freddy Beras Goico, a la plantilla de los  profesores honorarios de nuestra Facultad de Artes\u201d.<\/p>\n<p>&#13;<\/p>\n<p align=\"justify\" class=\"text1noticias\">Defini\u00f3 a Beras Goico no s\u00f3lo  como \u201cuna f\u00e1brica de alegr\u00eda que ha servido de soporte psicol\u00f3gico a millones  de dominicanos para botar el golpe, sino que ha sabido decir presente ante el  llamado de la patria cuando ha estado urgida de que sus mejores hijos den la  cara por ella\u201d.<\/p>\n<p>&#13;<\/p>\n<p align=\"justify\" class=\"text1noticias\">Durante la ceremonia, que tuvo  lugar en el auditorio Manuel del Cabral, \u00a0el rector Garc\u00eda Ferm\u00edn entreg\u00f3 al homenajeado  el t\u00edtulo que lo declara Profesor Honorario de la Facultad de Artes, le  coloc\u00f3 la esclavina y le obsequi\u00f3 un r\u00f3tulo en oro con el nombre de Freddy  Beras Goico, as\u00ed como tambi\u00e9n un libro sobre la Historia de la UASD.<\/p>\n<p>&#13;<\/p>\n<p align=\"justify\" class=\"text1noticias\">La presentaci\u00f3n y semblanza  del investido estuvieron a cargo de la\u00a0  decana de la Facultad  de Artes, maestra Mar\u00eda del Pilar Domingo, mientras que la lectura de la  resoluci\u00f3n del Consejo Universitario n\u00famero 2008-126 que declara a Beras Goico como  Profesor Honorario, fue hecha por el doctor Juan Medina, secretario general de la UASD.<br \/>&#13;<br \/>\n  Dicha resoluci\u00f3n expresa que  la distinci\u00f3n a Beras Goico se hace \u201cpor ser un fecundo, original y vers\u00e1til  trabajador art\u00edstico de la televisi\u00f3n y el espect\u00e1culo, su hombr\u00eda de bien y  sus aportes al bienestar de la naci\u00f3n dominicana\u201d.<\/p>\n<p>&#13;<\/p>\n<p align=\"justify\" class=\"text1noticias\">Beras Goico, al dar las  gracias, observ\u00f3 la mesa de honor encabezada por el rector Garc\u00eda Ferm\u00edn, los  miembros del Consejo Universitario y su esposa Pilar Mej\u00eda de Beras Goico y  compungido lament\u00f3 la muerte de su padre hace 48 a\u00f1os, porque de lo contrario  estuviera entre los presentes, ya que uno de su gran sue\u00f1o era que sus cinco  hijos tuvieran un t\u00edtulo de la   UASD.<\/p>\n<p>&#13;<\/p>\n<p align=\"justify\" class=\"text1noticias\">Manifest\u00f3 que aunque no pudo  graduarse tras cuatro a\u00f1os de estudios de Derecho en la universidad estatal  porque su familia tuvo que abandonar el pa\u00eds por circunstancias pol\u00edticas y  econ\u00f3micas de la \u00e9poca, recibe con humildad el t\u00edtulo de Profesor Honorario de la UASD, el cual es el de mayor  significaci\u00f3n entre todas las distinciones de que ha sido objeto en su vida.<\/p>\n<p>&#13;<\/p>\n<p align=\"justify\" class=\"text1noticias\">Nacido en 1940 de una  respetable familia de El Seibo, el tambi\u00e9n actor, \u00a0cantante y conductor desde muy joven se inici\u00f3  en la televisi\u00f3n creando shows de comedia, por lo que durante su trayectoria  art\u00edstica ha creado los programas de TV \u201cEl Gordo de la Semana\u201d, \u201cPunto Final\u201d y \u201cCon  Freddy y Punto\u201d.<\/p>\n<p>&#13;<\/p>\n<p align=\"justify\" class=\"text1noticias\">Beras Goico se ha distinguido  tambi\u00e9n como un reconocido fil\u00e1ntropo que ha ayudado a centenares de personas  con problemas de salud, principalmente ni\u00f1os de escasos recursos econ\u00f3micos,  muchos de los cuales al llegar a la adultez le han testimoniado la gratitud de  tan quijotesca y humanitaria labor en favor de los despose\u00eddos.<\/p>\n<p>&#13;<\/p>\n<p align=\"justify\" class=\"text1noticias\">La mesa de honor del acto la  encabezaron el rector Garc\u00eda Ferm\u00edn; el homenajeado Beras Goico y su esposa  Pilar Mej\u00eda de Beras Goico; los ex rectores de la UASD Guarocuya Batista del  Villar, Julio Ravelo Astacio, Edylberto Cabral y Porfirio Garc\u00eda.<\/p>\n<p>&#13;<\/p>\n<p align=\"justify\" class=\"text1noticias\">Tambi\u00e9n, el secretario  general, doctor Juan Medina; as\u00ed como tambi\u00e9n los vicerrectores Administrativo  y de Extensi\u00f3n, maestros Maritza Camacho y Rafael Nino F\u00e9liz, juntamente con  los decanos Mar\u00eda del Pilar Domingo, de la Facultad de Artes; Santo Inocencio Mercedes, de  Ciencias Jur\u00eddicas y Pol\u00edticas; Jorge Asjana, de Ciencias de la Salud; Rafael  Morla, de Humanidades; Miledys Alberto Then, de Ciencias;\u00a0 Domingo Jim\u00e9nez, de Ingenir\u00eda y Arquitectura;  Juan Antonio Cerda Luna, de Ciencias Econ\u00f3micas y Sociales; Manuel Calca\u00f1o, de  Agronom\u00eda y Veterinaria, entre otros miembros del Consejo Universitario.<\/p>\n<p>&#13;<\/p>\n<p align=\"justify\" class=\"text1noticias\">Al final de la ceremonia los  cantautores Jos\u00e9 Antonio Rodr\u00edguez y Carlos Alfredo Fatule interpretaron sendas  canciones y posteriormente hubo un brindis amenizado por la Orquesta de C\u00e1mara de la UASD, dirigida por el maestro  Hip\u00f3lito Javier, durante el cual Beras Goico y su familia departieron con el  rector Garc\u00eda Ferm\u00edn, las autoridades de la UASD y decenas de estudiantes, profesores y  empleados de la academia.<\/p>\n<p>&#13;<\/p>\n<h6> 2009-01-21 01:06:07 <\/h6>\n<p><!--\n<link rel=\"stylesheet\" href=\"css\/bootstrap.min.css\">\n\n\n<ul class=\"pagination\">\n\t    \n\t\n\n<li >\n\t<a href='?page_no=20653'>Previous<\/a>\n\t<\/li>\n\n\n       \n    \n\n<li><a href='?page_no=1'>1<\/a><\/li>\n\n\n\n<li><a href='?page_no=2'>2<\/a><\/li>\n\n\n\n<li><a>...<\/a><\/li>\n\n\n\n<li><a href='?page_no=20652'>20652<\/a><\/li>\n\n\n\n<li><a href='?page_no=20653'>20653<\/a><\/li>\n\n\n\n<li class='active'><a>20654<\/a><\/li>\n\n\n\n<li><a href='?page_no=20655'>20655<\/a><\/li>\n\n\n\n<li><a href='?page_no=20656'>20656<\/a><\/li>\n\n\n\n<li><a>...<\/a><\/li>\n\n\n\n<li><a href='?page_no=22522'>22522<\/a><\/li>\n\n\n\n<li><a href='?page_no=22523'>22523<\/a><\/li>\n\n    \n\t\n\n<li >\n\t<a href='?page_no=20655'>Next<\/a>\n\t<\/li>\n\n\n    \n\n<li><a href='?page_no=22523'>Last &rsaquo;&rsaquo;<\/a><\/li>\n\n<\/ul>\n\n\n--><br \/>\n<\/body><\/p>\n","protected":false},"excerpt":{"rendered":"<p>UASD Reconoce Aportes Beras Goico al Pa\u00eds y lo Declara Profesor Honorario &#13; La Universidad Aut\u00f3noma de Santo Domingo invisti\u00f3 este martes como Profesor Honorario de la Facultad de Artes al destacado productor de televisi\u00f3n, humorista y escritor, Freddy Beras Goico, durante un acto encabezado por el rector, doctor Franklin Garc\u00eda Ferm\u00edn, y las principales [&hellip;]<\/p>\n","protected":false},"author":3,"featured_media":0,"comment_status":"open","ping_status":"open","sticky":false,"template":"","format":"standard","meta":{"footnotes":""},"categories":[25],"tags":[],"class_list":["post-92032","post","type-post","status-publish","format-standard","hentry","category-gente"],"_links":{"self":[{"href":"https:\/\/diariodominicano.com\/index.php?rest_route=\/wp\/v2\/posts\/92032","targetHints":{"allow":["GET"]}}],"collection":[{"href":"https:\/\/diariodominicano.com\/index.php?rest_route=\/wp\/v2\/posts"}],"about":[{"href":"https:\/\/diariodominicano.com\/index.php?rest_route=\/wp\/v2\/types\/post"}],"author":[{"embeddable":true,"href":"https:\/\/diariodominicano.com\/index.php?rest_route=\/wp\/v2\/users\/3"}],"replies":[{"embeddable":true,"href":"https:\/\/diariodominicano.com\/index.php?rest_route=%2Fwp%2Fv2%2Fcomments&post=92032"}],"version-history":[{"count":0,"href":"https:\/\/diariodominicano.com\/index.php?rest_route=\/wp\/v2\/posts\/92032\/revisions"}],"wp:attachment":[{"href":"https:\/\/diariodominicano.com\/index.php?rest_route=%2Fwp%2Fv2%2Fmedia&parent=92032"}],"wp:term":[{"taxonomy":"category","embeddable":true,"href":"https:\/\/diariodominicano.com\/index.php?rest_route=%2Fwp%2Fv2%2Fcategories&post=92032"},{"taxonomy":"post_tag","embeddable":true,"href":"https:\/\/diariodominicano.com\/index.php?rest_route=%2Fwp%2Fv2%2Ftags&post=92032"}],"curies":[{"name":"wp","href":"https:\/\/api.w.org\/{rel}","templated":true}]}}