{"id":92031,"date":"2009-01-21T01:15:48","date_gmt":"2009-01-21T01:15:48","guid":{"rendered":"http:\/\/diariodominicano.ddns.net\/?p=92031"},"modified":"2009-01-21T01:15:48","modified_gmt":"2009-01-21T01:15:48","slug":"ofrecen-noche-de-boleros","status":"publish","type":"post","link":"https:\/\/diariodominicano.com\/?p=92031","title":{"rendered":"Ofrecen noche de boleros"},"content":{"rendered":"<p><body><\/p>\n<p class=\"titulogrande1\"><strong>Ofrecen noche de  boleros<\/strong><\/p>\n<p>&#13;<\/p>\n<p align=\"justify\" class=\"text1noticias\"><strong>El habitual Video Caf\u00e9 del Centro Le\u00f3n se transform\u00f3 en Vivo Caf\u00e9,  gracias a la magia de los artistas Samuel Gonz\u00e1lez y\u00a0 Karen Rodr\u00edguez<em>, <\/em>en una noche de boleros  donde se mostr\u00f3 la riqueza musical de este  g\u00e9nero.<\/strong><\/p>\n<p>&#13;<\/p>\n<p align=\"justify\" class=\"text1noticias\"><strong>\u00a0<\/strong><\/p>\n<p>&#13;<\/p>\n<p align=\"justify\" class=\"text1noticias\"><img loading=\"lazy\" decoding=\"async\" src=\"http:\/\/localhost:8080\/gente\/img\/conces.jpg\" width=\"375\" height=\"256\" hspace=\"4\" align=\"left\" \/>El Patio Caribe\u00f1o  del Centro Le\u00f3n se llen\u00f3 de romanticismo y melancol\u00eda, durante el concierto  ofrecido por Samuel Gonz\u00e1lez y Karen Rodriguez, que en esta ocasi\u00f3n ofrecieron  una velada de canciones y guitarra para demostrar que el bolero sigue siendo un  g\u00e9nero joven. <\/p>\n<p>&#13;<\/p>\n<p align=\"justify\" class=\"text1noticias\">El encuentro inici\u00f3 con las palabras de  bienvenida de Luis Felipe Rodr\u00edguez, Gerente de Educaci\u00f3n y Animaci\u00f3n  Sociocultural del Centro Le\u00f3n, qui\u00e9n hizo referencia al programa de actividades  preparatorias del <em>Congreso,<\/em> en las  que se pretende mostrar la riqueza y transformaci\u00f3n del bolero a lo largo de su  historia; as\u00ed como producir un ambiente que propicie el desarrollo de nuevas  formas de pensar y actuar sobre la m\u00fasica y la identidad cultural del Caribe,  dentro y fuera de la regi\u00f3n.<\/p>\n<p>&#13;<\/p>\n<p align=\"justify\" class=\"text1noticias\">Los grandes boleros del ayer fueron entonados  por los j\u00f3venes int\u00e9rpretes que deleitaron a los presentes, al punto de  motivarlos a unir sus voces, en especial, a las nuevas generaciones que no  cesaron de cantar las famosas composiciones, de un repertorio compuesto por  alrededor de 18 temas musicales. <\/p>\n<p>&#13;<\/p>\n<p align=\"justify\" class=\"text1noticias\">Esta actividad  forma parte del programa de actividades de  animaci\u00f3n sociocultural del <em>Congreso M\u00fasica, Identidad y  Cultura en el Caribe (MIC III),<\/em> que se celebrar\u00e1 los d\u00edas 17, 18 y 19 de abril de 2009 y tiene como tema central <strong><em>\u00abEl  Bolero en la cultura caribe\u00f1a y su proyecci\u00f3n universal\u00bb<\/em><\/strong>.<\/p>\n<p>&#13;<\/p>\n<p align=\"justify\" class=\"text1noticias\">El Instituto de Estudios Caribe\u00f1os (INEC) y el Centro Le\u00f3n, junto a la  Secretar\u00eda de Estado de Cultura realizan desde el a\u00f1o 2005 el <em>Congreso M\u00fasica, Identidad y Cultura en el  Caribe (MIC) <\/em>que re\u00fane a estudiosos, protagonistas e interesados en la  m\u00fasica y el baile en el Caribe.\u00a0 El MIC I  y II tuvieron como temas <em>El merengue en la  cultura dominicana y caribe\u00f1a<\/em> y <em>El son y la salsa en la identidad del Caribe, <\/em>respectivamente.<\/p>\n<p>&#13;<\/p>\n<p align=\"justify\">\u00a0<\/p>\n<p>&#13;<\/p>\n<p align=\"justify\">\u00a0<\/p>\n<p>&#13;<\/p>\n<p align=\"justify\">\u00a0<\/p>\n<p>&#13;<\/p>\n<p align=\"justify\">\u00a0<\/p>\n<p>&#13;<\/p>\n<p align=\"justify\" class=\"text1noticias\"><strong>S\u00edntesis biogr\u00e1fica de los artistas<\/strong><\/p>\n<p>&#13;<\/p>\n<p align=\"justify\" class=\"text1noticias\"><strong>\u00a0<\/strong><\/p>\n<p>&#13;<\/p>\n<p align=\"justify\" class=\"text1noticias\"><strong><u>Samuel Gonz\u00e1lez <\/u><\/strong><\/p>\n<p>&#13;<\/p>\n<p align=\"justify\" class=\"text1noticias\">Naci\u00f3 en la ciudad de  Montecristi, el 14 de noviembre del 1970.<\/p>\n<p>&#13;<\/p>\n<p align=\"justify\" class=\"text1noticias\">Cantaba en todos los actos del  colegio y de la Iglesia como parte del coro. Al mismo tiempo era solista del  coro infantil Los Chiquillos, dirigido por Xiomara Fortuna y adem\u00e1s siendo un  ni\u00f1o form\u00f3 parte del elenco en la obra de teatro La Caba\u00f1a del T\u00edo TOM que  realizo el Grupo Mesena.<\/p>\n<p>&#13;<\/p>\n<p align=\"justify\" class=\"text1noticias\">Su primera lecci\u00f3n de guitarra  popular se la dio su hermano el profesor Danilo Gonz\u00e1lez, luego pasa por la  Academia de M\u00fasica de su ciudad a estudiar solfeo con el profesor Bol\u00edvar de la  Cruz. Casi un ni\u00f1o represent\u00f3 a su provincia en los festivales <em>D\u00e9jame Cantar del Calient\u00edsimo del 9 y El  Cancion\u00edsimo Bohemia<\/em>. <\/p>\n<p>&#13;<\/p>\n<p align=\"justify\" class=\"text1noticias\">Es graduado en el Instituto de  Cultura y Arte de Santiago (ICA), con especialidad en m\u00fasica y Piano Cl\u00e1sico.  Recibi\u00f3 clases de Guitarra Cl\u00e1sica con los profesores Rub\u00e9n Gonz\u00e1lez (Cubano) y  Rafael Escarfullery. Form\u00f3 parte del Orfe\u00f3n de Santiago, mismo que dirig\u00eda el  Padre C\u00e9sar Hilario.<\/p>\n<p>&#13;<\/p>\n<p align=\"justify\" class=\"text1noticias\">En el a\u00f1o 1992, forma el Grupo  Musical Manantial, brind\u00e1ndole al mismo tiempo todo el apoyo al reci\u00e9n  inaugurado Hotel Gran Almirante.<\/p>\n<p>&#13;<\/p>\n<p align=\"justify\" class=\"text1noticias\">Realiz\u00f3 su primer concierto en la  ciudad de Monte Cristi, titulado CON AMOR A MI PUEBLO, a casa llena en el cine  Ang\u00e9lica de la ciudad.<\/p>\n<p>&#13;<\/p>\n<p align=\"justify\" class=\"text1noticias\">En el a\u00f1o 1993 pasa a formar  parte del Grupo Carengue, que dirige el maestro Jochy Sanchez, con el que graba  dos producciones: Jochy S\u00e1nchez y Carengue y El Guiriguiri, en esta \u00faltima con  cinco temas de su propia autor\u00eda: Beso de Amor, Recuerdos, Me Enamor\u00e9, Fuera  Contigo y Es Por Ti.<\/p>\n<p>&#13;<\/p>\n<p align=\"justify\" class=\"text1noticias\">Es una de las voces principales,  en las grabaciones de Jingles publicitarios del pa\u00eds, recordando entre ellos la  famosa frase \u00abV\u00e1monos que \u00e9l no va\u00bb de Cigarrillos Nacional, siendo  este la voz principal, m\u00fasica de Jochy S\u00e1nchez y letras de Victor Victor. Ha  compartido escenario con artistas como David Bisbal, Amaury P\u00e9rez, Maridalia  Hern\u00e1ndez, Victor Victor, Pavel N\u00fa\u00f1ez, Manuel Jim\u00e9nez, Adalgisa Pantale\u00f3n,  Sonia Silvestre\u2026 entre otros.<\/p>\n<p>&#13;<\/p>\n<p align=\"justify\" class=\"text1noticias\">En el a\u00f1o 2002 se lanza como  solista formando su propia agrupaci\u00f3n \u00abSamuel Gonz\u00e1lez\u00bb, de esta  forma, empieza a formar parte de las principales actividades sociales de la  ciudad coraz\u00f3n, proyect\u00e1ndose como orquesta de renombre en la amenizaci\u00f3n, por  ser sus canciones y ritmos cargados de sentimientos y espontaneidad, alegrando  y divirtiendo al publico de una manera entusiasta y de alta calidad musical e  interpretativa. <\/p>\n<p>&#13;<\/p>\n<p align=\"justify\" class=\"text1noticias\">En el a\u00f1o 2003 realiza su segundo  concierto \u00abDos Voces por las Mercedarias\u00bb, junto a Maridalia  Hern\u00e1ndez. Este concierto se realizo en el Auditorio del Colegio Sagrado  Coraz\u00f3n de Jes\u00fas en beneficio de una obra social.<\/p>\n<p>&#13;<\/p>\n<p align=\"justify\" class=\"text1noticias\">Actualmente compone, armoniza y  graba sus propias canciones, las cuales formaran parte de su pr\u00f3xima Producci\u00f3n  Musical.\u00a0 <\/p>\n<p>&#13;<\/p>\n<p align=\"justify\" class=\"text1noticias\"><strong>\u00a0<\/strong><\/p>\n<p>&#13;<\/p>\n<p align=\"justify\" class=\"text1noticias\"><strong>\u00a0<\/strong><\/p>\n<p>&#13;<\/p>\n<p align=\"justify\" class=\"text1noticias\"><strong><u>Karen  Rodr\u00edguez<\/u><\/strong> <\/p>\n<p>&#13;<\/p>\n<p align=\"justify\" class=\"text1noticias\">Naci\u00f3 el 10 de agosto de 1984 en la ciudad de  Santiago, Rep\u00fablica Dominicana. Hered\u00f3 la m\u00fasica de su padre \u00a8El Trovador\u00a8  Inocencio Rodr\u00edguez. <\/p>\n<p>&#13;<\/p>\n<p align=\"justify\" class=\"text1noticias\">Desde muy peque\u00f1a se reflejaron sus aptitudes  para la m\u00fasica y el canto, raz\u00f3n por la que a la edad de 7 a\u00f1os inicia sus  estudios de m\u00fasica en el Hogar De La Armon\u00eda, aprendiendo a tocar flauta dulce  y donde recibi\u00f3 lecciones de piano y canto de manos de Gertrudis Eli. <\/p>\n<p>&#13;<\/p>\n<p align=\"justify\" class=\"text1noticias\">Realiz\u00f3 sus estudios en el Colegio San  Francisco de As\u00eds, donde fue voz destacada del coro y voz principal de varias  actividades. <\/p>\n<p>&#13;<\/p>\n<p align=\"justify\" class=\"text1noticias\">Al llegar a la Pontificia Cat\u00f3lica Madre y  Maestra fue seleccionada para pertenecer a \u00a8La Tuna\u00a8 y \u00a8Los Ases\u00a8, grupos de  los que fue miembro por un lapso de 2 a\u00f1os.<\/p>\n<p>&#13;<\/p>\n<p align=\"justify\" class=\"text1noticias\">Es integrante de la agrupaci\u00f3n de Samuel  Gonz\u00e1lez y Fusi\u00f3n Band y ha compartido escenarios con prominentes artistas  dominicanos como Maridalia Hern\u00e1ndez y Sergio Vargas. <\/p>\n<p>&#13;<\/p>\n<p align=\"justify\" class=\"text1noticias\">Ha sido la voz de numerosos gingles y  espect\u00e1culos siendo la voz femenina principal de \u00a8Bravissimo\u00a8 Ocean World,  Puerto Plata, Rep. Dom.<\/p>\n<p>&#13;<\/p>\n<p align=\"justify\" class=\"text1noticias\">Actualmente reside en Santiago, donde  contin\u00faa compartiendo su arte con la sociedad dominicana.<\/p>\n<p>&#13;<\/p>\n<h6> 2009-01-21 01:15:48 <\/h6>\n<p><!--\n<link rel=\"stylesheet\" href=\"css\/bootstrap.min.css\">\n\n\n<ul class=\"pagination\">\n\t    \n\t\n\n<li >\n\t<a href='?page_no=20652'>Previous<\/a>\n\t<\/li>\n\n\n       \n    \n\n<li><a href='?page_no=1'>1<\/a><\/li>\n\n\n\n<li><a href='?page_no=2'>2<\/a><\/li>\n\n\n\n<li><a>...<\/a><\/li>\n\n\n\n<li><a href='?page_no=20651'>20651<\/a><\/li>\n\n\n\n<li><a href='?page_no=20652'>20652<\/a><\/li>\n\n\n\n<li class='active'><a>20653<\/a><\/li>\n\n\n\n<li><a href='?page_no=20654'>20654<\/a><\/li>\n\n\n\n<li><a href='?page_no=20655'>20655<\/a><\/li>\n\n\n\n<li><a>...<\/a><\/li>\n\n\n\n<li><a href='?page_no=22522'>22522<\/a><\/li>\n\n\n\n<li><a href='?page_no=22523'>22523<\/a><\/li>\n\n    \n\t\n\n<li >\n\t<a href='?page_no=20654'>Next<\/a>\n\t<\/li>\n\n\n    \n\n<li><a href='?page_no=22523'>Last &rsaquo;&rsaquo;<\/a><\/li>\n\n<\/ul>\n\n\n--><br \/>\n<\/body><\/p>\n","protected":false},"excerpt":{"rendered":"<p>Ofrecen noche de boleros &#13; El habitual Video Caf\u00e9 del Centro Le\u00f3n se transform\u00f3 en Vivo Caf\u00e9, gracias a la magia de los artistas Samuel Gonz\u00e1lez y\u00a0 Karen Rodr\u00edguez, en una noche de boleros donde se mostr\u00f3 la riqueza musical de este g\u00e9nero. &#13; \u00a0 &#13; El Patio Caribe\u00f1o del Centro Le\u00f3n se llen\u00f3 de [&hellip;]<\/p>\n","protected":false},"author":3,"featured_media":0,"comment_status":"open","ping_status":"open","sticky":false,"template":"","format":"standard","meta":{"footnotes":""},"categories":[25],"tags":[],"class_list":["post-92031","post","type-post","status-publish","format-standard","hentry","category-gente"],"_links":{"self":[{"href":"https:\/\/diariodominicano.com\/index.php?rest_route=\/wp\/v2\/posts\/92031","targetHints":{"allow":["GET"]}}],"collection":[{"href":"https:\/\/diariodominicano.com\/index.php?rest_route=\/wp\/v2\/posts"}],"about":[{"href":"https:\/\/diariodominicano.com\/index.php?rest_route=\/wp\/v2\/types\/post"}],"author":[{"embeddable":true,"href":"https:\/\/diariodominicano.com\/index.php?rest_route=\/wp\/v2\/users\/3"}],"replies":[{"embeddable":true,"href":"https:\/\/diariodominicano.com\/index.php?rest_route=%2Fwp%2Fv2%2Fcomments&post=92031"}],"version-history":[{"count":0,"href":"https:\/\/diariodominicano.com\/index.php?rest_route=\/wp\/v2\/posts\/92031\/revisions"}],"wp:attachment":[{"href":"https:\/\/diariodominicano.com\/index.php?rest_route=%2Fwp%2Fv2%2Fmedia&parent=92031"}],"wp:term":[{"taxonomy":"category","embeddable":true,"href":"https:\/\/diariodominicano.com\/index.php?rest_route=%2Fwp%2Fv2%2Fcategories&post=92031"},{"taxonomy":"post_tag","embeddable":true,"href":"https:\/\/diariodominicano.com\/index.php?rest_route=%2Fwp%2Fv2%2Ftags&post=92031"}],"curies":[{"name":"wp","href":"https:\/\/api.w.org\/{rel}","templated":true}]}}