{"id":92029,"date":"2009-01-22T14:30:19","date_gmt":"2009-01-22T14:30:19","guid":{"rendered":"http:\/\/diariodominicano.ddns.net\/?p=92029"},"modified":"2009-01-22T14:30:19","modified_gmt":"2009-01-22T14:30:19","slug":"los-guaraguao-se-presentan-en-la-uasd","status":"publish","type":"post","link":"https:\/\/diariodominicano.com\/?p=92029","title":{"rendered":"Los Guaraguao se presentan en la UASD"},"content":{"rendered":"<p><body><\/p>\n<p class=\"titulogrande1\"><strong>Los Guaraguao se presentan  en la UASD<\/strong><\/p>\n<p>&#13;<\/p>\n<p>\u00a0<\/p>\n<p>&#13;<\/p>\n<p align=\"justify\" class=\"text1noticias\"><strong><img loading=\"lazy\" decoding=\"async\" src=\"http:\/\/localhost:8080\/gente\/img\/guaraz.jpg\" width=\"375\" height=\"243\" hspace=\"4\" align=\"left\" \/>Santo Domingo, Rep\u00fablica Dominicana.-<\/strong> Vuelve a\u00a0 presentarse\u00a0 en el pa\u00eds  el gran espect\u00e1culo \u00abUn Canto Por La Paz\u00bb con la agrupaci\u00f3n  venezolana Los Guaraguao.<\/p>\n<p>&#13;<\/p>\n<p align=\"justify\" class=\"text1noticias\">Esta \u00a0\u00a0\u00a0vez\u00a0\u00a0\u00a0  el\u00a0 lugar\u00a0 \u00a0\u00a0escogido\u00a0\u00a0 es\u00a0\u00a0  la\u00a0\u00a0 majestuosa\u00a0\u00a0 Aula \u00a0Magna \u00a0de \u00a0la  Universidad Aut\u00f3noma de Santo Domingo (UASD), los d\u00edas 26 y 27\u00a0\u00a0  de\u00a0 Febrero, durante el mes de la patria. <\/p>\n<p>&#13;<\/p>\n<p align=\"justify\" class=\"text1noticias\">Como \u00a0el \u00a0a\u00f1o \u00a0pasado, se  \u00a0unir\u00e1n \u00a0al \u00a0concierto \u00a0\u00a0parte de los artistas que  participaron en el espect\u00e1culo \u00ab7 D\u00edas con el Pueblo\u00bb.<\/p>\n<p>&#13;<\/p>\n<p align=\"justify\" class=\"text1noticias\">\u00abLa \u00a0\u00a0verdad \u00a0\u00a0es  \u00a0\u00a0que \u00a0\u00a0hemos\u00a0 \u00a0quedados \u00a0\u00a0asombrados  \u00a0con \u00a0el \u00a0cari\u00f1o \u00a0y \u00a0la admiraci\u00f3n \u00a0que todav\u00eda  \u00a0nos \u00a0guarda \u00a0el \u00a0pueblo \u00a0Dominicano,\u00a0 esta\u00a0  vez s\u00ed vamos\u00a0 a\u00a0 cantar\u00a0 hasta\u00a0 que\u00a0\u00a0 el\u00a0  publico\u00a0 quiera,\u00a0 porque\u00a0 la\u00a0 lluvia\u00a0 no\u00a0 ser\u00e1  obst\u00e1culo\u00bb,\u00a0 sostuvo\u00a0\u00a0 Eduardo Mart\u00ednez\u00a0 la\u00a0 voz  oficial desde la fundaci\u00f3n del grupo.<\/p>\n<p>&#13;<\/p>\n<p align=\"justify\" class=\"text1noticias\">Jes\u00fas Cordero, Eduardo Mart\u00ednez, Jos\u00e9 Guerra  y Lu\u00eds Su\u00e1rez, residen\u00a0 todav\u00eda\u00a0 en\u00a0 Venezuela y es el mismo  Guaraguao que se fund\u00f3 junto al desaparecido Al\u00ed Primera, en el 1974, con una  l\u00ednea musical de canto al amor y a la paz.<\/p>\n<p>&#13;<\/p>\n<p align=\"justify\" class=\"text1noticias\">El a\u00f1o\u00a0 pasado\u00a0 a\u00a0 pesar\u00a0  de\u00a0 la\u00a0 lluvia,\u00a0 m\u00e1s de 4,000 personas acudieron al Ovalo de la  feria\u00a0 ganadera\u00a0 a\u00a0 presenciar\u00a0 y\u00a0 ser\u00a0  parte\u00a0 de\u00a0 este\u00a0 gran\u00a0 concierto\u00a0 y todos quedaron con  el deseo de ver m\u00e1s de los venezolanos ya que el espect\u00e1culo tuvo que ser  interrumpido por las inclemencias del tiempo.<\/p>\n<p>&#13;<\/p>\n<p align=\"justify\" class=\"text1noticias\">\u00abTodas aquellas personas que compraron  su boleta y no pudieron asistir por causa de la lluvia pueden ponerse en  contacto con boleter\u00eda para cambi\u00e1rselas y as\u00ed disfruten del concierto\u00bb,  expres\u00f3 Julio C\u00e9sar Moreno, organizador del evento.\u00a0\u00a0  \u00a0\u00a0\u00a0\u00a0\u00a0<\/p>\n<p>&#13;<\/p>\n<p align=\"justify\" class=\"text1noticias\">No obstante la lluvia, en aquella ocasi\u00f3n el  grupo interpret\u00f3 cinco canciones con las que demostraron tener las mismas  condiciones que le posicionaron como un grupo de avanzada en la d\u00e9cada de los  setenta.<\/p>\n<p>&#13;<\/p>\n<p align=\"justify\" class=\"text1noticias\">El a\u00f1o pasado Los Guaraguao hicieron seis  funciones en el pa\u00eds entre conciertos p\u00fablicos y privados durante una gira que  les permiti\u00f3 constatar la gran cantidad de p\u00fablico que les sigue.<\/p>\n<p>&#13;<\/p>\n<h6> 2009-01-22 14:30:19 <\/h6>\n<p><!--\n<link rel=\"stylesheet\" href=\"css\/bootstrap.min.css\">\n\n\n<ul class=\"pagination\">\n\t    \n\t\n\n<li >\n\t<a href='?page_no=20650'>Previous<\/a>\n\t<\/li>\n\n\n       \n    \n\n<li><a href='?page_no=1'>1<\/a><\/li>\n\n\n\n<li><a href='?page_no=2'>2<\/a><\/li>\n\n\n\n<li><a>...<\/a><\/li>\n\n\n\n<li><a href='?page_no=20649'>20649<\/a><\/li>\n\n\n\n<li><a href='?page_no=20650'>20650<\/a><\/li>\n\n\n\n<li class='active'><a>20651<\/a><\/li>\n\n\n\n<li><a href='?page_no=20652'>20652<\/a><\/li>\n\n\n\n<li><a href='?page_no=20653'>20653<\/a><\/li>\n\n\n\n<li><a>...<\/a><\/li>\n\n\n\n<li><a href='?page_no=22522'>22522<\/a><\/li>\n\n\n\n<li><a href='?page_no=22523'>22523<\/a><\/li>\n\n    \n\t\n\n<li >\n\t<a href='?page_no=20652'>Next<\/a>\n\t<\/li>\n\n\n    \n\n<li><a href='?page_no=22523'>Last &rsaquo;&rsaquo;<\/a><\/li>\n\n<\/ul>\n\n\n--><br \/>\n<\/body><\/p>\n","protected":false},"excerpt":{"rendered":"<p>Los Guaraguao se presentan en la UASD &#13; \u00a0 &#13; Santo Domingo, Rep\u00fablica Dominicana.- Vuelve a\u00a0 presentarse\u00a0 en el pa\u00eds el gran espect\u00e1culo \u00abUn Canto Por La Paz\u00bb con la agrupaci\u00f3n venezolana Los Guaraguao. &#13; Esta \u00a0\u00a0\u00a0vez\u00a0\u00a0\u00a0 el\u00a0 lugar\u00a0 \u00a0\u00a0escogido\u00a0\u00a0 es\u00a0\u00a0 la\u00a0\u00a0 majestuosa\u00a0\u00a0 Aula \u00a0Magna \u00a0de \u00a0la Universidad Aut\u00f3noma de Santo Domingo (UASD), los d\u00edas [&hellip;]<\/p>\n","protected":false},"author":3,"featured_media":0,"comment_status":"open","ping_status":"open","sticky":false,"template":"","format":"standard","meta":{"footnotes":""},"categories":[25],"tags":[],"class_list":["post-92029","post","type-post","status-publish","format-standard","hentry","category-gente"],"_links":{"self":[{"href":"https:\/\/diariodominicano.com\/index.php?rest_route=\/wp\/v2\/posts\/92029","targetHints":{"allow":["GET"]}}],"collection":[{"href":"https:\/\/diariodominicano.com\/index.php?rest_route=\/wp\/v2\/posts"}],"about":[{"href":"https:\/\/diariodominicano.com\/index.php?rest_route=\/wp\/v2\/types\/post"}],"author":[{"embeddable":true,"href":"https:\/\/diariodominicano.com\/index.php?rest_route=\/wp\/v2\/users\/3"}],"replies":[{"embeddable":true,"href":"https:\/\/diariodominicano.com\/index.php?rest_route=%2Fwp%2Fv2%2Fcomments&post=92029"}],"version-history":[{"count":0,"href":"https:\/\/diariodominicano.com\/index.php?rest_route=\/wp\/v2\/posts\/92029\/revisions"}],"wp:attachment":[{"href":"https:\/\/diariodominicano.com\/index.php?rest_route=%2Fwp%2Fv2%2Fmedia&parent=92029"}],"wp:term":[{"taxonomy":"category","embeddable":true,"href":"https:\/\/diariodominicano.com\/index.php?rest_route=%2Fwp%2Fv2%2Fcategories&post=92029"},{"taxonomy":"post_tag","embeddable":true,"href":"https:\/\/diariodominicano.com\/index.php?rest_route=%2Fwp%2Fv2%2Ftags&post=92029"}],"curies":[{"name":"wp","href":"https:\/\/api.w.org\/{rel}","templated":true}]}}