{"id":92028,"date":"2009-01-22T19:15:52","date_gmt":"2009-01-22T19:15:52","guid":{"rendered":"http:\/\/diariodominicano.ddns.net\/?p=92028"},"modified":"2009-01-22T19:15:52","modified_gmt":"2009-01-22T19:15:52","slug":"celebran-en-coctel-logros-proyecto-sobre-empleos-2","status":"publish","type":"post","link":"https:\/\/diariodominicano.com\/?p=92028","title":{"rendered":"Celebran en c\u00f3ctel logros proyecto sobre empleos"},"content":{"rendered":"<p><body><\/p>\n<p class=\"titulogrande1\"><strong>Celebran en c\u00f3ctel logros<\/strong> <strong>proyecto sobre empleos<\/strong><\/p>\n<p>&#13;<\/p>\n<p align=\"justify\"><img loading=\"lazy\" decoding=\"async\" src=\"http:\/\/localhost:8080\/gente\/img\/coctes.jpg\" width=\"375\" height=\"250\" hspace=\"4\" align=\"left\" \/><span class=\"text1noticias\">Los logros de la primera fase del Proyecto de  Capacitaci\u00f3n, Ubicaci\u00f3n y Recolocaci\u00f3n de Extrabajadores de Zonas Francas de  Santiago fueron compartidos en el marco de un c\u00f3ctel que reuni\u00f3 a directivos de  la Asociaci\u00f3n Dominicana para el Desarrollo de la Mujer (ADOPEM-ONG), del Banco  de Ahorro y Cr\u00e9dito ADOPEM y de la Fundaci\u00f3n Levis Straus.<\/span><\/p>\n<p>&#13;<\/p>\n<p align=\"justify\" class=\"text1noticias\"> El hotel Aloja Sol de Santiago sirvi\u00f3 de escenario para  la actividad que estuvo encabezada por la se\u00f1ora Mercedes Canalda de  Beras-Goico, vicepresidente ejecutiva del Banco ADOPEM; Tel\u00e9sforo Gonz\u00e1lez,  consultor nacional de la Fundaci\u00f3n Levis y Claribel D\u00edaz, directora de  capacitaci\u00f3n Fundaci\u00f3n Levis Strauss.<\/p>\n<p>&#13;<\/p>\n<p align=\"justify\" class=\"text1noticias\"> Durante el evento la se\u00f1ora Canalda de Beras-Goico destac\u00f3  que a trav\u00e9s de este proyecto fueron capacitado 900 personas desplazadas de  zonas Francas de Santiago.<\/p>\n<p>&#13;<\/p>\n<p align=\"justify\" class=\"text1noticias\"> Estos entrenamientos se realizaron en diferentes \u00e1reas,  como desarrollo humano, capacitaci\u00f3n en oficios t\u00e9cnicos y educaci\u00f3n  financiera.<\/p>\n<p>&#13;<\/p>\n<p align=\"justify\" class=\"text1noticias\"> Asimismo, el Banco ADOPEM otorg\u00f3 cr\u00e9ditos a las  microempresas de este grupo meta por un monto superior a los 3 millones de  pesos, este financiamiento y la capacitaci\u00f3n, lo que permiti\u00f3 el  fortalecimiento de las iniciativas microempresariales para un cambio de visi\u00f3n  empresarial y desarrollo gerencial con perspectiva de enfrentar los momentos  actuales de crisis.<\/p>\n<p>&#13;<\/p>\n<p align=\"justify\" class=\"text1noticias\"> Este informe de resultado de la primera fase del Proyecto  de Capacitaci\u00f3n, Ubicaci\u00f3n y Recolocaci\u00f3n de Extrabajadores de Zonas Francas de  Santiago, fue ofrecido durante un acto efectuado en el hotel Aloja Sol de  Santiago.<\/p>\n<p>&#13;<\/p>\n<p align=\"justify\" class=\"text1noticias\"> Durante la presentaci\u00f3n, intervino la vicepresidente  ejecutiva del Banco de Ahorro y Cr\u00e9dito ADOPEM, licenciada Mercedes Canalda de  Beras-Goico, quien destac\u00f3 el compromiso institucional en el apoyo de este tipo  de iniciativas en favor del sector de la microempresa y a los sectores m\u00e1s  vulnerables de la econom\u00eda santiaguera.<\/p>\n<p>&#13;<\/p>\n<p align=\"justify\" class=\"text1noticias\"> Durante el c\u00f3ctel se discutieron y presentaron las nuevas  l\u00edneas de acci\u00f3n de la segunda etapa del proyecto con las incorporaciones de  nuevas iniciativas, como el programa de creaci\u00f3n de empresas, que sigue un  modelo desarrollado por la Fundaci\u00f3n Famiempresa, Medell\u00edn Colombia.<br \/>&#13;<br \/>\n\u00a0\u00a0\u00a0\u00a0\u00a0\u00a0\u00a0\u00a0\u00a0\u00a0\u00a0 <br \/>&#13;<br \/>\n El Banco de ADOPEM est\u00e1 afiliado al Banco Mundial de la  Mujer (Women World Banking), y en esta condici\u00f3n es parte de una enorme red de  micro finanzas a nivel mundial, que tiene la oportunidad de participar en  intercambios, cursos, talleres y conferencias.<\/p>\n<p>&#13;<\/p>\n<h6> 2009-01-22 19:15:52 <\/h6>\n<p><!--\n<link rel=\"stylesheet\" href=\"css\/bootstrap.min.css\">\n\n\n<ul class=\"pagination\">\n\t    \n\t\n\n<li >\n\t<a href='?page_no=20649'>Previous<\/a>\n\t<\/li>\n\n\n       \n    \n\n<li><a href='?page_no=1'>1<\/a><\/li>\n\n\n\n<li><a href='?page_no=2'>2<\/a><\/li>\n\n\n\n<li><a>...<\/a><\/li>\n\n\n\n<li><a href='?page_no=20648'>20648<\/a><\/li>\n\n\n\n<li><a href='?page_no=20649'>20649<\/a><\/li>\n\n\n\n<li class='active'><a>20650<\/a><\/li>\n\n\n\n<li><a href='?page_no=20651'>20651<\/a><\/li>\n\n\n\n<li><a href='?page_no=20652'>20652<\/a><\/li>\n\n\n\n<li><a>...<\/a><\/li>\n\n\n\n<li><a href='?page_no=22522'>22522<\/a><\/li>\n\n\n\n<li><a href='?page_no=22523'>22523<\/a><\/li>\n\n    \n\t\n\n<li >\n\t<a href='?page_no=20651'>Next<\/a>\n\t<\/li>\n\n\n    \n\n<li><a href='?page_no=22523'>Last &rsaquo;&rsaquo;<\/a><\/li>\n\n<\/ul>\n\n\n--><br \/>\n<\/body><\/p>\n","protected":false},"excerpt":{"rendered":"<p>Celebran en c\u00f3ctel logros proyecto sobre empleos &#13; Los logros de la primera fase del Proyecto de Capacitaci\u00f3n, Ubicaci\u00f3n y Recolocaci\u00f3n de Extrabajadores de Zonas Francas de Santiago fueron compartidos en el marco de un c\u00f3ctel que reuni\u00f3 a directivos de la Asociaci\u00f3n Dominicana para el Desarrollo de la Mujer (ADOPEM-ONG), del Banco de Ahorro [&hellip;]<\/p>\n","protected":false},"author":3,"featured_media":0,"comment_status":"open","ping_status":"open","sticky":false,"template":"","format":"standard","meta":{"footnotes":""},"categories":[25],"tags":[],"class_list":["post-92028","post","type-post","status-publish","format-standard","hentry","category-gente"],"_links":{"self":[{"href":"https:\/\/diariodominicano.com\/index.php?rest_route=\/wp\/v2\/posts\/92028","targetHints":{"allow":["GET"]}}],"collection":[{"href":"https:\/\/diariodominicano.com\/index.php?rest_route=\/wp\/v2\/posts"}],"about":[{"href":"https:\/\/diariodominicano.com\/index.php?rest_route=\/wp\/v2\/types\/post"}],"author":[{"embeddable":true,"href":"https:\/\/diariodominicano.com\/index.php?rest_route=\/wp\/v2\/users\/3"}],"replies":[{"embeddable":true,"href":"https:\/\/diariodominicano.com\/index.php?rest_route=%2Fwp%2Fv2%2Fcomments&post=92028"}],"version-history":[{"count":0,"href":"https:\/\/diariodominicano.com\/index.php?rest_route=\/wp\/v2\/posts\/92028\/revisions"}],"wp:attachment":[{"href":"https:\/\/diariodominicano.com\/index.php?rest_route=%2Fwp%2Fv2%2Fmedia&parent=92028"}],"wp:term":[{"taxonomy":"category","embeddable":true,"href":"https:\/\/diariodominicano.com\/index.php?rest_route=%2Fwp%2Fv2%2Fcategories&post=92028"},{"taxonomy":"post_tag","embeddable":true,"href":"https:\/\/diariodominicano.com\/index.php?rest_route=%2Fwp%2Fv2%2Ftags&post=92028"}],"curies":[{"name":"wp","href":"https:\/\/api.w.org\/{rel}","templated":true}]}}