{"id":92027,"date":"2009-01-22T19:55:29","date_gmt":"2009-01-22T19:55:29","guid":{"rendered":"http:\/\/diariodominicano.ddns.net\/?p=92027"},"modified":"2009-01-22T19:55:29","modified_gmt":"2009-01-22T19:55:29","slug":"cesa-celebra-12-anos-de-fundado-con-varios-actos-y-pone-en-vigencia-el-programa-nacional-de-seguridad-de-la-aviacion-civil","status":"publish","type":"post","link":"https:\/\/diariodominicano.com\/?p=92027","title":{"rendered":"CESA celebra 12 a\u00f1os de fundado con varios actos y pone en vigencia el Programa Nacional de Seguridad de la Aviaci\u00f3n Civil."},"content":{"rendered":"<p><body><\/p>\n<p align=\"justify\" class=\"titulogrande1\"><strong>CESA  celebra 12 a\u00f1os de fundado con varios actos y pone en vigencia el Programa  Nacional de Seguridad de la   Aviaci\u00f3n Civil. <\/strong><\/p>\n<p>&#13;<\/p>\n<p align=\"justify\" class=\"text1noticias\"><img loading=\"lazy\" decoding=\"async\" src=\"http:\/\/localhost:8080\/gente\/img\/mise.jpg\" width=\"375\" height=\"249\" hspace=\"4\" align=\"left\" \/>El director General del Cuerpo  Especializado en Seguridad Aeroportuaria, General de Brigada E. N., licenciado  Carlos Robles D\u00edaz y la plana mayor de ese organismo, encabezaron la  celebraci\u00f3n de una misa de agradecimiento con motivo al 12vo. Aniversario de la  fundaci\u00f3n de esa instituci\u00f3n, celebrada en la Catedral Primada  de Am\u00e9rica.<\/p>\n<p>&#13;<\/p>\n<p align=\"justify\" class=\"text1noticias\">Al concluir la homil\u00eda, al ser abordado  por los periodistas, el director general del CESA destac\u00f3 que ese organismo ha  dado demostraci\u00f3n de que ha retomado los valores como: honestidad,  lealtad,\u00a0 disciplina, eficacia y  eficiencia, motivando a sus miembros para que lo ejecuten \u00a0diariamente como la gu\u00eda para laborar en los  servicios que ofrecen en los aeropuertos.<\/p>\n<p>&#13;<\/p>\n<p align=\"justify\" class=\"text1noticias\">Robles D\u00edaz, dijo que la misi\u00f3n  del CESA es prevenir con las medidas de control en las terminales  aeroportuarias.<\/p>\n<p>&#13;<\/p>\n<p align=\"justify\" class=\"text1noticias\">Al responder preguntas sobre el  tr\u00e1fico de ilegales, indic\u00f3 que en lo que va del a\u00f1o se han registrado dos  casos de nacionales espa\u00f1oles que han sido detenidos intentando introducir arma  de fuego por el AILA, uno entrando y otro saliendo del pa\u00eds.<\/p>\n<p>&#13;<\/p>\n<p align=\"justify\" class=\"text1noticias\">El director del CESA inform\u00f3  adem\u00e1s que ese organismo tiene como retos para este a\u00f1o 2009, superar las  observaciones que en materia de seguridad hizo la Organizaci\u00f3n   Internacional Civil (OACI) en su \u00faltima inspecci\u00f3n en el a\u00f1o  2006, que de un principio eran un total de 66 llevadas a 42 y en la actualidad  solamente quedan 12 normas observadas que esperan cumplirla este a\u00f1o. <\/p>\n<p>&#13;<\/p>\n<p align=\"justify\" class=\"text1noticias\">Signific\u00f3 que en el seguimiento  a esas observaciones, con la puesta en vigencia del Programa Nacional de  Seguridad de la Aviaci\u00f3n Civil  (PNSAC) producto del decreto 616-08 emitido por el Poder Ejecutivo, \u00a0y la convocatoria a reuni\u00f3n del Comit\u00e9 Nacional  de \u00a0\u00a0Seguridad de la Aviaci\u00f3n Civil de  parte del Secretario de Estado de las Fuerzas Armadas, Teniente General Pedro  Antonio Pe\u00f1a quedan en 10 y, que est\u00e1n trabajando para superar las normas que  son menores y se pueden corregir en breve tiempo.<\/p>\n<p>&#13;<\/p>\n<h6> 2009-01-22 19:55:29 <\/h6>\n<p><!--\n<link rel=\"stylesheet\" href=\"css\/bootstrap.min.css\">\n\n\n<ul class=\"pagination\">\n\t    \n\t\n\n<li >\n\t<a href='?page_no=20648'>Previous<\/a>\n\t<\/li>\n\n\n       \n    \n\n<li><a href='?page_no=1'>1<\/a><\/li>\n\n\n\n<li><a href='?page_no=2'>2<\/a><\/li>\n\n\n\n<li><a>...<\/a><\/li>\n\n\n\n<li><a href='?page_no=20647'>20647<\/a><\/li>\n\n\n\n<li><a href='?page_no=20648'>20648<\/a><\/li>\n\n\n\n<li class='active'><a>20649<\/a><\/li>\n\n\n\n<li><a href='?page_no=20650'>20650<\/a><\/li>\n\n\n\n<li><a href='?page_no=20651'>20651<\/a><\/li>\n\n\n\n<li><a>...<\/a><\/li>\n\n\n\n<li><a href='?page_no=22522'>22522<\/a><\/li>\n\n\n\n<li><a href='?page_no=22523'>22523<\/a><\/li>\n\n    \n\t\n\n<li >\n\t<a href='?page_no=20650'>Next<\/a>\n\t<\/li>\n\n\n    \n\n<li><a href='?page_no=22523'>Last &rsaquo;&rsaquo;<\/a><\/li>\n\n<\/ul>\n\n\n--><br \/>\n<\/body><\/p>\n","protected":false},"excerpt":{"rendered":"<p>CESA celebra 12 a\u00f1os de fundado con varios actos y pone en vigencia el Programa Nacional de Seguridad de la Aviaci\u00f3n Civil. &#13; El director General del Cuerpo Especializado en Seguridad Aeroportuaria, General de Brigada E. N., licenciado Carlos Robles D\u00edaz y la plana mayor de ese organismo, encabezaron la celebraci\u00f3n de una misa de [&hellip;]<\/p>\n","protected":false},"author":3,"featured_media":0,"comment_status":"open","ping_status":"open","sticky":false,"template":"","format":"standard","meta":{"footnotes":""},"categories":[25],"tags":[],"class_list":["post-92027","post","type-post","status-publish","format-standard","hentry","category-gente"],"_links":{"self":[{"href":"https:\/\/diariodominicano.com\/index.php?rest_route=\/wp\/v2\/posts\/92027","targetHints":{"allow":["GET"]}}],"collection":[{"href":"https:\/\/diariodominicano.com\/index.php?rest_route=\/wp\/v2\/posts"}],"about":[{"href":"https:\/\/diariodominicano.com\/index.php?rest_route=\/wp\/v2\/types\/post"}],"author":[{"embeddable":true,"href":"https:\/\/diariodominicano.com\/index.php?rest_route=\/wp\/v2\/users\/3"}],"replies":[{"embeddable":true,"href":"https:\/\/diariodominicano.com\/index.php?rest_route=%2Fwp%2Fv2%2Fcomments&post=92027"}],"version-history":[{"count":0,"href":"https:\/\/diariodominicano.com\/index.php?rest_route=\/wp\/v2\/posts\/92027\/revisions"}],"wp:attachment":[{"href":"https:\/\/diariodominicano.com\/index.php?rest_route=%2Fwp%2Fv2%2Fmedia&parent=92027"}],"wp:term":[{"taxonomy":"category","embeddable":true,"href":"https:\/\/diariodominicano.com\/index.php?rest_route=%2Fwp%2Fv2%2Fcategories&post=92027"},{"taxonomy":"post_tag","embeddable":true,"href":"https:\/\/diariodominicano.com\/index.php?rest_route=%2Fwp%2Fv2%2Ftags&post=92027"}],"curies":[{"name":"wp","href":"https:\/\/api.w.org\/{rel}","templated":true}]}}