{"id":92026,"date":"2009-01-22T20:08:33","date_gmt":"2009-01-22T20:08:33","guid":{"rendered":"http:\/\/diariodominicano.ddns.net\/?p=92026"},"modified":"2009-01-22T20:08:33","modified_gmt":"2009-01-22T20:08:33","slug":"graduan-iletrados-en-programa-senadora-cristina-lizardo","status":"publish","type":"post","link":"https:\/\/diariodominicano.com\/?p=92026","title":{"rendered":"Grad\u00faan iletrados en Programa senadora Cristina Lizardo."},"content":{"rendered":"<p><body><\/p>\n<p class=\"titulogrande1\"><strong>Grad\u00faan  iletrados en Programa senadora Cristina Lizardo.<\/strong><\/p>\n<p>&#13;<\/p>\n<p><strong>\u00a0<\/strong><\/p>\n<p>&#13;<\/p>\n<p align=\"justify\" class=\"text1noticias\"><strong><img loading=\"lazy\" decoding=\"async\" src=\"http:\/\/localhost:8080\/gente\/img\/iletra.jpg\" width=\"375\" height=\"251\" hspace=\"4\" align=\"left\" \/>SANTO DOMINGO.-<\/strong>La   Oficina Senatorial  de la senadora por la   Provincia Santo Domingo, Cristina Lizardo M\u00e9zquita,\u00a0 gradu\u00f3 1, 345\u00a0  j\u00f3venes y adultos en el primer acto de graduaci\u00f3n del programa \u201cAprender  abre caminos\u201d que busca alfabetizar a los iletrados de esa demarcaci\u00f3n pol\u00edtica.<\/p>\n<p>&#13;<\/p>\n<p align=\"justify\" class=\"text1noticias\">La  vicepresidenta del Senado, Cristina Lizardo, expres\u00f3 su satisfacci\u00f3n por haber  logrado el feliz t\u00e9rmino de la primera fase de este programa, resaltando que se  ha realizado una cruzada para hacer esto realidad.<\/p>\n<p>&#13;<\/p>\n<p align=\"justify\" class=\"text1noticias\">\u201cCon  el programa \u201cAprender Abre Caminos\u201d hemos estimulado a cada participante a  conocer las capacidades que ten\u00edan dormidas y que hoy se despierta con el  hambre del conocimiento\u201d, afirm\u00f3 la legisladora.<\/p>\n<p>&#13;<\/p>\n<p align=\"justify\" class=\"text1noticias\">De  su lado, Melanio Paredes, secretario de estado de Educaci\u00f3n, felicit\u00f3 a la  senadora Lizardo por su iniciativa y exhort\u00f3 a todos los sectores nacionales  hacer un compromiso formal para terminar con el analfabetismo en el pa\u00eds.<\/p>\n<p>&#13;<\/p>\n<p align=\"justify\" class=\"text1noticias\">Los  graduandos, residentes en las comunidades de Herrera y Los Alcarrizos, \u00a0recibieron sus diplomas con orgullo, luego de  agotar una jornada de varios meses en los que aprendieron a leer y escribir,  guiados por facilitadotes, que previamente fueron adiestrados para esta tarea.<\/p>\n<p>&#13;<\/p>\n<p align=\"justify\" class=\"text1noticias\">La  comunicadora Mildred Charlot hizo la maestr\u00eda de ceremonias, dando la  invocaci\u00f3n religiosa el p\u00e1rroco Jos\u00e9 Ram\u00f3n Arias Almonte, de la parroquia Santo  Domingo de Guzm\u00e1n, la parte art\u00edstica la puso la cantante Iliana Reynoso.<\/p>\n<p>&#13;<\/p>\n<p align=\"justify\" class=\"text1noticias\">La  se\u00f1ora Maria Senovia Tav\u00e1rez, al dar las \u00a0palabras de agradecimiento en nombre de los  graduandos, resalt\u00f3 los beneficios que el programa deja en su vida futura.<\/p>\n<p>&#13;<\/p>\n<p align=\"justify\" class=\"text1noticias\">Esta  iniciativa comenz\u00f3 el pasado 5 de agosto de 2008, mediante la firma de un convenio  interinstitucional entre la Oficina Senatorial de la provincia Santo Domingo  y la Secretar\u00eda  de Estado de Educaci\u00f3n y tiene como objetivo alfabetizar unas 42 mil 840  personas del municipio Santo Domingo Oeste, para mejorar su calidad de vida. El  pr\u00f3ximo mes se iniciaran las clases con \u00a0grupos de la Zona Oriental. <\/p>\n<p>&#13;<\/p>\n<p align=\"justify\" class=\"text1noticias\">El  acto celebrado en el club de la   CDEE,\u00a0 estuvo  encabezado por Lizardo M\u00e9zquita y el \u00a0secretario de Estado de Educaci\u00f3n.<\/p>\n<p>&#13;<\/p>\n<p align=\"justify\" class=\"text1noticias\">Asistieron,  \u00a0los senadores Amarilis Santana y Roberto  Rodr\u00edguez, los diputados Sof\u00eda Azcona, Domingo Jim\u00e9nez y Juan P\u00e9rez, el sindico  de Santo Domingo Este, Juan de los Santos; \u00a0Idelfonso V\u00e1squez, gobernador de la provincia,  Perfecto Acosta, procurador fiscal, Radham\u00e9s Camacho, vicepresidente de la Asociaci\u00f3n Dominicana  de Profesores (ADP); y Clara Tejada de Read, presidenta del Centro de Integraci\u00f3n  Familiar de diferentes.<\/p>\n<p>&#13;<\/p>\n<p align=\"justify\" class=\"text1noticias\">Tambi\u00e9n  estuvieron presentes s\u00edndicos de la provincia, regidores, miembros del Comit\u00e9  Central del PLD de la   Provincia y directores provinciales de Educaci\u00f3n, entre otras  personalidades.<\/p>\n<p>&#13;<\/p>\n<h6> 2009-01-22 20:08:33 <\/h6>\n<p><!--\n<link rel=\"stylesheet\" href=\"css\/bootstrap.min.css\">\n\n\n<ul class=\"pagination\">\n\t    \n\t\n\n<li >\n\t<a href='?page_no=20647'>Previous<\/a>\n\t<\/li>\n\n\n       \n    \n\n<li><a href='?page_no=1'>1<\/a><\/li>\n\n\n\n<li><a href='?page_no=2'>2<\/a><\/li>\n\n\n\n<li><a>...<\/a><\/li>\n\n\n\n<li><a href='?page_no=20646'>20646<\/a><\/li>\n\n\n\n<li><a href='?page_no=20647'>20647<\/a><\/li>\n\n\n\n<li class='active'><a>20648<\/a><\/li>\n\n\n\n<li><a href='?page_no=20649'>20649<\/a><\/li>\n\n\n\n<li><a href='?page_no=20650'>20650<\/a><\/li>\n\n\n\n<li><a>...<\/a><\/li>\n\n\n\n<li><a href='?page_no=22522'>22522<\/a><\/li>\n\n\n\n<li><a href='?page_no=22523'>22523<\/a><\/li>\n\n    \n\t\n\n<li >\n\t<a href='?page_no=20649'>Next<\/a>\n\t<\/li>\n\n\n    \n\n<li><a href='?page_no=22523'>Last &rsaquo;&rsaquo;<\/a><\/li>\n\n<\/ul>\n\n\n--><br \/>\n<\/body><\/p>\n","protected":false},"excerpt":{"rendered":"<p>Grad\u00faan iletrados en Programa senadora Cristina Lizardo. &#13; \u00a0 &#13; SANTO DOMINGO.-La Oficina Senatorial de la senadora por la Provincia Santo Domingo, Cristina Lizardo M\u00e9zquita,\u00a0 gradu\u00f3 1, 345\u00a0 j\u00f3venes y adultos en el primer acto de graduaci\u00f3n del programa \u201cAprender abre caminos\u201d que busca alfabetizar a los iletrados de esa demarcaci\u00f3n pol\u00edtica. &#13; La vicepresidenta [&hellip;]<\/p>\n","protected":false},"author":3,"featured_media":0,"comment_status":"open","ping_status":"open","sticky":false,"template":"","format":"standard","meta":{"footnotes":""},"categories":[25],"tags":[],"class_list":["post-92026","post","type-post","status-publish","format-standard","hentry","category-gente"],"_links":{"self":[{"href":"https:\/\/diariodominicano.com\/index.php?rest_route=\/wp\/v2\/posts\/92026","targetHints":{"allow":["GET"]}}],"collection":[{"href":"https:\/\/diariodominicano.com\/index.php?rest_route=\/wp\/v2\/posts"}],"about":[{"href":"https:\/\/diariodominicano.com\/index.php?rest_route=\/wp\/v2\/types\/post"}],"author":[{"embeddable":true,"href":"https:\/\/diariodominicano.com\/index.php?rest_route=\/wp\/v2\/users\/3"}],"replies":[{"embeddable":true,"href":"https:\/\/diariodominicano.com\/index.php?rest_route=%2Fwp%2Fv2%2Fcomments&post=92026"}],"version-history":[{"count":0,"href":"https:\/\/diariodominicano.com\/index.php?rest_route=\/wp\/v2\/posts\/92026\/revisions"}],"wp:attachment":[{"href":"https:\/\/diariodominicano.com\/index.php?rest_route=%2Fwp%2Fv2%2Fmedia&parent=92026"}],"wp:term":[{"taxonomy":"category","embeddable":true,"href":"https:\/\/diariodominicano.com\/index.php?rest_route=%2Fwp%2Fv2%2Fcategories&post=92026"},{"taxonomy":"post_tag","embeddable":true,"href":"https:\/\/diariodominicano.com\/index.php?rest_route=%2Fwp%2Fv2%2Ftags&post=92026"}],"curies":[{"name":"wp","href":"https:\/\/api.w.org\/{rel}","templated":true}]}}