{"id":92022,"date":"2009-01-22T22:49:24","date_gmt":"2009-01-22T22:49:24","guid":{"rendered":"http:\/\/diariodominicano.ddns.net\/?p=92022"},"modified":"2009-01-22T22:49:24","modified_gmt":"2009-01-22T22:49:24","slug":"alejandro-fernandez-romantico-y-de-que-manera","status":"publish","type":"post","link":"https:\/\/diariodominicano.com\/?p=92022","title":{"rendered":"Alejandro Fern\u00e1ndez rom\u00e1ntico y de qu\u00e9  manera"},"content":{"rendered":"<p><body><\/p>\n<p class=\"titulogrande1\">Alejandro Fern\u00e1ndez  rom\u00e1ntico y de qu\u00e9\u00a0 manera<\/p>\n<p>&#13;<\/p>\n<p align=\"justify\" class=\"text1noticias\">Miami, FL, 22 de  enero del 2009.- <strong>Alejandro Fern\u00e1ndez<\/strong> interpreta a su mejor estilo las composiciones que durante d\u00e9cadas han  enamorado a m\u00e1s de una generaci\u00f3n por toda Iberoam\u00e9rica con su m\u00e1s reciente  \u00e1lbum \u201cDe Noche\u2026 Cl\u00e1sicos A Mi Manera\u201d.<br \/>&#13;<br \/>\n  <br \/>&#13;<br \/>\n  En la encantadora  voz del potrillo podr\u00e1 escuchar y disfrutar de temas que sin dudas marcaron  toda una era en la m\u00fasica latina como es el caso de \u201cEl D\u00eda Que Me Quieras\u201d,  \u201cNo\u201d, \u201cLa Gloria Eres T\u00fa\u201d, \u201cNoche De Ronda\u201d, \u201cEl Reloj\u201d, \u201cPerfume De  Gardenias\u201d, entre otras.<br \/>&#13;<br \/>\n  <br \/>&#13;<br \/>\n  El \u00e1lbum se  complementa con otras maravillosas canciones como \u201cAbr\u00e1zame\u201d, \u201cA Pesar de  Todo\u201d, \u201cNadie, Simplemente Nadie\u201d, \u201cReg\u00e1lame Esta Noche\u201d, \u201cPiensa En M\u00ed\u201d,  \u201cContigo Aprend\u00ed\u201d, \u201cEncadenado\u201d, \u201cSi Dios Me Quita La Vida\u201d, \u201cCuando Ya No Me  Quieras\u201d y \u201cLa Enramada\u201d, que en la voz de Alejandro cobran un singular y nuevo  significado.<br \/>&#13;<br \/>\n  <br \/>&#13;<br \/>\n  El cantante mexicano  viene de concluir un exitoso a\u00f1o siendo el artista latino m\u00e1s taquillero  durante el 2008 de acuerdo a los listados \u201cTop 100 Worlwide Tours\u201d de la  revista Pollstar. Su gira \u201cViento a Favor\u201d lleg\u00f3 a las principales ciudades del  mundo hispano y contin\u00faa este a\u00f1o por el territorio mexicano.<br \/>&#13;<br \/>\n  <br \/>&#13;<br \/>\n  \u201cDe Noche\u2026 Cl\u00e1sicos  A Mi Manera\u201d es otro lanzamiento exitoso de Sony Music, a la venta el pr\u00f3ximo  27 de enero.<\/p>\n<p>&#13;<\/p>\n<h6> 2009-01-22 22:49:24 <\/h6>\n<p><!--\n<link rel=\"stylesheet\" href=\"css\/bootstrap.min.css\">\n\n\n<ul class=\"pagination\">\n\t    \n\t\n\n<li >\n\t<a href='?page_no=20643'>Previous<\/a>\n\t<\/li>\n\n\n       \n    \n\n<li><a href='?page_no=1'>1<\/a><\/li>\n\n\n\n<li><a href='?page_no=2'>2<\/a><\/li>\n\n\n\n<li><a>...<\/a><\/li>\n\n\n\n<li><a href='?page_no=20642'>20642<\/a><\/li>\n\n\n\n<li><a href='?page_no=20643'>20643<\/a><\/li>\n\n\n\n<li class='active'><a>20644<\/a><\/li>\n\n\n\n<li><a href='?page_no=20645'>20645<\/a><\/li>\n\n\n\n<li><a href='?page_no=20646'>20646<\/a><\/li>\n\n\n\n<li><a>...<\/a><\/li>\n\n\n\n<li><a href='?page_no=22522'>22522<\/a><\/li>\n\n\n\n<li><a href='?page_no=22523'>22523<\/a><\/li>\n\n    \n\t\n\n<li >\n\t<a href='?page_no=20645'>Next<\/a>\n\t<\/li>\n\n\n    \n\n<li><a href='?page_no=22523'>Last &rsaquo;&rsaquo;<\/a><\/li>\n\n<\/ul>\n\n\n--><br \/>\n<\/body><\/p>\n","protected":false},"excerpt":{"rendered":"<p>Alejandro Fern\u00e1ndez rom\u00e1ntico y de qu\u00e9\u00a0 manera &#13; Miami, FL, 22 de enero del 2009.- Alejandro Fern\u00e1ndez interpreta a su mejor estilo las composiciones que durante d\u00e9cadas han enamorado a m\u00e1s de una generaci\u00f3n por toda Iberoam\u00e9rica con su m\u00e1s reciente \u00e1lbum \u201cDe Noche\u2026 Cl\u00e1sicos A Mi Manera\u201d.&#13; &#13; En la encantadora voz del potrillo [&hellip;]<\/p>\n","protected":false},"author":3,"featured_media":0,"comment_status":"open","ping_status":"open","sticky":false,"template":"","format":"standard","meta":{"footnotes":""},"categories":[25],"tags":[],"class_list":["post-92022","post","type-post","status-publish","format-standard","hentry","category-gente"],"_links":{"self":[{"href":"https:\/\/diariodominicano.com\/index.php?rest_route=\/wp\/v2\/posts\/92022","targetHints":{"allow":["GET"]}}],"collection":[{"href":"https:\/\/diariodominicano.com\/index.php?rest_route=\/wp\/v2\/posts"}],"about":[{"href":"https:\/\/diariodominicano.com\/index.php?rest_route=\/wp\/v2\/types\/post"}],"author":[{"embeddable":true,"href":"https:\/\/diariodominicano.com\/index.php?rest_route=\/wp\/v2\/users\/3"}],"replies":[{"embeddable":true,"href":"https:\/\/diariodominicano.com\/index.php?rest_route=%2Fwp%2Fv2%2Fcomments&post=92022"}],"version-history":[{"count":0,"href":"https:\/\/diariodominicano.com\/index.php?rest_route=\/wp\/v2\/posts\/92022\/revisions"}],"wp:attachment":[{"href":"https:\/\/diariodominicano.com\/index.php?rest_route=%2Fwp%2Fv2%2Fmedia&parent=92022"}],"wp:term":[{"taxonomy":"category","embeddable":true,"href":"https:\/\/diariodominicano.com\/index.php?rest_route=%2Fwp%2Fv2%2Fcategories&post=92022"},{"taxonomy":"post_tag","embeddable":true,"href":"https:\/\/diariodominicano.com\/index.php?rest_route=%2Fwp%2Fv2%2Ftags&post=92022"}],"curies":[{"name":"wp","href":"https:\/\/api.w.org\/{rel}","templated":true}]}}