{"id":92021,"date":"2009-01-22T23:33:19","date_gmt":"2009-01-22T23:33:19","guid":{"rendered":"http:\/\/diariodominicano.ddns.net\/?p=92021"},"modified":"2009-01-22T23:33:19","modified_gmt":"2009-01-22T23:33:19","slug":"freddy-beras-goico-en-temario-este-fin-de-semana","status":"publish","type":"post","link":"https:\/\/diariodominicano.com\/?p=92021","title":{"rendered":"Freddy Beras Goico en Temario este fin de semana"},"content":{"rendered":"<p><body><\/p>\n<p align=\"justify\"><span class=\"titulogrande1\">Freddy  Beras Goico en Temario este fin de semana<\/span><br \/>&#13;<br \/>\n  <br \/>&#13;<br \/>\n    <span class=\"text1noticias\">Programa Temario: S\u00e1bado 24 de enero, 2009  Producci\u00f3n y Conducci\u00f3n: Napole\u00f3n Beras Prats S\u00e1bado, de 2:00 a 3:00 de la  tarde, con repetici\u00f3n a las 11:00 de la noche y domingo 2:00 3:00 de la tarde.<br \/>&#13;<br \/>\n    <br \/>&#13;<br \/>\n    Carivisi\u00f3n,  Canal 26 de Telecable Tricom.<br \/>&#13;<br \/>\n    La gran emotividad y sensibilidad  humana de Freddy Beras Goico, quedar\u00e1 expuesta de forma conmovedora en el  programa \u00abTemario\u00bb, espacio televisivo que conduce y produce el  periodista y locutor Napole\u00f3n Beras Prats por Carivisi\u00f3n, Canal 26 de Telecable  Tricom y 67 de Aster, este s\u00e1bado y el domingo de 2:00 a 3:00 de la tarde.<br \/>&#13;<br \/>\n    <br \/>&#13;<br \/>\nTemario pondr\u00e1 en pantalla este fin  de semana, el reconocimiento que la Universidad Aut\u00f3noma de Santo Domingo le  otorg\u00f3 al genial productor, humorista y escritor nacional, declar\u00e1ndolo  Profesor Honorario de la Facultad de Artes. El amplio reportaje incluye todas  las emociones vertidas en el acto, las canciones de Jos\u00e9 Antonio Rodr\u00edguez y  Carlos Alfredo Fatule, en honor a Freddy, y una emotiva entrevista de Beras  Goico con Napole\u00f3n, para cerrar con broche de oro el programa.<\/span><\/p>\n<p>&#13;<\/p>\n<h6> 2009-01-22 23:33:19 <\/h6>\n<p><!--\n<link rel=\"stylesheet\" href=\"css\/bootstrap.min.css\">\n\n\n<ul class=\"pagination\">\n\t    \n\t\n\n<li >\n\t<a href='?page_no=20642'>Previous<\/a>\n\t<\/li>\n\n\n       \n    \n\n<li><a href='?page_no=1'>1<\/a><\/li>\n\n\n\n<li><a href='?page_no=2'>2<\/a><\/li>\n\n\n\n<li><a>...<\/a><\/li>\n\n\n\n<li><a href='?page_no=20641'>20641<\/a><\/li>\n\n\n\n<li><a href='?page_no=20642'>20642<\/a><\/li>\n\n\n\n<li class='active'><a>20643<\/a><\/li>\n\n\n\n<li><a href='?page_no=20644'>20644<\/a><\/li>\n\n\n\n<li><a href='?page_no=20645'>20645<\/a><\/li>\n\n\n\n<li><a>...<\/a><\/li>\n\n\n\n<li><a href='?page_no=22522'>22522<\/a><\/li>\n\n\n\n<li><a href='?page_no=22523'>22523<\/a><\/li>\n\n    \n\t\n\n<li >\n\t<a href='?page_no=20644'>Next<\/a>\n\t<\/li>\n\n\n    \n\n<li><a href='?page_no=22523'>Last &rsaquo;&rsaquo;<\/a><\/li>\n\n<\/ul>\n\n\n--><br \/>\n<\/body><\/p>\n","protected":false},"excerpt":{"rendered":"<p>Freddy Beras Goico en Temario este fin de semana&#13; &#13; Programa Temario: S\u00e1bado 24 de enero, 2009 Producci\u00f3n y Conducci\u00f3n: Napole\u00f3n Beras Prats S\u00e1bado, de 2:00 a 3:00 de la tarde, con repetici\u00f3n a las 11:00 de la noche y domingo 2:00 3:00 de la tarde.&#13; &#13; Carivisi\u00f3n, Canal 26 de Telecable Tricom.&#13; La gran [&hellip;]<\/p>\n","protected":false},"author":3,"featured_media":0,"comment_status":"open","ping_status":"open","sticky":false,"template":"","format":"standard","meta":{"footnotes":""},"categories":[25],"tags":[],"class_list":["post-92021","post","type-post","status-publish","format-standard","hentry","category-gente"],"_links":{"self":[{"href":"https:\/\/diariodominicano.com\/index.php?rest_route=\/wp\/v2\/posts\/92021","targetHints":{"allow":["GET"]}}],"collection":[{"href":"https:\/\/diariodominicano.com\/index.php?rest_route=\/wp\/v2\/posts"}],"about":[{"href":"https:\/\/diariodominicano.com\/index.php?rest_route=\/wp\/v2\/types\/post"}],"author":[{"embeddable":true,"href":"https:\/\/diariodominicano.com\/index.php?rest_route=\/wp\/v2\/users\/3"}],"replies":[{"embeddable":true,"href":"https:\/\/diariodominicano.com\/index.php?rest_route=%2Fwp%2Fv2%2Fcomments&post=92021"}],"version-history":[{"count":0,"href":"https:\/\/diariodominicano.com\/index.php?rest_route=\/wp\/v2\/posts\/92021\/revisions"}],"wp:attachment":[{"href":"https:\/\/diariodominicano.com\/index.php?rest_route=%2Fwp%2Fv2%2Fmedia&parent=92021"}],"wp:term":[{"taxonomy":"category","embeddable":true,"href":"https:\/\/diariodominicano.com\/index.php?rest_route=%2Fwp%2Fv2%2Fcategories&post=92021"},{"taxonomy":"post_tag","embeddable":true,"href":"https:\/\/diariodominicano.com\/index.php?rest_route=%2Fwp%2Fv2%2Ftags&post=92021"}],"curies":[{"name":"wp","href":"https:\/\/api.w.org\/{rel}","templated":true}]}}