{"id":92019,"date":"2009-01-23T14:53:38","date_gmt":"2009-01-23T14:53:38","guid":{"rendered":"http:\/\/diariodominicano.ddns.net\/?p=92019"},"modified":"2009-01-23T14:53:38","modified_gmt":"2009-01-23T14:53:38","slug":"padre-ricardo-fajardo-bendice-nuevo-local","status":"publish","type":"post","link":"https:\/\/diariodominicano.com\/?p=92019","title":{"rendered":"Padre Ricardo Fajardo bendice nuevo local"},"content":{"rendered":"<p><body><\/p>\n<p align=\"justify\"><span class=\"titulogrande1\">Padre  Ricardo Fajardo bendice nuevo local \u00ab148 Photo Lab\u00bb <\/span><br \/>&#13;<br \/>\n  \u00a0 <br \/>&#13;<br \/>\n  <span class=\"text1noticias\">POR MART\u00cdN ZAPATA <br \/>&#13;<br \/>\n  \u00a0 <br \/>&#13;<br \/>\n  <img loading=\"lazy\" decoding=\"async\" src=\"http:\/\/localhost:8080\/gente\/img\/labe.jpg\" width=\"375\" height=\"282\" hspace=\"4\" align=\"left\" \/>NUEVA YORK.- Amigos y  familiares de Nelson y Iris de Le\u00f3n, acudieron al moderno y nuevo foto-estudio  de fotograf\u00edas \u201c148 Photo Lab.\u201d, para ser part\u00edcipes de la emotiva ceremonia en  la cual fue bendecido el lugar. <br \/>&#13;<br \/>\n  \u00a0 <br \/>&#13;<br \/>\n  Con todos los invitados  presentes, se llev\u00f3 a cabo el corte de list\u00f3n, para as\u00ed dar inicio a un breve  recorrido por las instalaciones, y aprovechar que el padre Ricardo Fajardo, un  sacerdote dominicano que radica en Estados Unidos por d\u00e9cadas y ejerce su  ministerio en la iglesia Santa Catalina del Alto Manhattan, vertiera el agua  bendita por los rec\u00f3nditos lugares del establecimientos. <br \/>&#13;<br \/>\n  \u00a0 <br \/>&#13;<br \/>\n  \u00a0 <br \/>&#13;<br \/>\n  Durante la ceremonia, el  reconocido cura cat\u00f3lico destac\u00f3 la amplia trayectoria profesional que tienen  Nelson y Iris de Le\u00f3n,  en este negocio de la fotograf\u00eda. <br \/>&#13;<br \/>\n  \u00a0 <br \/>&#13;<br \/>\n  Los  esposos de Le\u00f3n, agradecieron la asistencia de los invitados y  extendieron\u00a0 la misma al conocido reverendo Ricardo Fajardo, quien ha sido  un fiel amigo de 148 Photo Lab. <br \/>&#13;<br \/>\n  \u00a0 <br \/>&#13;<br \/>\n  Despu\u00e9s,  de casi 25 a\u00f1os dando servicio en la calle 148, con la Avenida Broadway, Alto  Manhattan, ahora este reconocido negocio se traslada al 3564 de la misma  Avenida Broadway, pero\u00a0 con la calle 147. <br \/>&#13;<br \/>\n  \u00a0 <br \/>&#13;<br \/>\nAl  finalizar la ceremonia, una extensa gama de vinos especiales y novedosa  picadera de mariscos fue ofrecida a los presentes, quienes gustosos disfrutaron  una rica tarde. <\/span><\/p>\n<p>&#13;<\/p>\n<h6> 2009-01-23 14:53:38 <\/h6>\n<p><!--\n<link rel=\"stylesheet\" href=\"css\/bootstrap.min.css\">\n\n\n<ul class=\"pagination\">\n\t    \n\t\n\n<li >\n\t<a href='?page_no=20640'>Previous<\/a>\n\t<\/li>\n\n\n       \n    \n\n<li><a href='?page_no=1'>1<\/a><\/li>\n\n\n\n<li><a href='?page_no=2'>2<\/a><\/li>\n\n\n\n<li><a>...<\/a><\/li>\n\n\n\n<li><a href='?page_no=20639'>20639<\/a><\/li>\n\n\n\n<li><a href='?page_no=20640'>20640<\/a><\/li>\n\n\n\n<li class='active'><a>20641<\/a><\/li>\n\n\n\n<li><a href='?page_no=20642'>20642<\/a><\/li>\n\n\n\n<li><a href='?page_no=20643'>20643<\/a><\/li>\n\n\n\n<li><a>...<\/a><\/li>\n\n\n\n<li><a href='?page_no=22522'>22522<\/a><\/li>\n\n\n\n<li><a href='?page_no=22523'>22523<\/a><\/li>\n\n    \n\t\n\n<li >\n\t<a href='?page_no=20642'>Next<\/a>\n\t<\/li>\n\n\n    \n\n<li><a href='?page_no=22523'>Last &rsaquo;&rsaquo;<\/a><\/li>\n\n<\/ul>\n\n\n--><br \/>\n<\/body><\/p>\n","protected":false},"excerpt":{"rendered":"<p>Padre Ricardo Fajardo bendice nuevo local \u00ab148 Photo Lab\u00bb &#13; \u00a0 &#13; POR MART\u00cdN ZAPATA &#13; \u00a0 &#13; NUEVA YORK.- Amigos y familiares de Nelson y Iris de Le\u00f3n, acudieron al moderno y nuevo foto-estudio de fotograf\u00edas \u201c148 Photo Lab.\u201d, para ser part\u00edcipes de la emotiva ceremonia en la cual fue bendecido el lugar. &#13; [&hellip;]<\/p>\n","protected":false},"author":3,"featured_media":0,"comment_status":"open","ping_status":"open","sticky":false,"template":"","format":"standard","meta":{"footnotes":""},"categories":[25],"tags":[],"class_list":["post-92019","post","type-post","status-publish","format-standard","hentry","category-gente"],"_links":{"self":[{"href":"https:\/\/diariodominicano.com\/index.php?rest_route=\/wp\/v2\/posts\/92019","targetHints":{"allow":["GET"]}}],"collection":[{"href":"https:\/\/diariodominicano.com\/index.php?rest_route=\/wp\/v2\/posts"}],"about":[{"href":"https:\/\/diariodominicano.com\/index.php?rest_route=\/wp\/v2\/types\/post"}],"author":[{"embeddable":true,"href":"https:\/\/diariodominicano.com\/index.php?rest_route=\/wp\/v2\/users\/3"}],"replies":[{"embeddable":true,"href":"https:\/\/diariodominicano.com\/index.php?rest_route=%2Fwp%2Fv2%2Fcomments&post=92019"}],"version-history":[{"count":0,"href":"https:\/\/diariodominicano.com\/index.php?rest_route=\/wp\/v2\/posts\/92019\/revisions"}],"wp:attachment":[{"href":"https:\/\/diariodominicano.com\/index.php?rest_route=%2Fwp%2Fv2%2Fmedia&parent=92019"}],"wp:term":[{"taxonomy":"category","embeddable":true,"href":"https:\/\/diariodominicano.com\/index.php?rest_route=%2Fwp%2Fv2%2Fcategories&post=92019"},{"taxonomy":"post_tag","embeddable":true,"href":"https:\/\/diariodominicano.com\/index.php?rest_route=%2Fwp%2Fv2%2Ftags&post=92019"}],"curies":[{"name":"wp","href":"https:\/\/api.w.org\/{rel}","templated":true}]}}