{"id":92018,"date":"2009-01-23T15:33:23","date_gmt":"2009-01-23T15:33:23","guid":{"rendered":"http:\/\/diariodominicano.ddns.net\/?p=92018"},"modified":"2009-01-23T15:33:23","modified_gmt":"2009-01-23T15:33:23","slug":"los-cuatro-fantasticos-el-primer-megaconcierto-de-merengue-del-ano-2009","status":"publish","type":"post","link":"https:\/\/diariodominicano.com\/?p=92018","title":{"rendered":"\u00abLOS CUATRO FANTASTICOS\u00bb EL PRIMER MEGACONCIERTO DE MERENGUE DEL A\u00d1O 2009"},"content":{"rendered":"<p><body><\/p>\n<p align=\"justify\" class=\"titulogrande1\"><strong>\u00abLOS CUATRO FANTASTICOS\u00bb EL  PRIMER MEGACONCIERTO DE MERENGUE DEL A\u00d1O 2009<\/strong><\/p>\n<p>&#13;<\/p>\n<p align=\"justify\" class=\"text1noticias\">Milly  Quezada, Johnny Ventura, Fernando Villalona y H\u00e9ctor Acosta, conforman el  cuarteto de Los Cuatro Fant\u00e1sticos, el primer megaconcierto de merengue que se  presenta este a\u00f1o, el pr\u00f3ximo 31 de este mes en el Teatro La Fiesta del Hotel  Jaragua.<br \/>&#13;<br \/>\n    <br \/>&#13;<br \/>\n  El espect\u00e1culo es organizado por H\u00e9ctor Acosta &amp; Asociados, bajo la  producci\u00f3n de Ren\u00e9 Brea, quien trabaja desde hace varias semanas para hacer un  montaje espectacular, dentro de la l\u00ednea de trabajo que le caracteriza.<br \/>&#13;<br \/>\n  <br \/>&#13;<br \/>\n  \u00abEstamos seguros de que el p\u00fablico va a disfrutar de una excelente  entrega, donde cada artista de los cuatro participantes, tendr\u00e1 50  minutos\u00a0 en escena, lo que har\u00e1 de Los Cuatro Fant\u00e1sticos una producci\u00f3n  colosal\u00bb, dijo entusiasmado H\u00e9ctor Acosta al dar un avance de lo que ser\u00e1  esta producci\u00f3n.<br \/>&#13;<br \/>\n  <br \/>&#13;<br \/>\n  Como parte del atractivo del espect\u00e1culo, Acosta ha escrito un tema que en la  parte final ser\u00e1 interpretado por los cuatro artistas.<br \/>&#13;<br \/>\n  <br \/>&#13;<br \/>\n  Al ampliar en detalles en torno a las motivaciones que le llevan a realizar  este montaje dice que con el mismo procura darle realce y proyecci\u00f3n al  merengue.<br \/>&#13;<br \/>\n  <br \/>&#13;<br \/>\n  \u00bbQu\u00e9 mejor proyecci\u00f3n se le puede dar que presentando a sus m\u00e1s importantes  figuras en grande\u00bb, dijo H\u00e9ctor Acosta, quien en el mismo inicio del 2009  recibi\u00f3 el premio como El Artista del A\u00f1o, al ganar la encuesta anual de la  televisora Teleantillas en el \u00e1rea art\u00edstica, por lo cual recibi\u00f3 un galard\u00f3n  la semana pasada.<br \/>&#13;<br \/>\n  <br \/>&#13;<br \/>\n  H\u00e9ctor Acosta fue invitado especial de la Embajada de Estados Unidos en el pa\u00eds,  a la celebraci\u00f3n\u00a0 que realiz\u00f3 con motivo de los actos de toma de posesi\u00f3n  del Presidente\u00a0 electo de los Estados Unidos, Barack Obama<br \/>&#13;<br \/>\n  <br \/>&#13;<br \/>\n  El popular merenguero e int\u00e9rprete de bachata\u00a0 resalta la satisfacci\u00f3n de  poder compartir en escena con Milly, Fernando y Johnny, a los cuales agradece  el que cada uno haya sacado tiempo para participar en la producci\u00f3n de Los  Cuatro  Fant\u00e1sticos.\u00a0\u00a0\u00a0\u00a0\u00a0\u00a0\u00a0\u00a0\u00a0\u00a0\u00a0\u00a0\u00a0\u00a0\u00a0\u00a0\u00a0\u00a0\u00a0\u00a0\u00a0\u00a0\u00a0\u00a0\u00a0\u00a0\u00a0\u00a0\u00a0\u00a0\u00a0\u00a0\u00a0\u00a0<br \/>&#13;<br \/>\n  \u00a0\u00a0\u00a0\u00a0\u00a0\u00a0\u00a0\u00a0\u00a0\u00a0\u00a0\u00a0\u00a0\u00a0\u00a0\u00a0\u00a0\u00a0\u00a0\u00a0\u00a0\u00a0\u00a0\u00a0\u00a0\u00a0\u00a0\u00a0\u00a0\u00a0\u00a0\u00a0\u00a0\u00a0\u00a0\u00a0 <br \/>&#13;<br \/>\n  Al ser consultada en torno a la iniciativa de juntar a exponentes del merengue  de reconocida trayectoria en un mismo espect\u00e1culo, la cantante Milly Quezada  dijo sentirse feliz de compartir tarima con figuras emblem\u00e1ticas de tan  acreditada trayectoria en la m\u00fasica, como son Fernando Villalona, Johnny  Ventura y el popular H\u00e9ctor Acosta.<br \/>&#13;<br \/>\n  <br \/>&#13;<br \/>\n  \u00ab&#8216;Creo que la gente va disfrutar de un concierto \u00fanico, que pocas  veces\u00a0 pueden ver\u00bb&#8216;, dijo Milly.<br \/>&#13;<br \/>\n  <br \/>&#13;<br \/>\n  Por su parte Fernando Villalona dijo que con los Cuatro Fant\u00e1sticos se le  brindar\u00e1 al p\u00fablico un festival de merengue con lo mejor del repertorio de cada  int\u00e9rprete, y de igual manera dijo sentirse feliz de compartir con sus colegas  esa ocasi\u00f3n que considera \u00fanica.<br \/>&#13;<br \/>\n  <br \/>&#13;<br \/>\n  Johnny Ventura, el m\u00e1s veterano de los Cuatro Fant\u00e1sticos,\u00a0 expres\u00f3 por su  parte que este encuentro le permitir\u00e1 interactuar con exponentes del merengue  de diferentes generaciones, a cada uno de los cuales le reconoce los  significativos aportes a la vigencia y popularidad del g\u00e9nero.<br \/>&#13;<br \/>\n  <br \/>&#13;<br \/>\n  \u00ab&#8216;Los Cuatro Fant\u00e1sticos\u00bb, como su nombre lo dice, ser\u00e1 un  espect\u00e1culo fant\u00e1stico\u00bb, dijo Johnny.<br \/>&#13;<br \/>\n  Luego de la presentaci\u00f3n en la Capital, hay el inter\u00e9s de llevarlo tambi\u00e9n a la  ciudad de Santiago, una plaza que siempre ha gozado del especial aprecio de  H\u00e9ctor Acosta.<br \/>&#13;<br \/>\n  <br \/>&#13;<br \/>\n  Por su parte Ren\u00e9 Brea dijo sentirse muy contento por el hecho de haber sido  llamado por H\u00e9ctor para producir el evento, en raz\u00f3n de que se est\u00e1 apostando a  darle un nuevo aire al merengue, y nada mejor que procurarlo desde el primer  mes del a\u00f1o.<br \/>&#13;<br \/>\n  <br \/>&#13;<br \/>\n  Como parte del atractivo que incluye la producci\u00f3n de Los Cuatro Fant\u00e1sticos,  Brea refiere que reforzar\u00e1 la actuaci\u00f3n de cada artista con efectos visuales  proyectados en el escenario.<br \/>&#13;<br \/>\n  <br \/>&#13;<br \/>\n  Se ha indicado que el evento empezar\u00e1 a las 8:30 de la noche, en inter\u00e9s de que  cada participante pueda agotar a plenitud el tiempo de que dispondr\u00e1 en escena.<\/p>\n<p>&#13;<\/p>\n<h6> 2009-01-23 15:33:23 <\/h6>\n<p><!--\n<link rel=\"stylesheet\" href=\"css\/bootstrap.min.css\">\n\n\n<ul class=\"pagination\">\n\t    \n\t\n\n<li >\n\t<a href='?page_no=20639'>Previous<\/a>\n\t<\/li>\n\n\n       \n    \n\n<li><a href='?page_no=1'>1<\/a><\/li>\n\n\n\n<li><a href='?page_no=2'>2<\/a><\/li>\n\n\n\n<li><a>...<\/a><\/li>\n\n\n\n<li><a href='?page_no=20638'>20638<\/a><\/li>\n\n\n\n<li><a href='?page_no=20639'>20639<\/a><\/li>\n\n\n\n<li class='active'><a>20640<\/a><\/li>\n\n\n\n<li><a href='?page_no=20641'>20641<\/a><\/li>\n\n\n\n<li><a href='?page_no=20642'>20642<\/a><\/li>\n\n\n\n<li><a>...<\/a><\/li>\n\n\n\n<li><a href='?page_no=22522'>22522<\/a><\/li>\n\n\n\n<li><a href='?page_no=22523'>22523<\/a><\/li>\n\n    \n\t\n\n<li >\n\t<a href='?page_no=20641'>Next<\/a>\n\t<\/li>\n\n\n    \n\n<li><a href='?page_no=22523'>Last &rsaquo;&rsaquo;<\/a><\/li>\n\n<\/ul>\n\n\n--><br \/>\n<\/body><\/p>\n","protected":false},"excerpt":{"rendered":"<p>\u00abLOS CUATRO FANTASTICOS\u00bb EL PRIMER MEGACONCIERTO DE MERENGUE DEL A\u00d1O 2009 &#13; Milly Quezada, Johnny Ventura, Fernando Villalona y H\u00e9ctor Acosta, conforman el cuarteto de Los Cuatro Fant\u00e1sticos, el primer megaconcierto de merengue que se presenta este a\u00f1o, el pr\u00f3ximo 31 de este mes en el Teatro La Fiesta del Hotel Jaragua.&#13; &#13; El espect\u00e1culo [&hellip;]<\/p>\n","protected":false},"author":3,"featured_media":0,"comment_status":"open","ping_status":"open","sticky":false,"template":"","format":"standard","meta":{"footnotes":""},"categories":[25],"tags":[],"class_list":["post-92018","post","type-post","status-publish","format-standard","hentry","category-gente"],"_links":{"self":[{"href":"https:\/\/diariodominicano.com\/index.php?rest_route=\/wp\/v2\/posts\/92018","targetHints":{"allow":["GET"]}}],"collection":[{"href":"https:\/\/diariodominicano.com\/index.php?rest_route=\/wp\/v2\/posts"}],"about":[{"href":"https:\/\/diariodominicano.com\/index.php?rest_route=\/wp\/v2\/types\/post"}],"author":[{"embeddable":true,"href":"https:\/\/diariodominicano.com\/index.php?rest_route=\/wp\/v2\/users\/3"}],"replies":[{"embeddable":true,"href":"https:\/\/diariodominicano.com\/index.php?rest_route=%2Fwp%2Fv2%2Fcomments&post=92018"}],"version-history":[{"count":0,"href":"https:\/\/diariodominicano.com\/index.php?rest_route=\/wp\/v2\/posts\/92018\/revisions"}],"wp:attachment":[{"href":"https:\/\/diariodominicano.com\/index.php?rest_route=%2Fwp%2Fv2%2Fmedia&parent=92018"}],"wp:term":[{"taxonomy":"category","embeddable":true,"href":"https:\/\/diariodominicano.com\/index.php?rest_route=%2Fwp%2Fv2%2Fcategories&post=92018"},{"taxonomy":"post_tag","embeddable":true,"href":"https:\/\/diariodominicano.com\/index.php?rest_route=%2Fwp%2Fv2%2Ftags&post=92018"}],"curies":[{"name":"wp","href":"https:\/\/api.w.org\/{rel}","templated":true}]}}