{"id":92017,"date":"2009-01-23T18:10:00","date_gmt":"2009-01-23T18:10:00","guid":{"rendered":"http:\/\/diariodominicano.ddns.net\/?p=92017"},"modified":"2009-01-23T18:10:00","modified_gmt":"2009-01-23T18:10:00","slug":"confirma-a-karina-pasian-para-actuar-en-los-premios-casandra-2009","status":"publish","type":"post","link":"https:\/\/diariodominicano.com\/?p=92017","title":{"rendered":"Confirma a Karina Pasian para actuar en los premios Casandra 2009"},"content":{"rendered":"<p><body><\/p>\n<p class=\"titulogrande1\">Confirma a Karina Pasian para  actuar en los premios Casandra 2009<\/p>\n<p>&#13;<\/p>\n<p align=\"justify\" class=\"text1noticias\"><img loading=\"lazy\" decoding=\"async\" src=\"http:\/\/localhost:8080\/gente\/img\/karys.jpg\" width=\"375\" height=\"375\" hspace=\"4\" align=\"left\" \/>SANTO DOMINGO, 23 DE ENERO  2009.-Una de la as atracciones de la XXV entrega de los premios Casandra 2009  lo ser\u00e1 la actuaci\u00f3n de la juvenil cantante Karina Pasian, para cuyo show la producci\u00f3n  del galard\u00f3n art\u00edstico pone todo su esmero.<\/p>\n<p>&#13;<\/p>\n<p align=\"justify\" class=\"text1noticias\">El anuncio fue hecho este viernes  por Marivell Contreras, presidenta de la Asociaci\u00f3n de Cronistas de Arte  (Acroarte), entidad que anualmente reconoce a los artistas de Rep\u00fablica  Dominicana conjuntamente con la Cervecer\u00eda Nacional Dominicana.<\/p>\n<p>&#13;<\/p>\n<p align=\"justify\" class=\"text1noticias\">Contreras inform\u00f3 que la directora  de producci\u00f3n del ceremonial Aidita Selman y el director musical Manuel Tejada,  est\u00e1n confiados, al igual que Acroarte y la Cervecer\u00eda Nacional Dominicana, en  que el paso del joven m\u00fasico ser\u00e1 un acontecimiento inolvidable para los  millones de espectadores que cada a\u00f1o disfrutan de los premios\u00a0 Casandra.<\/p>\n<p>&#13;<\/p>\n<p align=\"justify\" class=\"text1noticias\">Pasian es considerada como una  prodigiosa artista nacida en Nueva Cork, de padres dominicanos, y quien acaba  de ser nominada por la academia de la m\u00fasica americana (Grammys). <\/p>\n<p>&#13;<\/p>\n<p align=\"justify\" class=\"text1noticias\">La joven artista de origen  dominicano fue nominada en la categor\u00eda \u00abMejor \u00e1lbum de R&amp;B  Contempor\u00e1neo\u00bb uno de los renglones m\u00e1s importantes y competitivos de  dichos premios.<\/p>\n<p>&#13;<\/p>\n<p align=\"justify\" class=\"text1noticias\">El titulo del \u00e1lbum de Pasian es  \u00abFirst Love\u00bb, el cual fue lanzado al mercado el pasado 19 de agosto.<\/p>\n<p>&#13;<\/p>\n<p align=\"justify\" class=\"text1noticias\">Karina compite por este galard\u00f3n  con estrellas tales como NeYo, Mary J. Blidge, Jay Holliday y Jazmine Zullivan.<\/p>\n<p>&#13;<\/p>\n<p align=\"justify\" class=\"text1noticias\">Con esta nominaci\u00f3n karina se  convierte en la primera artista latina en ser nominada en dicha categor\u00eda. <\/p>\n<p>&#13;<\/p>\n<p align=\"justify\" class=\"text1noticias\">Para lograr esta nominaci\u00f3n Karina  compiti\u00f3 con artistas de la categor\u00eda de Alicia Keys, Usher, Chris Brown, Maria  Carey, Janet Jackson, Ashanti, y muchos m\u00e1s.<\/p>\n<p>&#13;<\/p>\n<p align=\"justify\" class=\"text1noticias\">Los premios Casandra ser\u00e1n  entregados en marzo en el Teatro Nacional Eduardo Brito, ceremonial al que se  espera asistan las celebridades art\u00edsticas dominicanas.\/\/\/FIN\/\/\/<\/p>\n<p>&#13;<\/p>\n<h6> 2009-01-23 18:10:00 <\/h6>\n<p><!--\n<link rel=\"stylesheet\" href=\"css\/bootstrap.min.css\">\n\n\n<ul class=\"pagination\">\n\t    \n\t\n\n<li >\n\t<a href='?page_no=20638'>Previous<\/a>\n\t<\/li>\n\n\n       \n    \n\n<li><a href='?page_no=1'>1<\/a><\/li>\n\n\n\n<li><a href='?page_no=2'>2<\/a><\/li>\n\n\n\n<li><a>...<\/a><\/li>\n\n\n\n<li><a href='?page_no=20637'>20637<\/a><\/li>\n\n\n\n<li><a href='?page_no=20638'>20638<\/a><\/li>\n\n\n\n<li class='active'><a>20639<\/a><\/li>\n\n\n\n<li><a href='?page_no=20640'>20640<\/a><\/li>\n\n\n\n<li><a href='?page_no=20641'>20641<\/a><\/li>\n\n\n\n<li><a>...<\/a><\/li>\n\n\n\n<li><a href='?page_no=22522'>22522<\/a><\/li>\n\n\n\n<li><a href='?page_no=22523'>22523<\/a><\/li>\n\n    \n\t\n\n<li >\n\t<a href='?page_no=20640'>Next<\/a>\n\t<\/li>\n\n\n    \n\n<li><a href='?page_no=22523'>Last &rsaquo;&rsaquo;<\/a><\/li>\n\n<\/ul>\n\n\n--><br \/>\n<\/body><\/p>\n","protected":false},"excerpt":{"rendered":"<p>Confirma a Karina Pasian para actuar en los premios Casandra 2009 &#13; SANTO DOMINGO, 23 DE ENERO 2009.-Una de la as atracciones de la XXV entrega de los premios Casandra 2009 lo ser\u00e1 la actuaci\u00f3n de la juvenil cantante Karina Pasian, para cuyo show la producci\u00f3n del galard\u00f3n art\u00edstico pone todo su esmero. &#13; El [&hellip;]<\/p>\n","protected":false},"author":3,"featured_media":0,"comment_status":"open","ping_status":"open","sticky":false,"template":"","format":"standard","meta":{"footnotes":""},"categories":[25],"tags":[],"class_list":["post-92017","post","type-post","status-publish","format-standard","hentry","category-gente"],"_links":{"self":[{"href":"https:\/\/diariodominicano.com\/index.php?rest_route=\/wp\/v2\/posts\/92017","targetHints":{"allow":["GET"]}}],"collection":[{"href":"https:\/\/diariodominicano.com\/index.php?rest_route=\/wp\/v2\/posts"}],"about":[{"href":"https:\/\/diariodominicano.com\/index.php?rest_route=\/wp\/v2\/types\/post"}],"author":[{"embeddable":true,"href":"https:\/\/diariodominicano.com\/index.php?rest_route=\/wp\/v2\/users\/3"}],"replies":[{"embeddable":true,"href":"https:\/\/diariodominicano.com\/index.php?rest_route=%2Fwp%2Fv2%2Fcomments&post=92017"}],"version-history":[{"count":0,"href":"https:\/\/diariodominicano.com\/index.php?rest_route=\/wp\/v2\/posts\/92017\/revisions"}],"wp:attachment":[{"href":"https:\/\/diariodominicano.com\/index.php?rest_route=%2Fwp%2Fv2%2Fmedia&parent=92017"}],"wp:term":[{"taxonomy":"category","embeddable":true,"href":"https:\/\/diariodominicano.com\/index.php?rest_route=%2Fwp%2Fv2%2Fcategories&post=92017"},{"taxonomy":"post_tag","embeddable":true,"href":"https:\/\/diariodominicano.com\/index.php?rest_route=%2Fwp%2Fv2%2Ftags&post=92017"}],"curies":[{"name":"wp","href":"https:\/\/api.w.org\/{rel}","templated":true}]}}