{"id":92015,"date":"2009-01-23T20:53:54","date_gmt":"2009-01-23T20:53:54","guid":{"rendered":"http:\/\/diariodominicano.ddns.net\/?p=92015"},"modified":"2009-01-23T20:53:54","modified_gmt":"2009-01-23T20:53:54","slug":"janny-y-marco-manana-en-sabado-gigante","status":"publish","type":"post","link":"https:\/\/diariodominicano.com\/?p=92015","title":{"rendered":"Janny y Marco ma\u00f1ana en S\u00e1bado  Gigante"},"content":{"rendered":"<p><body><\/p>\n<p class=\"titulogrande1\">Janny y Marco ma\u00f1ana  en S\u00e1bado\u00a0 Gigante<\/p>\n<p>&#13;<\/p>\n<p align=\"justify\" class=\"text1noticias\">Miami, FL, 23 de  enero del 2009.- <strong>Janny y Marco<\/strong>, la  uni\u00f3n perfecta de dos hermanos mexicanos, incorporan la bachata a su carrera y  debutan ma\u00f1ana en el programa \u201cS\u00e1bado Gigante\u201d, a partir de las 8:00 p.m., hora  del Este, por Univisi\u00f3n.<br \/>&#13;<br \/>\n  <br \/>&#13;<br \/>\n  Interpretar\u00e1n su  gran \u00e9xito \u201cLa Historia de los Dos\u201d, t\u00edtulo hom\u00f3nimo de su primer \u00e1lbum con el  sello CR Records.<br \/>&#13;<br \/>\n  <br \/>&#13;<br \/>\n  En el 2008 lograron  convertirse en una verdadera promesa de la m\u00fasica latina, realizando una  extensa gira promocional en los principales medios de comunicaci\u00f3n latinos de  Estados Unidos.<br \/>&#13;<br \/>\n  <br \/>&#13;<br \/>\n  Adem\u00e1s, se colocaron  en las listas de popularidad de las estaciones radiales latinas, gracias al  tema \u201cEl Ni\u00f1o del Tambor\u201d, interpretado junto a \u201cLa Reina del Merengue\u201d, <strong>Milly Quezada<\/strong>.<br \/>&#13;<br \/>\n  <br \/>&#13;<br \/>\nEl \u00e1lbum fue  producido por<strong> Henry Jim\u00e9nez<\/strong>, quien  ya ha trabajado con artistas de la estatura de Milly Quezada<strong>, El Jeffrey, To\u00f1o Rosario, Johnny Ventura<\/strong>,  entre otros.<\/p>\n<p>&#13;<\/p>\n<h6> 2009-01-23 20:53:54 <\/h6>\n<p><!--\n<link rel=\"stylesheet\" href=\"css\/bootstrap.min.css\">\n\n\n<ul class=\"pagination\">\n\t    \n\t\n\n<li >\n\t<a href='?page_no=20636'>Previous<\/a>\n\t<\/li>\n\n\n       \n    \n\n<li><a href='?page_no=1'>1<\/a><\/li>\n\n\n\n<li><a href='?page_no=2'>2<\/a><\/li>\n\n\n\n<li><a>...<\/a><\/li>\n\n\n\n<li><a href='?page_no=20635'>20635<\/a><\/li>\n\n\n\n<li><a href='?page_no=20636'>20636<\/a><\/li>\n\n\n\n<li class='active'><a>20637<\/a><\/li>\n\n\n\n<li><a href='?page_no=20638'>20638<\/a><\/li>\n\n\n\n<li><a href='?page_no=20639'>20639<\/a><\/li>\n\n\n\n<li><a>...<\/a><\/li>\n\n\n\n<li><a href='?page_no=22522'>22522<\/a><\/li>\n\n\n\n<li><a href='?page_no=22523'>22523<\/a><\/li>\n\n    \n\t\n\n<li >\n\t<a href='?page_no=20638'>Next<\/a>\n\t<\/li>\n\n\n    \n\n<li><a href='?page_no=22523'>Last &rsaquo;&rsaquo;<\/a><\/li>\n\n<\/ul>\n\n\n--><br \/>\n<\/body><\/p>\n","protected":false},"excerpt":{"rendered":"<p>Janny y Marco ma\u00f1ana en S\u00e1bado\u00a0 Gigante &#13; Miami, FL, 23 de enero del 2009.- Janny y Marco, la uni\u00f3n perfecta de dos hermanos mexicanos, incorporan la bachata a su carrera y debutan ma\u00f1ana en el programa \u201cS\u00e1bado Gigante\u201d, a partir de las 8:00 p.m., hora del Este, por Univisi\u00f3n.&#13; &#13; Interpretar\u00e1n su gran \u00e9xito [&hellip;]<\/p>\n","protected":false},"author":3,"featured_media":0,"comment_status":"open","ping_status":"open","sticky":false,"template":"","format":"standard","meta":{"footnotes":""},"categories":[25],"tags":[],"class_list":["post-92015","post","type-post","status-publish","format-standard","hentry","category-gente"],"_links":{"self":[{"href":"https:\/\/diariodominicano.com\/index.php?rest_route=\/wp\/v2\/posts\/92015","targetHints":{"allow":["GET"]}}],"collection":[{"href":"https:\/\/diariodominicano.com\/index.php?rest_route=\/wp\/v2\/posts"}],"about":[{"href":"https:\/\/diariodominicano.com\/index.php?rest_route=\/wp\/v2\/types\/post"}],"author":[{"embeddable":true,"href":"https:\/\/diariodominicano.com\/index.php?rest_route=\/wp\/v2\/users\/3"}],"replies":[{"embeddable":true,"href":"https:\/\/diariodominicano.com\/index.php?rest_route=%2Fwp%2Fv2%2Fcomments&post=92015"}],"version-history":[{"count":0,"href":"https:\/\/diariodominicano.com\/index.php?rest_route=\/wp\/v2\/posts\/92015\/revisions"}],"wp:attachment":[{"href":"https:\/\/diariodominicano.com\/index.php?rest_route=%2Fwp%2Fv2%2Fmedia&parent=92015"}],"wp:term":[{"taxonomy":"category","embeddable":true,"href":"https:\/\/diariodominicano.com\/index.php?rest_route=%2Fwp%2Fv2%2Fcategories&post=92015"},{"taxonomy":"post_tag","embeddable":true,"href":"https:\/\/diariodominicano.com\/index.php?rest_route=%2Fwp%2Fv2%2Ftags&post=92015"}],"curies":[{"name":"wp","href":"https:\/\/api.w.org\/{rel}","templated":true}]}}