{"id":92014,"date":"2009-01-23T20:56:24","date_gmt":"2009-01-23T20:56:24","guid":{"rendered":"http:\/\/diariodominicano.ddns.net\/?p=92014"},"modified":"2009-01-23T20:56:24","modified_gmt":"2009-01-23T20:56:24","slug":"hector-acosta-asociados-anuncia-posposicion-de","status":"publish","type":"post","link":"https:\/\/diariodominicano.com\/?p=92014","title":{"rendered":"H\u00e9ctor Acosta &amp; Asociados anuncia Posposici\u00f3n de"},"content":{"rendered":"<p><body><\/p>\n<p align=\"justify\"><strong class=\"titulogrande1\">H\u00e9ctor Acosta  &amp; Asociados anuncia Posposici\u00f3n de \u00abLos 4 Fant\u00e1sticos\u00bb<\/strong><br \/>&#13;<br \/>\n    <strong><br \/>&#13;<br \/>\n    <\/strong><span class=\"text1noticias\">La  empresa H\u00e9ctor Acosta &amp; Asociados inform\u00f3 hoy que el concierto \u00abLos 4  Fant\u00e1sticos\u00bb, anunciado para el 31 de enero en el teatro La Fiesta del  hotel Jaragua, ha sido pospuesto para una nueva fecha.<br \/>&#13;<br \/>\n    <br \/>&#13;<br \/>\n    H\u00e9ctor Acosta, productor ejecutivo del concierto,  explic\u00f3 que un compromiso asumido por Johnny Ventura y Milly Quezada en la  ciudad de Santiago de los Caballeros, ese mismo d\u00eda, impide llevar a cabo el  evento.<br \/>&#13;<br \/>\n    <br \/>&#13;<br \/>\n    Ren\u00e9 Brea, productor art\u00edstico de \u00abLos 4  Fant\u00e1sticos\u00bb, recibi\u00f3 ayer un correo electr\u00f3nico de parte de Johnny  Ventura, a trav\u00e9s del cual le informaba que \u00e9l y Milly Quezada no estar\u00edan a  tiempo para el opening del show porque tienen un compromiso en Santiago de los  Caballeros a esa hora.<br \/>&#13;<br \/>\n    <br \/>&#13;<br \/>\n\u00abEn vista de esto nos hemos visto en la  necesidad de posponer el concierto, porque no podemos arriesgarnos a quedar mal  con el p\u00fablico y preferimos otra fecha donde ambos puedan estar desde el  principio\u00bb, manifest\u00f3 el cantante. \u00a0<br \/>&#13;<br \/>\n<br \/>&#13;<br \/>\nComo parte del atractivo del espect\u00e1culo, el\u00a0  int\u00e9rprete de \u00abEntr\u00e9gate\u00bb record\u00f3 que escribi\u00f3 un tema para la parte  final del concierto que ser\u00e1 interpretado por los cuatro artistas.<br \/>&#13;<br \/>\n<br \/>&#13;<br \/>\nEn ese sentido tambi\u00e9n Ren\u00e9 Brea tiene preparado un  opening en el que cada\u00a0 merenguero tiene una participaci\u00f3n muy especial,  por lo que la ausencia de uno afecta el inicio\u00a0 de \u00e9ste que era  promocionado como el Primer concierto del a\u00f1o.<br \/>&#13;<br \/>\n<br \/>&#13;<br \/>\nH\u00e9ctor Acosta reiter\u00f3 que se trata de una  posposici\u00f3n para una fecha que ser\u00e1 anunciada pr\u00f3ximamente.<\/span><\/p>\n<p>&#13;<\/p>\n<h6> 2009-01-23 20:56:24 <\/h6>\n<p><!--\n<link rel=\"stylesheet\" href=\"css\/bootstrap.min.css\">\n\n\n<ul class=\"pagination\">\n\t    \n\t\n\n<li >\n\t<a href='?page_no=20635'>Previous<\/a>\n\t<\/li>\n\n\n       \n    \n\n<li><a href='?page_no=1'>1<\/a><\/li>\n\n\n\n<li><a href='?page_no=2'>2<\/a><\/li>\n\n\n\n<li><a>...<\/a><\/li>\n\n\n\n<li><a href='?page_no=20634'>20634<\/a><\/li>\n\n\n\n<li><a href='?page_no=20635'>20635<\/a><\/li>\n\n\n\n<li class='active'><a>20636<\/a><\/li>\n\n\n\n<li><a href='?page_no=20637'>20637<\/a><\/li>\n\n\n\n<li><a href='?page_no=20638'>20638<\/a><\/li>\n\n\n\n<li><a>...<\/a><\/li>\n\n\n\n<li><a href='?page_no=22522'>22522<\/a><\/li>\n\n\n\n<li><a href='?page_no=22523'>22523<\/a><\/li>\n\n    \n\t\n\n<li >\n\t<a href='?page_no=20637'>Next<\/a>\n\t<\/li>\n\n\n    \n\n<li><a href='?page_no=22523'>Last &rsaquo;&rsaquo;<\/a><\/li>\n\n<\/ul>\n\n\n--><br \/>\n<\/body><\/p>\n","protected":false},"excerpt":{"rendered":"<p>H\u00e9ctor Acosta &amp; Asociados anuncia Posposici\u00f3n de \u00abLos 4 Fant\u00e1sticos\u00bb&#13; &#13; La empresa H\u00e9ctor Acosta &amp; Asociados inform\u00f3 hoy que el concierto \u00abLos 4 Fant\u00e1sticos\u00bb, anunciado para el 31 de enero en el teatro La Fiesta del hotel Jaragua, ha sido pospuesto para una nueva fecha.&#13; &#13; H\u00e9ctor Acosta, productor ejecutivo del concierto, explic\u00f3 que [&hellip;]<\/p>\n","protected":false},"author":3,"featured_media":0,"comment_status":"open","ping_status":"open","sticky":false,"template":"","format":"standard","meta":{"footnotes":""},"categories":[25],"tags":[],"class_list":["post-92014","post","type-post","status-publish","format-standard","hentry","category-gente"],"_links":{"self":[{"href":"https:\/\/diariodominicano.com\/index.php?rest_route=\/wp\/v2\/posts\/92014","targetHints":{"allow":["GET"]}}],"collection":[{"href":"https:\/\/diariodominicano.com\/index.php?rest_route=\/wp\/v2\/posts"}],"about":[{"href":"https:\/\/diariodominicano.com\/index.php?rest_route=\/wp\/v2\/types\/post"}],"author":[{"embeddable":true,"href":"https:\/\/diariodominicano.com\/index.php?rest_route=\/wp\/v2\/users\/3"}],"replies":[{"embeddable":true,"href":"https:\/\/diariodominicano.com\/index.php?rest_route=%2Fwp%2Fv2%2Fcomments&post=92014"}],"version-history":[{"count":0,"href":"https:\/\/diariodominicano.com\/index.php?rest_route=\/wp\/v2\/posts\/92014\/revisions"}],"wp:attachment":[{"href":"https:\/\/diariodominicano.com\/index.php?rest_route=%2Fwp%2Fv2%2Fmedia&parent=92014"}],"wp:term":[{"taxonomy":"category","embeddable":true,"href":"https:\/\/diariodominicano.com\/index.php?rest_route=%2Fwp%2Fv2%2Fcategories&post=92014"},{"taxonomy":"post_tag","embeddable":true,"href":"https:\/\/diariodominicano.com\/index.php?rest_route=%2Fwp%2Fv2%2Ftags&post=92014"}],"curies":[{"name":"wp","href":"https:\/\/api.w.org\/{rel}","templated":true}]}}