{"id":92012,"date":"2009-01-27T16:13:09","date_gmt":"2009-01-27T16:13:09","guid":{"rendered":"http:\/\/diariodominicano.ddns.net\/?p=92012"},"modified":"2009-01-27T16:13:09","modified_gmt":"2009-01-27T16:13:09","slug":"mirta-renee-se-prepara-para-nuevos-retos","status":"publish","type":"post","link":"https:\/\/diariodominicano.com\/?p=92012","title":{"rendered":"Mirta Ren\u00e9e  se prepara para nuevos retos"},"content":{"rendered":"<p><body><\/p>\n<p align=\"justify\"><span class=\"titulogrande1\">Mirta Ren\u00e9e\u00a0 se prepara para nuevos retos<\/span><br \/>&#13;<br \/>\n  <br \/>&#13;<br \/>\n    <span class=\"text1noticias\"><img loading=\"lazy\" decoding=\"async\" src=\"http:\/\/localhost:8080\/gente\/img\/mirta rene.jpg\" width=\"375\" height=\"287\" hspace=\"4\" align=\"left\" \/>Miami, FL, 26 de enero del 2009.- <strong>Mirta  Ren\u00e9e<\/strong>, tras haber cosechado  grandes \u00e9xitos el a\u00f1o pasado y haber internacionalizado su nombre, esta  destacada actriz guatemalteca se  apresta para continuar alcanzando nuevos \u00e9xitos en el 2009.<br \/>&#13;<br \/>\n    <br \/>&#13;<br \/>\n    Entre sus  principales logros al t\u00e9rmino de este periodo se cuenta su rutilante  interpretaci\u00f3n en la miniserie de Mega Films, \u201cGabriel\u201d, donde comparti\u00f3  actuaci\u00f3n junto a un estelar elenco de la talla de <strong>Chayanne<\/strong> y <strong>Jos\u00e9 Luis Rodr\u00edguez,<\/strong> \u201c<strong>El Puma<\/strong>\u201d.<br \/>&#13;<br \/>\n    <br \/>&#13;<br \/>\n    En esta espectacular serie televisiva en formato de  cine, transmitida por Mega TV, interpret\u00f3 el papel de \u2018<strong>Vanessa\u2019,<\/strong> un peculiar personaje que m\u00e1s que  villana, \u201cera m\u00e1s bien una p\u00edcara y tremenda chica\u201d, revela Mirta.<br \/>&#13;<br \/>\n    <br \/>&#13;<br \/>\n\u201cEntre las  interpretaciones que he realizado, este fue uno de los mayores desaf\u00edos por la  magnitud del proyecto\u201d, dijo la actriz guatemalteca.<br \/>&#13;<br \/>\n<br \/>&#13;<br \/>\nPoco despu\u00e9s de concluir este trabajo, su pasi\u00f3n  por el arte le llev\u00f3 a participar en la obra de teatro \u201cMujeres de par en par\u201d<em>, <\/em>una historia de humor inteligente  de la dramaturga venezolana <strong>Indira P\u00e1ez<\/strong>, coescritora de <em>Gabriel<\/em>, y dirigida por <strong>Juan David Ferrer,<\/strong> que invitaba a recorrer las  intimidades de siete mujeres representativas de nuestros tiempos. La pieza  teatral se present\u00f3 en el Teatro Kimbara Cumbara de la Calle Ocho, en Miami, y desde el pasado viernes  volvi\u00f3 a la cartelera por voto popular.<br \/>&#13;<br \/>\n<br \/>&#13;<br \/>\n\u201cMirta Ren\u00e9e  resuelve con organicidad y coherencia \u2018La Llamada\u2019 [t\u00edtulo del mon\u00f3logo]\u201d, escribi\u00f3 <strong>Antonio Rodr\u00edguez<\/strong> de El Nuevo Herald en  su edici\u00f3n del pasado 20 de noviembre sobre el debut de \u201cMujeres de par en  par\u201d.<br \/>&#13;<br \/>\n<br \/>&#13;<br \/>\nPara ella fue una experiencia provechosa, dado  que, seg\u00fan inform\u00f3 recientemente  al peri\u00f3dico \u201cHoy\u201d de la ciudad de Nueva York, le hac\u00eda falta el contacto con la gente,  \u201cla energ\u00eda que te da el p\u00fablico\u201d<br \/>&#13;<br \/>\n<br \/>&#13;<br \/>\nTambi\u00e9n en el 2008 realiz\u00f3  una intensa gira promocional por su tierra natal donde hizo un recorrido por  importantes medios de comunicaci\u00f3n de la naci\u00f3n centroamericana que destacaron  su popularidad y donde fue recibida con los brazos abiertos, como toda una  hero\u00edna. <br \/>&#13;<br \/>\n<br \/>&#13;<br \/>\nMirta comparti\u00f3 con sus paisanos la gran experiencia  que ha representado para ella actuar en los Estados Unidos.<\/span><\/p>\n<p>&#13;<\/p>\n<p align=\"justify\">\u00a0<\/p>\n<p>&#13;<\/p>\n<p align=\"justify\" class=\"text1noticias\">Igualmente en su pa\u00eds se present\u00f3, junto a grandes  estrellas del espect\u00e1culo, en el Concierto de la Solidaridad, evento que  convoca el gobierno guatemalteco y Unicef, entre otras entidades, para recaudar  fondos a las comunidades m\u00e1s necesitadas.<br \/>&#13;<br \/>\n  <br \/>&#13;<br \/>\n  Adem\u00e1s, en el 2008  Mirta particip\u00f3 en la telenovela \u201cQuerida enemiga\u201d bajo la producci\u00f3n de Lucero  Su\u00e1rez en M\u00e9xico. En ese mismo a\u00f1o viaj\u00f3 en gira promocional a Venezuela y  Rep\u00fablica Dominicana.<br \/>&#13;<br \/>\n  <br \/>&#13;<br \/>\n  Dentro de sus metas  profesionales tiene en agenda tomar cursos de improvisaci\u00f3n y  actuaci\u00f3n en Nueva York y Los \u00c1ngeles. Asimismo, tiene planes futuros con el  canal estadounidense Mega TV e ir\u00e1 a M\u00e9xico a visitar a algunos productores  para posibles proyectos.<br \/>&#13;<br \/>\n  <br \/>&#13;<br \/>\n  Por su  extraordinario carisma con el p\u00fablico, su prodigiosa preparaci\u00f3n, su innegable  belleza y su rostro que ha inspirado desde el amor al rencor convirti\u00e9ndola en  la favorita de los productores de telenovelas, no es de dudar que la carrera de  Mirta Ren\u00e9e se proyecte como imparable.<\/p>\n<p>&#13;<\/p>\n<h6> 2009-01-27 16:13:09 <\/h6>\n<p><!--\n<link rel=\"stylesheet\" href=\"css\/bootstrap.min.css\">\n\n\n<ul class=\"pagination\">\n\t    \n\t\n\n<li >\n\t<a href='?page_no=20633'>Previous<\/a>\n\t<\/li>\n\n\n       \n    \n\n<li><a href='?page_no=1'>1<\/a><\/li>\n\n\n\n<li><a href='?page_no=2'>2<\/a><\/li>\n\n\n\n<li><a>...<\/a><\/li>\n\n\n\n<li><a href='?page_no=20632'>20632<\/a><\/li>\n\n\n\n<li><a href='?page_no=20633'>20633<\/a><\/li>\n\n\n\n<li class='active'><a>20634<\/a><\/li>\n\n\n\n<li><a href='?page_no=20635'>20635<\/a><\/li>\n\n\n\n<li><a href='?page_no=20636'>20636<\/a><\/li>\n\n\n\n<li><a>...<\/a><\/li>\n\n\n\n<li><a href='?page_no=22522'>22522<\/a><\/li>\n\n\n\n<li><a href='?page_no=22523'>22523<\/a><\/li>\n\n    \n\t\n\n<li >\n\t<a href='?page_no=20635'>Next<\/a>\n\t<\/li>\n\n\n    \n\n<li><a href='?page_no=22523'>Last &rsaquo;&rsaquo;<\/a><\/li>\n\n<\/ul>\n\n\n--><br \/>\n<\/body><\/p>\n","protected":false},"excerpt":{"rendered":"<p>Mirta Ren\u00e9e\u00a0 se prepara para nuevos retos&#13; &#13; Miami, FL, 26 de enero del 2009.- Mirta Ren\u00e9e, tras haber cosechado grandes \u00e9xitos el a\u00f1o pasado y haber internacionalizado su nombre, esta destacada actriz guatemalteca se apresta para continuar alcanzando nuevos \u00e9xitos en el 2009.&#13; &#13; Entre sus principales logros al t\u00e9rmino de este periodo se [&hellip;]<\/p>\n","protected":false},"author":3,"featured_media":0,"comment_status":"open","ping_status":"open","sticky":false,"template":"","format":"standard","meta":{"footnotes":""},"categories":[25],"tags":[],"class_list":["post-92012","post","type-post","status-publish","format-standard","hentry","category-gente"],"_links":{"self":[{"href":"https:\/\/diariodominicano.com\/index.php?rest_route=\/wp\/v2\/posts\/92012","targetHints":{"allow":["GET"]}}],"collection":[{"href":"https:\/\/diariodominicano.com\/index.php?rest_route=\/wp\/v2\/posts"}],"about":[{"href":"https:\/\/diariodominicano.com\/index.php?rest_route=\/wp\/v2\/types\/post"}],"author":[{"embeddable":true,"href":"https:\/\/diariodominicano.com\/index.php?rest_route=\/wp\/v2\/users\/3"}],"replies":[{"embeddable":true,"href":"https:\/\/diariodominicano.com\/index.php?rest_route=%2Fwp%2Fv2%2Fcomments&post=92012"}],"version-history":[{"count":0,"href":"https:\/\/diariodominicano.com\/index.php?rest_route=\/wp\/v2\/posts\/92012\/revisions"}],"wp:attachment":[{"href":"https:\/\/diariodominicano.com\/index.php?rest_route=%2Fwp%2Fv2%2Fmedia&parent=92012"}],"wp:term":[{"taxonomy":"category","embeddable":true,"href":"https:\/\/diariodominicano.com\/index.php?rest_route=%2Fwp%2Fv2%2Fcategories&post=92012"},{"taxonomy":"post_tag","embeddable":true,"href":"https:\/\/diariodominicano.com\/index.php?rest_route=%2Fwp%2Fv2%2Ftags&post=92012"}],"curies":[{"name":"wp","href":"https:\/\/api.w.org\/{rel}","templated":true}]}}