{"id":92010,"date":"2009-01-27T22:23:47","date_gmt":"2009-01-27T22:23:47","guid":{"rendered":"http:\/\/diariodominicano.ddns.net\/?p=92010"},"modified":"2009-01-27T22:23:47","modified_gmt":"2009-01-27T22:23:47","slug":"jazz-en-dominicana-les-invita-a-disfrutar-del-primer-jazz-del-patio-jam-session-del-2009","status":"publish","type":"post","link":"https:\/\/diariodominicano.com\/?p=92010","title":{"rendered":"Jazz en Dominicana les invita a disfrutar del Primer Jazz del Patio Jam Session del 2009!!!"},"content":{"rendered":"<p><body><\/p>\n<p align=\"justify\" class=\"titulogrande1\"><strong>Jazz en Dominicana les invita a  disfrutar del Primer Jazz del Patio Jam Session del 2009!!!<\/strong> <\/p>\n<p>&#13;<\/p>\n<p align=\"justify\" class=\"text1noticias\"><a name=\"OLE_LINK1\" id=\"OLE_LINK1\"><\/a><a name=\"OLE_LINK2\" id=\"OLE_LINK2\"><\/a><a name=\"OLE_LINK3\" id=\"OLE_LINK3\"><\/a>Reciban  unos Jazzeados saludos estimados amigos y colaboradores: <br \/>&#13;<br \/>\n  \u00a0 <br \/>&#13;<br \/>\n  <img loading=\"lazy\" decoding=\"async\" src=\"http:\/\/localhost:8080\/gente\/img\/jazze.jpg\" width=\"375\" height=\"493\" hspace=\"4\" align=\"left\" \/>Como ya  saben, Jazz en Dominicana desde hace 16 meses realiza una programaci\u00f3n  especialmente dise\u00f1ada para los amantes de la m\u00fasica en general cada mi\u00e9rcoles  en el bar de Casa de Teatro, con la presentaci\u00f3n de jazz en vivo de m\u00fasicos del  pa\u00eds, eventos especiales y la proyecci\u00f3n de grandes conciertos en pantalla  gigante. <br \/>&#13;<br \/>\n  \u00a0 <br \/>&#13;<br \/>\n  Uno de los  m\u00e1s esperados eventos es la celebraci\u00f3n de los Jammeos el \u00faltimo mi\u00e9rcoles de  cada mes. Y para este 2009 iniciamos los mismos dedic\u00e1ndolo a un instrumento <strong>\u2013 en Enero: El Piano, Febrero \u2013 Saxos,  Marzo \u2013 Metales<\/strong> y as\u00ed cada mes. <br \/>&#13;<br \/>\n  \u00a0 <br \/>&#13;<br \/>\n  Nuestro tr\u00edo  base de <strong>Otoniel Nicol\u00e1s<\/strong> en bater\u00eda, <strong>Bienvenido  Dinzey<\/strong> en piano y <strong>Luigi  Feliz<\/strong> en bajo servir\u00e1n de plataforma para los despegues de un  gran n\u00famero de talentosos m\u00fasicos. Estar\u00e1n presentes muchos m\u00fasicos con sus  instrumentos: bajos, guitarras, saxos, flautas, percusiones y m\u00e1s. Pianistas  como <strong>Oscar Micheli<\/strong>, <strong>Dario Estrella<\/strong>, <strong>Jos\u00e9 Miguel Cabrera<\/strong>, <strong>Biennvenido &amp; Alvaro  Dinzey<\/strong> y otros estar\u00e1n entreg\u00e1ndose en improvisaciones con el  resto de la banda emulando a los mejores jammeos de los afamados clubes de  jazz. <br \/>&#13;<br \/>\n  <br \/>&#13;<br \/>\n  No dejen pasar a oportunidad de  participar de estos jammeos, respaldemos a nuestros talentos. <br \/>&#13;<br \/>\n  \u00a0 <br \/>&#13;<br \/>\n  <strong>  Actividad:\u00a0 <\/strong><br \/>&#13;<br \/>\n  <strong>Tema:\u00a0\u00a0\u00a0\u00a0\u00a0\u00a0\u00a0\u00a0\u00a0\u00a0\u00a0\u00a0  Jazz del Patio Jam Session <\/strong><br \/>&#13;<br \/>\n  <strong>Invitan:\u00a0\u00a0\u00a0\u00a0\u00a0\u00a0\u00a0\u00a0\u00a0\u00a0  Jazz en Dominicana en Casa de Teatro <\/strong><br \/>&#13;<br \/>\n  <strong>Fecha:\u00a0\u00a0\u00a0\u00a0\u00a0\u00a0\u00a0\u00a0\u00a0\u00a0\u00a0\u00a0Mi\u00e9rcoles  28 de enero del 2009 <\/strong><br \/>&#13;<br \/>\n  <strong>Lugar:\u00a0\u00a0\u00a0\u00a0\u00a0\u00a0\u00a0\u00a0\u00a0\u00a0\u00a0\u00a0  Casa de Teatro <\/strong><br \/>&#13;<br \/>\n  <strong>Hora:\u00a0\u00a0\u00a0\u00a0\u00a0\u00a0\u00a0\u00a0\u00a0\u00a0\u00a0\u00a0\u00a0\u00a0  9:00p.m. <\/strong><br \/>&#13;<br \/>\n  <strong>Precio:\u00a0\u00a0\u00a0\u00a0\u00a0\u00a0\u00a0\u00a0\u00a0\u00a0\u00a0\u00a0$100.00<\/strong> <br \/>&#13;<br \/>\n  \u00a0 <br \/>&#13;<br \/>\n  Esperamos su  asistencia al evento, as\u00ed como su colaboraci\u00f3n con la difusi\u00f3n de esta informaci\u00f3n  y su apoyo para continuar este proyecto que desde hace tiempo hemos estado  realizando con el objetivo de lograr que el g\u00e9nero del Jazz pueda ser  disfrutado y conocido por muchos Dominicanos que de otra forma no tendr\u00edan este  privilegio. <\/p>\n<p>&#13;<\/p>\n<h6> 2009-01-27 22:23:47 <\/h6>\n<p><!--\n<link rel=\"stylesheet\" href=\"css\/bootstrap.min.css\">\n\n\n<ul class=\"pagination\">\n\t    \n\t\n\n<li >\n\t<a href='?page_no=20631'>Previous<\/a>\n\t<\/li>\n\n\n       \n    \n\n<li><a href='?page_no=1'>1<\/a><\/li>\n\n\n\n<li><a href='?page_no=2'>2<\/a><\/li>\n\n\n\n<li><a>...<\/a><\/li>\n\n\n\n<li><a href='?page_no=20630'>20630<\/a><\/li>\n\n\n\n<li><a href='?page_no=20631'>20631<\/a><\/li>\n\n\n\n<li class='active'><a>20632<\/a><\/li>\n\n\n\n<li><a href='?page_no=20633'>20633<\/a><\/li>\n\n\n\n<li><a href='?page_no=20634'>20634<\/a><\/li>\n\n\n\n<li><a>...<\/a><\/li>\n\n\n\n<li><a href='?page_no=22522'>22522<\/a><\/li>\n\n\n\n<li><a href='?page_no=22523'>22523<\/a><\/li>\n\n    \n\t\n\n<li >\n\t<a href='?page_no=20633'>Next<\/a>\n\t<\/li>\n\n\n    \n\n<li><a href='?page_no=22523'>Last &rsaquo;&rsaquo;<\/a><\/li>\n\n<\/ul>\n\n\n--><br \/>\n<\/body><\/p>\n","protected":false},"excerpt":{"rendered":"<p>Jazz en Dominicana les invita a disfrutar del Primer Jazz del Patio Jam Session del 2009!!! &#13; Reciban unos Jazzeados saludos estimados amigos y colaboradores: &#13; \u00a0 &#13; Como ya saben, Jazz en Dominicana desde hace 16 meses realiza una programaci\u00f3n especialmente dise\u00f1ada para los amantes de la m\u00fasica en general cada mi\u00e9rcoles en el [&hellip;]<\/p>\n","protected":false},"author":3,"featured_media":0,"comment_status":"open","ping_status":"open","sticky":false,"template":"","format":"standard","meta":{"footnotes":""},"categories":[25],"tags":[],"class_list":["post-92010","post","type-post","status-publish","format-standard","hentry","category-gente"],"_links":{"self":[{"href":"https:\/\/diariodominicano.com\/index.php?rest_route=\/wp\/v2\/posts\/92010","targetHints":{"allow":["GET"]}}],"collection":[{"href":"https:\/\/diariodominicano.com\/index.php?rest_route=\/wp\/v2\/posts"}],"about":[{"href":"https:\/\/diariodominicano.com\/index.php?rest_route=\/wp\/v2\/types\/post"}],"author":[{"embeddable":true,"href":"https:\/\/diariodominicano.com\/index.php?rest_route=\/wp\/v2\/users\/3"}],"replies":[{"embeddable":true,"href":"https:\/\/diariodominicano.com\/index.php?rest_route=%2Fwp%2Fv2%2Fcomments&post=92010"}],"version-history":[{"count":0,"href":"https:\/\/diariodominicano.com\/index.php?rest_route=\/wp\/v2\/posts\/92010\/revisions"}],"wp:attachment":[{"href":"https:\/\/diariodominicano.com\/index.php?rest_route=%2Fwp%2Fv2%2Fmedia&parent=92010"}],"wp:term":[{"taxonomy":"category","embeddable":true,"href":"https:\/\/diariodominicano.com\/index.php?rest_route=%2Fwp%2Fv2%2Fcategories&post=92010"},{"taxonomy":"post_tag","embeddable":true,"href":"https:\/\/diariodominicano.com\/index.php?rest_route=%2Fwp%2Fv2%2Ftags&post=92010"}],"curies":[{"name":"wp","href":"https:\/\/api.w.org\/{rel}","templated":true}]}}