{"id":92007,"date":"2009-01-27T22:43:30","date_gmt":"2009-01-27T22:43:30","guid":{"rendered":"http:\/\/diariodominicano.ddns.net\/?p=92007"},"modified":"2009-01-27T22:43:30","modified_gmt":"2009-01-27T22:43:30","slug":"en-tertulia-jueves-de-la-republica-celsa-albert-es-la-mujer-todavia-esclava","status":"publish","type":"post","link":"https:\/\/diariodominicano.com\/?p=92007","title":{"rendered":"En tertulia Jueves de la Rep\u00fablica,  Celsa Albert  \u00bfEs la mujer todav\u00eda esclava?"},"content":{"rendered":"<p><body><\/p>\n<p class=\"titulogrande1\"><strong>En tertulia <em>Jueves  de la Rep\u00fablica<\/em>,  \u00a0Celsa Albert\u00a0 \u00bfEs la mujer todav\u00eda esclava?<\/strong><\/p>\n<p>&#13;<\/p>\n<p align=\"justify\" class=\"text1noticias\"><strong><em>En el encuentro, celebrado en la Sala de Arte Ram\u00f3n Oviedo, la  intelectual analiz\u00f3 el tema de la esclavitud en la mujer dominicana y la  realidad que implica este t\u00f3pico en los momentos actuales.<\/em><\/strong><\/p>\n<p>&#13;<\/p>\n<p align=\"justify\" class=\"text1noticias\"><img loading=\"lazy\" decoding=\"async\" src=\"http:\/\/localhost:8080\/gente\/img\/celsos.jpg\" width=\"375\" height=\"576\" hspace=\"4\" align=\"left\" \/>SANTO DOMINGO.- Con la interrogante \u00bfEs la  mujer todav\u00eda esclava?, la historiadora y ensayista dominicana Celsa Albert  present\u00f3 un conversatorio en el marco del espacio cultural \u201cTertulia Jueves de la Rep\u00fablica\u201d de la Secretar\u00eda de Estado de  Cultura.<\/p>\n<p>&#13;<\/p>\n<p align=\"justify\" class=\"text1noticias\">En el encuentro, celebrado en la Sala de Arte Ram\u00f3n Oviedo, la  intelectual analiz\u00f3 el tema de la esclavitud en la mujer dominicana y la  realidad que implica este t\u00f3pico en los momentos actuales.<\/p>\n<p>&#13;<\/p>\n<p align=\"justify\" class=\"text1noticias\">Albert se\u00f1al\u00f3, como elementos trascendentales  de esta realidad social para la mujer dominicana, la utilizaci\u00f3n del g\u00e9nero, el  trabajo y pago de salario. Aunque refiere que se ha logrado avanzar en este  \u00faltimo, tambi\u00e9n reconoce que a\u00fan falta mucho por hacer.<\/p>\n<p>&#13;<\/p>\n<p align=\"justify\" class=\"text1noticias\">Explic\u00f3 ante el p\u00fablico asistente al encuentro  cultural, que la mujer, en algunos casos, es discriminada, incluso, que existen  profesiones en que se ve a la mujer con falta de credibilidad en cuanto a los  factores de capacidad y de inteligencia.<\/p>\n<p>&#13;<\/p>\n<p align=\"justify\" class=\"text1noticias\">La investigadora\u00a0 refiere que la mujer todav\u00eda tiene la  responsabilidad de la\u00a0 educaci\u00f3n de los  hijos y el trabajo del hogar. No obstante se\u00f1ala que en los \u00faltimos a\u00f1os se ha  registrado un incremento positivo de la matriculaci\u00f3n de la mujer en las universidades  p\u00fablicas y privadas.<\/p>\n<p>&#13;<\/p>\n<p align=\"justify\" class=\"text1noticias\"><strong>Trayectoria <\/strong><br \/>&#13;<br \/>\n  La investigadora y ensayista Celsa Albert  Batista es profesora de la Universidad   Cat\u00f3lica de Santo Domingo. Fue Directora General de Cultura  de la Secretar\u00eda  de Educaci\u00f3n. Entre sus publicaciones se encuentra \u201cMujer y Esclavitud en Santo  Domingo\u201d.<\/p>\n<p>&#13;<\/p>\n<p align=\"justify\" class=\"text1noticias\">La tertulia \u201cJueves de la Rep\u00fablica\u201d es un espacio  cultural de la SEC,  dirigido por Juan Freddy Armando, director del Plan Quinquenal del Libro y la Lectura, en el que cada  jueves se presenta un invitado con un tema espec\u00edfico, a fin de orientar al  p\u00fablico presente sobre tem\u00e1ticas de inter\u00e9s general.<\/p>\n<p>&#13;<\/p>\n<p align=\"justify\" class=\"text1noticias\">Al conversatorio de la investigadora Albert  Batista asistieron personalidades\u00a0 del  mundo cultural y p\u00fablico en general.<\/p>\n<p>&#13;<\/p>\n<h6> 2009-01-27 22:43:30 <\/h6>\n<p><!--\n<link rel=\"stylesheet\" href=\"css\/bootstrap.min.css\">\n\n\n<ul class=\"pagination\">\n\t    \n\t\n\n<li >\n\t<a href='?page_no=20628'>Previous<\/a>\n\t<\/li>\n\n\n       \n    \n\n<li><a href='?page_no=1'>1<\/a><\/li>\n\n\n\n<li><a href='?page_no=2'>2<\/a><\/li>\n\n\n\n<li><a>...<\/a><\/li>\n\n\n\n<li><a href='?page_no=20627'>20627<\/a><\/li>\n\n\n\n<li><a href='?page_no=20628'>20628<\/a><\/li>\n\n\n\n<li class='active'><a>20629<\/a><\/li>\n\n\n\n<li><a href='?page_no=20630'>20630<\/a><\/li>\n\n\n\n<li><a href='?page_no=20631'>20631<\/a><\/li>\n\n\n\n<li><a>...<\/a><\/li>\n\n\n\n<li><a href='?page_no=22522'>22522<\/a><\/li>\n\n\n\n<li><a href='?page_no=22523'>22523<\/a><\/li>\n\n    \n\t\n\n<li >\n\t<a href='?page_no=20630'>Next<\/a>\n\t<\/li>\n\n\n    \n\n<li><a href='?page_no=22523'>Last &rsaquo;&rsaquo;<\/a><\/li>\n\n<\/ul>\n\n\n--><br \/>\n<\/body><\/p>\n","protected":false},"excerpt":{"rendered":"<p>En tertulia Jueves de la Rep\u00fablica, \u00a0Celsa Albert\u00a0 \u00bfEs la mujer todav\u00eda esclava? &#13; En el encuentro, celebrado en la Sala de Arte Ram\u00f3n Oviedo, la intelectual analiz\u00f3 el tema de la esclavitud en la mujer dominicana y la realidad que implica este t\u00f3pico en los momentos actuales. &#13; SANTO DOMINGO.- Con la interrogante \u00bfEs [&hellip;]<\/p>\n","protected":false},"author":3,"featured_media":0,"comment_status":"open","ping_status":"open","sticky":false,"template":"","format":"standard","meta":{"footnotes":""},"categories":[25],"tags":[],"class_list":["post-92007","post","type-post","status-publish","format-standard","hentry","category-gente"],"_links":{"self":[{"href":"https:\/\/diariodominicano.com\/index.php?rest_route=\/wp\/v2\/posts\/92007","targetHints":{"allow":["GET"]}}],"collection":[{"href":"https:\/\/diariodominicano.com\/index.php?rest_route=\/wp\/v2\/posts"}],"about":[{"href":"https:\/\/diariodominicano.com\/index.php?rest_route=\/wp\/v2\/types\/post"}],"author":[{"embeddable":true,"href":"https:\/\/diariodominicano.com\/index.php?rest_route=\/wp\/v2\/users\/3"}],"replies":[{"embeddable":true,"href":"https:\/\/diariodominicano.com\/index.php?rest_route=%2Fwp%2Fv2%2Fcomments&post=92007"}],"version-history":[{"count":0,"href":"https:\/\/diariodominicano.com\/index.php?rest_route=\/wp\/v2\/posts\/92007\/revisions"}],"wp:attachment":[{"href":"https:\/\/diariodominicano.com\/index.php?rest_route=%2Fwp%2Fv2%2Fmedia&parent=92007"}],"wp:term":[{"taxonomy":"category","embeddable":true,"href":"https:\/\/diariodominicano.com\/index.php?rest_route=%2Fwp%2Fv2%2Fcategories&post=92007"},{"taxonomy":"post_tag","embeddable":true,"href":"https:\/\/diariodominicano.com\/index.php?rest_route=%2Fwp%2Fv2%2Ftags&post=92007"}],"curies":[{"name":"wp","href":"https:\/\/api.w.org\/{rel}","templated":true}]}}