{"id":92002,"date":"2009-01-29T15:38:38","date_gmt":"2009-01-29T15:38:38","guid":{"rendered":"http:\/\/diariodominicano.ddns.net\/?p=92002"},"modified":"2009-01-29T15:38:38","modified_gmt":"2009-01-29T15:38:38","slug":"dominicanos-residentes-en-texas-organizan-misa-a-la-virgen-la-altagracia","status":"publish","type":"post","link":"https:\/\/diariodominicano.com\/?p=92002","title":{"rendered":"Dominicanos residentes en Texas organizan misa a la Virgen La Altagracia"},"content":{"rendered":"<p><body><\/p>\n<p class=\"titulogrande1\"><strong>Dominicanos residentes  en Texas organizan misa a la Virgen La Altagracia<\/strong> <\/p>\n<p>&#13;<\/p>\n<p>\u00a0 <\/p>\n<p>&#13;<\/p>\n<p align=\"justify\" class=\"text1noticias\"><img loading=\"lazy\" decoding=\"async\" src=\"http:\/\/localhost:8080\/gente\/img\/misez.jpg\" width=\"375\" height=\"281\" hspace=\"4\" align=\"left\" \/>Cientos de Dominicanos  residentes en Texas, Estados Unidos. Celebraron una Misa en honor a\u00a0la  Virgen De La Altagracia, en la Parroquia Mary Inmaculate (Maria  Inmaculada)\u00a0en Farmer Branch, Texas. En la que se\u00a0estima participaron  cerca de mil feligreses cat\u00f3licos, incluyendo a\u00a0hispanos de otros pa\u00edses  latinos. <\/p>\n<p>&#13;<\/p>\n<p align=\"justify\" class=\"text1noticias\">La Celebraci\u00f3n Eucar\u00edstica se  convirti\u00f3 en un acontecimiento hist\u00f3rico, por su participaci\u00f3n masiva de  Dominicanos y otros ciudadanos de origen hispano que residen en ese Estado, y  por ser la primera vez que se celebra el D\u00eda de la virgen en el  Sur-Oeste de los Estados Unidos. <\/p>\n<p>&#13;<\/p>\n<p align=\"justify\" class=\"text1noticias\">La misa fue celebrada en el  idioma espa\u00f1ol por Monse\u00f1or Andr\u00e9s Sarta, Rector de la parroquia,\u00a0y cont\u00f3  con la presencia de \u00a0los miembros de la Sociedad Cultural Dominicana en  Texas, la Asociaci\u00f3n De Boricuas en Dallas, y la presencia de diferentes pa\u00edses  del Caribe. <\/p>\n<p>&#13;<\/p>\n<p align=\"justify\" class=\"text1noticias\">Entre los ciudadanos de los  pa\u00edses amigos de Rep\u00fablica Dominicana participantes figuran Venezuela, Colombia  y M\u00e9xico, quienes le dieron la bienvenida a la imagen de la Virgen De La  Altagracia, la cual estuvo en el altar durante la ceremonia. <\/p>\n<p>&#13;<\/p>\n<p align=\"justify\" class=\"text1noticias\">Se estima que en el estado de  Texas el \u00a0promedio de poblaci\u00f3n de origen hispano es de 68% y en este casi  700 familias son de procedencia Dominicana. <\/p>\n<p>&#13;<\/p>\n<p align=\"justify\" class=\"text1noticias\">La actividad fue  organizada\u00a0 por la Sociedad Cultural Dominicana\u00a0en Texas y tiene  programado, para el 27de febrero, varios actos con motivo de la  celebraci\u00f3n\u00a0de nuestra\u00a0Independencia Nacional. <\/p>\n<p>&#13;<\/p>\n<p align=\"justify\" class=\"text1noticias\">La directiva de la sociedad est\u00e1 presidida por el\u00a0Se\u00f1or  Vinicio A.\u00a0Mota, F\u00e9lix Brito Vice-presidente, Rafael  Corpor\u00e1n,\u00a0\u00a0Director del comit\u00e9 de \u00a0comunicaciones y relaciones  p\u00fablicas y la Se\u00f1ora Mayra D\u00edaz encargada de Membrec\u00edas.\u00a0<\/p>\n<p>&#13;<\/p>\n<h6> 2009-01-29 15:38:38 <\/h6>\n<p><!--\n<link rel=\"stylesheet\" href=\"css\/bootstrap.min.css\">\n\n\n<ul class=\"pagination\">\n\t    \n\t\n\n<li >\n\t<a href='?page_no=20623'>Previous<\/a>\n\t<\/li>\n\n\n       \n    \n\n<li><a href='?page_no=1'>1<\/a><\/li>\n\n\n\n<li><a href='?page_no=2'>2<\/a><\/li>\n\n\n\n<li><a>...<\/a><\/li>\n\n\n\n<li><a href='?page_no=20622'>20622<\/a><\/li>\n\n\n\n<li><a href='?page_no=20623'>20623<\/a><\/li>\n\n\n\n<li class='active'><a>20624<\/a><\/li>\n\n\n\n<li><a href='?page_no=20625'>20625<\/a><\/li>\n\n\n\n<li><a href='?page_no=20626'>20626<\/a><\/li>\n\n\n\n<li><a>...<\/a><\/li>\n\n\n\n<li><a href='?page_no=22522'>22522<\/a><\/li>\n\n\n\n<li><a href='?page_no=22523'>22523<\/a><\/li>\n\n    \n\t\n\n<li >\n\t<a href='?page_no=20625'>Next<\/a>\n\t<\/li>\n\n\n    \n\n<li><a href='?page_no=22523'>Last &rsaquo;&rsaquo;<\/a><\/li>\n\n<\/ul>\n\n\n--><br \/>\n<\/body><\/p>\n","protected":false},"excerpt":{"rendered":"<p>Dominicanos residentes en Texas organizan misa a la Virgen La Altagracia &#13; \u00a0 &#13; Cientos de Dominicanos residentes en Texas, Estados Unidos. Celebraron una Misa en honor a\u00a0la Virgen De La Altagracia, en la Parroquia Mary Inmaculate (Maria Inmaculada)\u00a0en Farmer Branch, Texas. En la que se\u00a0estima participaron cerca de mil feligreses cat\u00f3licos, incluyendo a\u00a0hispanos de [&hellip;]<\/p>\n","protected":false},"author":3,"featured_media":0,"comment_status":"open","ping_status":"open","sticky":false,"template":"","format":"standard","meta":{"footnotes":""},"categories":[25],"tags":[],"class_list":["post-92002","post","type-post","status-publish","format-standard","hentry","category-gente"],"_links":{"self":[{"href":"https:\/\/diariodominicano.com\/index.php?rest_route=\/wp\/v2\/posts\/92002","targetHints":{"allow":["GET"]}}],"collection":[{"href":"https:\/\/diariodominicano.com\/index.php?rest_route=\/wp\/v2\/posts"}],"about":[{"href":"https:\/\/diariodominicano.com\/index.php?rest_route=\/wp\/v2\/types\/post"}],"author":[{"embeddable":true,"href":"https:\/\/diariodominicano.com\/index.php?rest_route=\/wp\/v2\/users\/3"}],"replies":[{"embeddable":true,"href":"https:\/\/diariodominicano.com\/index.php?rest_route=%2Fwp%2Fv2%2Fcomments&post=92002"}],"version-history":[{"count":0,"href":"https:\/\/diariodominicano.com\/index.php?rest_route=\/wp\/v2\/posts\/92002\/revisions"}],"wp:attachment":[{"href":"https:\/\/diariodominicano.com\/index.php?rest_route=%2Fwp%2Fv2%2Fmedia&parent=92002"}],"wp:term":[{"taxonomy":"category","embeddable":true,"href":"https:\/\/diariodominicano.com\/index.php?rest_route=%2Fwp%2Fv2%2Fcategories&post=92002"},{"taxonomy":"post_tag","embeddable":true,"href":"https:\/\/diariodominicano.com\/index.php?rest_route=%2Fwp%2Fv2%2Ftags&post=92002"}],"curies":[{"name":"wp","href":"https:\/\/api.w.org\/{rel}","templated":true}]}}