{"id":92001,"date":"2009-01-29T15:47:55","date_gmt":"2009-01-29T15:47:55","guid":{"rendered":"http:\/\/diariodominicano.ddns.net\/?p=92001"},"modified":"2009-01-29T15:47:55","modified_gmt":"2009-01-29T15:47:55","slug":"expectativa-por-orar-con-el-corazon-de-la-hermana-glenda","status":"publish","type":"post","link":"https:\/\/diariodominicano.com\/?p=92001","title":{"rendered":"Expectativa por  \u00abOrar con el coraz\u00f3n\u00bb de la Hermana Glenda"},"content":{"rendered":"<p><body><\/p>\n<p class=\"titulogrande1\">Expectativa por\u00a0 \u00abOrar con el  coraz\u00f3n\u00bb de la Hermana Glenda <\/p>\n<p>&#13;<\/p>\n<h3><strong>Est\u00e1n casi agotados los pases  de entrada para encuentro en el Palacio de los Deportes.<\/strong> <\/h3>\n<p>&#13;<\/p>\n<p align=\"justify\" class=\"text1noticias\"><img loading=\"lazy\" decoding=\"async\" src=\"http:\/\/localhost:8080\/gente\/img\/glendas.jpg\" width=\"375\" height=\"197\" hspace=\"4\" align=\"left\" \/>El encuentro de oraci\u00f3n que entregar\u00e1 por  segunda ocasi\u00f3n en Rep\u00fablica Dominicana la evangelizadora Hermana Glenda  ha logrado concitar la atenci\u00f3n de miles de personas \u00a0que esperan con  entusiasmo el 7 de febrero, d\u00eda en que el Palacio de los Deportes se llenar\u00e1 de  gozo con las interpretaciones de la cantante de origen chileno.<br \/>&#13;<br \/>\n  <br \/>&#13;<br \/>\n  Se acerca la fecha en que el pa\u00eds  \u00a0tendr\u00e1 de nuevo a la famosa oradora, \u00a0quien viene para materializar  el encuentro \u00abOrar con el coraz\u00f3n\u00bb,\u00a0 en donde espera  reunir a una gran cantidad de dominicanos y hablarle por medio de sus canciones  y oraciones.<br \/>&#13;<br \/>\n  <br \/>&#13;<br \/>\n  La cantante, que viene adem\u00e1s a presentar  sus tres nuevos discos hechos para adorar al Se\u00f1or Jes\u00fas, se presentar\u00e1  en\u00a0 Santo Domingo en un evento\u00a0 organizado por las emisoras cat\u00f3licas  Vida FM 105.3 \u00a0y Radio ABC 540 AM .<br \/>&#13;<br \/>\n  <br \/>&#13;<br \/>\n  Los organizadores informaron\u00a0 que  \u00a0a menos de dos semanas el cupo para el esperado encuentro esta casi  lleno, para manejar la asistencia \u00a0y dada la limitada capacidad del  Palacio de los Deportes, el acceso al evento se controlar\u00e1 a trav\u00e9s de pases de  entrada, que est\u00e1n siendo distribuidos en las oficinas de estas radioemisoras,  ubicadas\u00a0 en el Expreso V Centenario, esquina Antonio Mayi P\u00e9rez en Villa  Juana\u00bb.<br \/>&#13;<br \/>\n  <br \/>&#13;<br \/>\n  La religiosa, que en\u00a0 2006 logr\u00f3  llevar al estadio Quisqueya m\u00e1s de 25 mil personas, regresa ahora con una  discograf\u00eda m\u00e1s extensa y con mucho deseo de poner a orar a los dominicanos.<br \/>&#13;<br \/>\n  <br \/>&#13;<br \/>\n  La\u00a0 Hermana Glenda, que se ha  dedicado a evangelizar\u00a0 mediante su voz y sus composiciones de m\u00fasica  cristiana, tiene listos los discos\u00a0 \u00abOrar con el coraz\u00f3n\u00bb,  \u00abMe am\u00f3 y se entreg\u00f3 por \u00a0m\u00ed\u00bb y \u00abHermana Glenda Live\u00bb,  los cuales, en conjunto, hacen un total de 21 temas nuevos y 21 reeditados de  sus producciones anteriores.<br \/>&#13;<br \/>\n  <br \/>&#13;<br \/>\n  Glenda lleva m\u00e1s de 20 a\u00f1os consagrada a  Dios y 8 a\u00f1os dedicada a la evangelizaci\u00f3n con la m\u00fasica. Es te\u00f3loga por la  Pontificia Universidad Gregoriana de Roma y psic\u00f3loga por la Universidad  Pontificia de Salamanca. Su ciudad natal, Parral, Chile, la declar\u00f3  \u00abServidora Ilustre\u00bb en el a\u00f1o 2003. <\/p>\n<p>&#13;<\/p>\n<h6> 2009-01-29 15:47:55 <\/h6>\n<p><!--\n<link rel=\"stylesheet\" href=\"css\/bootstrap.min.css\">\n\n\n<ul class=\"pagination\">\n\t    \n\t\n\n<li >\n\t<a href='?page_no=20622'>Previous<\/a>\n\t<\/li>\n\n\n       \n    \n\n<li><a href='?page_no=1'>1<\/a><\/li>\n\n\n\n<li><a href='?page_no=2'>2<\/a><\/li>\n\n\n\n<li><a>...<\/a><\/li>\n\n\n\n<li><a href='?page_no=20621'>20621<\/a><\/li>\n\n\n\n<li><a href='?page_no=20622'>20622<\/a><\/li>\n\n\n\n<li class='active'><a>20623<\/a><\/li>\n\n\n\n<li><a href='?page_no=20624'>20624<\/a><\/li>\n\n\n\n<li><a href='?page_no=20625'>20625<\/a><\/li>\n\n\n\n<li><a>...<\/a><\/li>\n\n\n\n<li><a href='?page_no=22522'>22522<\/a><\/li>\n\n\n\n<li><a href='?page_no=22523'>22523<\/a><\/li>\n\n    \n\t\n\n<li >\n\t<a href='?page_no=20624'>Next<\/a>\n\t<\/li>\n\n\n    \n\n<li><a href='?page_no=22523'>Last &rsaquo;&rsaquo;<\/a><\/li>\n\n<\/ul>\n\n\n--><br \/>\n<\/body><\/p>\n","protected":false},"excerpt":{"rendered":"<p>Expectativa por\u00a0 \u00abOrar con el coraz\u00f3n\u00bb de la Hermana Glenda &#13; Est\u00e1n casi agotados los pases de entrada para encuentro en el Palacio de los Deportes. &#13; El encuentro de oraci\u00f3n que entregar\u00e1 por segunda ocasi\u00f3n en Rep\u00fablica Dominicana la evangelizadora Hermana Glenda ha logrado concitar la atenci\u00f3n de miles de personas \u00a0que esperan con [&hellip;]<\/p>\n","protected":false},"author":3,"featured_media":0,"comment_status":"open","ping_status":"open","sticky":false,"template":"","format":"standard","meta":{"footnotes":""},"categories":[25],"tags":[],"class_list":["post-92001","post","type-post","status-publish","format-standard","hentry","category-gente"],"_links":{"self":[{"href":"https:\/\/diariodominicano.com\/index.php?rest_route=\/wp\/v2\/posts\/92001","targetHints":{"allow":["GET"]}}],"collection":[{"href":"https:\/\/diariodominicano.com\/index.php?rest_route=\/wp\/v2\/posts"}],"about":[{"href":"https:\/\/diariodominicano.com\/index.php?rest_route=\/wp\/v2\/types\/post"}],"author":[{"embeddable":true,"href":"https:\/\/diariodominicano.com\/index.php?rest_route=\/wp\/v2\/users\/3"}],"replies":[{"embeddable":true,"href":"https:\/\/diariodominicano.com\/index.php?rest_route=%2Fwp%2Fv2%2Fcomments&post=92001"}],"version-history":[{"count":0,"href":"https:\/\/diariodominicano.com\/index.php?rest_route=\/wp\/v2\/posts\/92001\/revisions"}],"wp:attachment":[{"href":"https:\/\/diariodominicano.com\/index.php?rest_route=%2Fwp%2Fv2%2Fmedia&parent=92001"}],"wp:term":[{"taxonomy":"category","embeddable":true,"href":"https:\/\/diariodominicano.com\/index.php?rest_route=%2Fwp%2Fv2%2Fcategories&post=92001"},{"taxonomy":"post_tag","embeddable":true,"href":"https:\/\/diariodominicano.com\/index.php?rest_route=%2Fwp%2Fv2%2Ftags&post=92001"}],"curies":[{"name":"wp","href":"https:\/\/api.w.org\/{rel}","templated":true}]}}