{"id":91999,"date":"2009-01-29T16:12:47","date_gmt":"2009-01-29T16:12:47","guid":{"rendered":"http:\/\/diariodominicano.ddns.net\/?p=91999"},"modified":"2009-01-29T16:12:47","modified_gmt":"2009-01-29T16:12:47","slug":"maraton-musical-en-inicio-del-carnaval-bonao","status":"publish","type":"post","link":"https:\/\/diariodominicano.com\/?p=91999","title":{"rendered":"Marat\u00f3n musical en inicio del Carnaval Bonao"},"content":{"rendered":"<p><body><\/p>\n<p class=\"titulogrande1\"><strong>Marat\u00f3n musical en inicio del Carnaval Bonao<\/strong><\/p>\n<p>&#13;<\/p>\n<p align=\"justify\" class=\"text1noticias\">El  Carnaval de Bonao 2009 ya arranca con sus disfraces multicolores. El pasado fin  de semana realiz\u00f3 su desfile de camisetas y este viernes 29 \u00a0escoge a su  reina durante un vistoso espect\u00e1culo que tendr\u00e1 como principal atracci\u00f3n  musical al cantante de pop Issa Gadala.<br \/>&#13;<br \/>\n  <br \/>&#13;<br \/>\n  El  evento se realizar\u00e1 en el Falcondo Club, de Bonao, desde las 8:00 pm.<br \/>&#13;<br \/>\n  <br \/>&#13;<br \/>\n  Mientras  que esa misma noche y tras culminar el certamen, la fiesta continuar\u00e1 en la  zona de los conciertos del Carnaval Bonao, localizada en el amplio parqueo del  Supermax, de la avenida Duarte, donde el merenguero Sergio Vargas ofrecer\u00e1 un  show completamente gratis.<br \/>&#13;<br \/>\n  <br \/>&#13;<br \/>\n  En  tanto el domingo 31 de este mes, primer d\u00eda en que saldr\u00e1n a las calles los  emblem\u00e1ticos \u00abmacaraos\u00bb, la jornada culminar\u00e1 con la actuaci\u00f3n  popular de los exponentes del merengue Juliana y Cherito.<br \/>&#13;<br \/>\n  <br \/>&#13;<br \/>\n  Ser\u00e1  una costumbre, que el Carnaval Bonao 2009, cuyo montaje y comercializaci\u00f3n est\u00e1  a cargo de Luis Medrano, presente las principales agrupaciones musicales del  pa\u00eds, luego de la transmisi\u00f3n televisiva y v\u00eda sat\u00e9lite de las incidencias de  estas fiestas culturales, que organiza el Cocabo.<br \/>&#13;<br \/>\n  <br \/>&#13;<br \/>\n  As\u00ed  mismo, de acuerdo a los gestores de este evento folkl\u00f3rico, el pr\u00f3ximo  mi\u00e9rcoles 4 de febrero, se realizar\u00e1 un encuentro con la prensa nacional, en el  hotel Jaragua, de la capital dominicana, para ofrecer detalles de la estructura  program\u00e1tica del Carnaval Bonao 2009, que se extender\u00e1 hasta marzo.<\/p>\n<p>&#13;<\/p>\n<h6> 2009-01-29 16:12:47 <\/h6>\n<p><!--\n<link rel=\"stylesheet\" href=\"css\/bootstrap.min.css\">\n\n\n<ul class=\"pagination\">\n\t    \n\t\n\n<li >\n\t<a href='?page_no=20620'>Previous<\/a>\n\t<\/li>\n\n\n       \n    \n\n<li><a href='?page_no=1'>1<\/a><\/li>\n\n\n\n<li><a href='?page_no=2'>2<\/a><\/li>\n\n\n\n<li><a>...<\/a><\/li>\n\n\n\n<li><a href='?page_no=20619'>20619<\/a><\/li>\n\n\n\n<li><a href='?page_no=20620'>20620<\/a><\/li>\n\n\n\n<li class='active'><a>20621<\/a><\/li>\n\n\n\n<li><a href='?page_no=20622'>20622<\/a><\/li>\n\n\n\n<li><a href='?page_no=20623'>20623<\/a><\/li>\n\n\n\n<li><a>...<\/a><\/li>\n\n\n\n<li><a href='?page_no=22522'>22522<\/a><\/li>\n\n\n\n<li><a href='?page_no=22523'>22523<\/a><\/li>\n\n    \n\t\n\n<li >\n\t<a href='?page_no=20622'>Next<\/a>\n\t<\/li>\n\n\n    \n\n<li><a href='?page_no=22523'>Last &rsaquo;&rsaquo;<\/a><\/li>\n\n<\/ul>\n\n\n--><br \/>\n<\/body><\/p>\n","protected":false},"excerpt":{"rendered":"<p>Marat\u00f3n musical en inicio del Carnaval Bonao &#13; El Carnaval de Bonao 2009 ya arranca con sus disfraces multicolores. El pasado fin de semana realiz\u00f3 su desfile de camisetas y este viernes 29 \u00a0escoge a su reina durante un vistoso espect\u00e1culo que tendr\u00e1 como principal atracci\u00f3n musical al cantante de pop Issa Gadala.&#13; &#13; El [&hellip;]<\/p>\n","protected":false},"author":3,"featured_media":0,"comment_status":"open","ping_status":"open","sticky":false,"template":"","format":"standard","meta":{"footnotes":""},"categories":[25],"tags":[],"class_list":["post-91999","post","type-post","status-publish","format-standard","hentry","category-gente"],"_links":{"self":[{"href":"https:\/\/diariodominicano.com\/index.php?rest_route=\/wp\/v2\/posts\/91999","targetHints":{"allow":["GET"]}}],"collection":[{"href":"https:\/\/diariodominicano.com\/index.php?rest_route=\/wp\/v2\/posts"}],"about":[{"href":"https:\/\/diariodominicano.com\/index.php?rest_route=\/wp\/v2\/types\/post"}],"author":[{"embeddable":true,"href":"https:\/\/diariodominicano.com\/index.php?rest_route=\/wp\/v2\/users\/3"}],"replies":[{"embeddable":true,"href":"https:\/\/diariodominicano.com\/index.php?rest_route=%2Fwp%2Fv2%2Fcomments&post=91999"}],"version-history":[{"count":0,"href":"https:\/\/diariodominicano.com\/index.php?rest_route=\/wp\/v2\/posts\/91999\/revisions"}],"wp:attachment":[{"href":"https:\/\/diariodominicano.com\/index.php?rest_route=%2Fwp%2Fv2%2Fmedia&parent=91999"}],"wp:term":[{"taxonomy":"category","embeddable":true,"href":"https:\/\/diariodominicano.com\/index.php?rest_route=%2Fwp%2Fv2%2Fcategories&post=91999"},{"taxonomy":"post_tag","embeddable":true,"href":"https:\/\/diariodominicano.com\/index.php?rest_route=%2Fwp%2Fv2%2Ftags&post=91999"}],"curies":[{"name":"wp","href":"https:\/\/api.w.org\/{rel}","templated":true}]}}