{"id":91997,"date":"2009-01-29T18:03:49","date_gmt":"2009-01-29T18:03:49","guid":{"rendered":"http:\/\/diariodominicano.ddns.net\/?p=91997"},"modified":"2009-01-29T18:03:49","modified_gmt":"2009-01-29T18:03:49","slug":"salsa-picante-de-eugenio-perez-desde-este-sabado-por-rumba-98-5-fm","status":"publish","type":"post","link":"https:\/\/diariodominicano.com\/?p=91997","title":{"rendered":"\u00abSalsa Picante\u00bb, de Eugenio P\u00e9rez desde este s\u00e1bado por Rumba 98.5 FM"},"content":{"rendered":"<p><body><\/p>\n<p class=\"titulogrande1\">\u00abSalsa  Picante\u00bb, de Eugenio P\u00e9rez desde  este s\u00e1bado\u00a0por Rumba 98.5 FM<\/p>\n<p>&#13;<\/p>\n<p align=\"justify\" class=\"text1noticias\"><img loading=\"lazy\" decoding=\"async\" src=\"http:\/\/localhost:8080\/gente\/img\/eugenez.jpg\" width=\"375\" height=\"564\" hspace=\"4\" align=\"left\" \/>El programa  \u00abSalsa Picante\u00bb, que produce y conduce \u00abEl Sals\u00f3logo  Mayor\u00bb, Eugenio P\u00e9rez, comenzar\u00e1 a transmitirse desde este s\u00e1bado 31 de  enero por Rumba 98.5 FM.<br \/>&#13;<br \/>\n  <br \/>&#13;<br \/>\n  P\u00e9rez inform\u00f3 que  el espacio que contar\u00e1 con la asistencia t\u00e9cnica de Pa\u00fal Garc\u00eda &#8216;El  Insaciable&#8217;, se transmitir\u00e1 de 11.00 de la ma\u00f1ana a 4.00 de la tarde. <br \/>&#13;<br \/>\n  \u00a0\u00abCon este cambio de emisora buscamos  sumar una gran cantidad de p\u00fablico a la ampl\u00eda audiencia que ten\u00edamos, con el  posicionamiento, la gran programaci\u00f3n y el buen sonido que tiene esta  radioemisora\u00bb, manifest\u00f3 P\u00e9rez. <br \/>&#13;<br \/>\n  <br \/>&#13;<br \/>\n  \u00abSalsa  Picante\u00bb es un programa dedicado a la difusi\u00f3n de la m\u00fasica afro  antillana\u00a0en todas sus vertientes. Fue fundado el 22 de abril de 1995 por  Eugenio P\u00e9rez junto a su hermano el arquitecto William P\u00e9rez.<br \/>&#13;<br \/>\n  <br \/>&#13;<br \/>\n  El formato del  programa consiste en brindarle una variedad de temas musicales que llenen el  exigente gusto de los seguidores de la m\u00fasica tropical. \u00a0<br \/>&#13;<br \/>\n  <br \/>&#13;<br \/>\n  \u00abDentro de su  nuevo formato comenzaremos presentando la acostumbrada secci\u00f3n &#8216;Los salseros  tambi\u00e9n cantan boleros\u00bb, para seguir con una mezcla\u00a0 combinada de las  mejores y m\u00e1s sonadas &#8216;Salsas rom\u00e1nticas, er\u00f3ticas y sensuales&#8217;, salpicadas con  salsas de pasado y del pasado reciente\u00bb, dijo P\u00e9rez.<br \/>&#13;<br \/>\n  <br \/>&#13;<br \/>\n  Los dem\u00e1s  segmentos son: \u00abVerdaderos cl\u00e1sicos de la salsa\u00bb, \u00abEl especial  de la semana\u00bb, en que celebran o conmemoran fechas importantes de uno de  los grandes exponentes de la m\u00fasica tropical.<br \/>&#13;<br \/>\n  <br \/>&#13;<br \/>\n  De su lado, Eddy  Leonardo, director de la estaci\u00f3n, dijo que con la entrada de Eugenio P\u00e9rez a  Rumba FM la programaci\u00f3n sabatina se fortalece y contin\u00faan brindando nuevas  ofertas en agradecimiento al apoyo de los oyentes a la estaci\u00f3n de m\u00fasica  tropical.<\/p>\n<p>&#13;<\/p>\n<h6> 2009-01-29 18:03:49 <\/h6>\n<p><!--\n<link rel=\"stylesheet\" href=\"css\/bootstrap.min.css\">\n\n\n<ul class=\"pagination\">\n\t    \n\t\n\n<li >\n\t<a href='?page_no=20618'>Previous<\/a>\n\t<\/li>\n\n\n       \n    \n\n<li><a href='?page_no=1'>1<\/a><\/li>\n\n\n\n<li><a href='?page_no=2'>2<\/a><\/li>\n\n\n\n<li><a>...<\/a><\/li>\n\n\n\n<li><a href='?page_no=20617'>20617<\/a><\/li>\n\n\n\n<li><a href='?page_no=20618'>20618<\/a><\/li>\n\n\n\n<li class='active'><a>20619<\/a><\/li>\n\n\n\n<li><a href='?page_no=20620'>20620<\/a><\/li>\n\n\n\n<li><a href='?page_no=20621'>20621<\/a><\/li>\n\n\n\n<li><a>...<\/a><\/li>\n\n\n\n<li><a href='?page_no=22522'>22522<\/a><\/li>\n\n\n\n<li><a href='?page_no=22523'>22523<\/a><\/li>\n\n    \n\t\n\n<li >\n\t<a href='?page_no=20620'>Next<\/a>\n\t<\/li>\n\n\n    \n\n<li><a href='?page_no=22523'>Last &rsaquo;&rsaquo;<\/a><\/li>\n\n<\/ul>\n\n\n--><br \/>\n<\/body><\/p>\n","protected":false},"excerpt":{"rendered":"<p>\u00abSalsa Picante\u00bb, de Eugenio P\u00e9rez desde este s\u00e1bado\u00a0por Rumba 98.5 FM &#13; El programa \u00abSalsa Picante\u00bb, que produce y conduce \u00abEl Sals\u00f3logo Mayor\u00bb, Eugenio P\u00e9rez, comenzar\u00e1 a transmitirse desde este s\u00e1bado 31 de enero por Rumba 98.5 FM.&#13; &#13; P\u00e9rez inform\u00f3 que el espacio que contar\u00e1 con la asistencia t\u00e9cnica de Pa\u00fal Garc\u00eda &#8216;El Insaciable&#8217;, [&hellip;]<\/p>\n","protected":false},"author":3,"featured_media":0,"comment_status":"open","ping_status":"open","sticky":false,"template":"","format":"standard","meta":{"footnotes":""},"categories":[25],"tags":[],"class_list":["post-91997","post","type-post","status-publish","format-standard","hentry","category-gente"],"_links":{"self":[{"href":"https:\/\/diariodominicano.com\/index.php?rest_route=\/wp\/v2\/posts\/91997","targetHints":{"allow":["GET"]}}],"collection":[{"href":"https:\/\/diariodominicano.com\/index.php?rest_route=\/wp\/v2\/posts"}],"about":[{"href":"https:\/\/diariodominicano.com\/index.php?rest_route=\/wp\/v2\/types\/post"}],"author":[{"embeddable":true,"href":"https:\/\/diariodominicano.com\/index.php?rest_route=\/wp\/v2\/users\/3"}],"replies":[{"embeddable":true,"href":"https:\/\/diariodominicano.com\/index.php?rest_route=%2Fwp%2Fv2%2Fcomments&post=91997"}],"version-history":[{"count":0,"href":"https:\/\/diariodominicano.com\/index.php?rest_route=\/wp\/v2\/posts\/91997\/revisions"}],"wp:attachment":[{"href":"https:\/\/diariodominicano.com\/index.php?rest_route=%2Fwp%2Fv2%2Fmedia&parent=91997"}],"wp:term":[{"taxonomy":"category","embeddable":true,"href":"https:\/\/diariodominicano.com\/index.php?rest_route=%2Fwp%2Fv2%2Fcategories&post=91997"},{"taxonomy":"post_tag","embeddable":true,"href":"https:\/\/diariodominicano.com\/index.php?rest_route=%2Fwp%2Fv2%2Ftags&post=91997"}],"curies":[{"name":"wp","href":"https:\/\/api.w.org\/{rel}","templated":true}]}}