{"id":91994,"date":"2009-01-29T20:01:44","date_gmt":"2009-01-29T20:01:44","guid":{"rendered":"http:\/\/diariodominicano.ddns.net\/?p=91994"},"modified":"2009-01-29T20:01:44","modified_gmt":"2009-01-29T20:01:44","slug":"programa-radial-santo-domingo-al-dia-pasa-al-horario-matutino-en-miami","status":"publish","type":"post","link":"https:\/\/diariodominicano.com\/?p=91994","title":{"rendered":"Programa radial \u00abSanto Domingo al D\u00eda\u00bb pasa al horario matutino en Miami."},"content":{"rendered":"<p><body><\/p>\n<p align=\"justify\"><strong class=\"titulogrande1\">Programa radial \u00abSanto Domingo al  D\u00eda\u00bb pasa al horario matutino en Miami.<\/strong><br \/>&#13;<br \/>\n  <br \/>&#13;<br \/>\n    <strong>Por Isidro Barros<\/strong><br \/>&#13;<br \/>\n    <br \/>&#13;<br \/>\n    <span class=\"text1noticias\"><img loading=\"lazy\" decoding=\"async\" src=\"http:\/\/localhost:8080\/gente\/img\/fester.jpg\" width=\"375\" height=\"249\" hspace=\"4\" align=\"left\" \/>Miami, FL. A partir del lunes 26 del corriente  mes cambi\u00f3 de horario el popular programa radial \u00abSanto Domingo al  D\u00eda\u00bb, que se transmit\u00eda de lunes a viernes de 6:00 a 7:00 de la tarde a  trav\u00e9s del dial 1550 en amplitud modulada (AM) por la emisora La cadena Azul en  esta ciudad. <br \/>&#13;<br \/>\n    <br \/>&#13;<br \/>\nAhora desde las 8:00 hasta las 9:00 de la  ma\u00f1ana por la misma emisora, frecuencia y los mismos d\u00edas de la semana, los  oyentes podr\u00e1n disfrutar del programa radial que m\u00e1s escuchan los dominicanos  de la di\u00e1spora.<br \/>&#13;<br \/>\n<br \/>&#13;<br \/>\nLa informaci\u00f3n fue ofrecida por el  destacado locutor y promotor art\u00edstico Aldo Rafael Rosario, quien dijo que  seguir\u00e1 ofreciendo al p\u00fablico el mismo formato de programa, con noticias  locales, internacionales y desde luego desde la Rep\u00fablica Dominicana en la voz  de Francis Javier.<br \/>&#13;<br \/>\n<br \/>&#13;<br \/>\nRosario, nacido en Puerto Plata, estudi\u00f3  Ingenier\u00eda Electromec\u00e1nica en la Universidad Aut\u00f3noma de Santo Domingo, as\u00ed  como radio y periodismo en la Escuela Nacional de Locuci\u00f3n. Tambi\u00e9n labor\u00f3 como  locutor en las principales emisoras en Santo Domingo, New York y Miami, como la  CMQ, La Cuban\u00edsima, FM 92, Romance, Cl\u00e1sica 95, entre otras. <br \/>&#13;<br \/>\n<br \/>&#13;<br \/>\n\u00abEste es el horario donde se  difunden las principales noticias en casi todos los pa\u00edses del mundo, es por  ello, que deseamos ofrecerles a los dominicanos e hispanos en general, noticias  frescas, deportes, far\u00e1ndula, consejos m\u00e9dicos y de inmigraci\u00f3n, entrevistas,  comentarios y an\u00e1lisis pol\u00edticos, ya que m\u00e1s que un noticiero, somos una  revista radial\u00bb, nos coment\u00f3 el veterano locutor. <br \/>&#13;<br \/>\n<br \/>&#13;<br \/>\nRosario, quien tambi\u00e9n es un exitoso  promotor art\u00edstico, cuenta en su programa con la participaci\u00f3n del destacado  locutor y presentador de televisi\u00f3n Daniel D\u00edaz Alejo, considerado como un  orgullo de los dominicanos en playas extranjeras, as\u00ed mismo con una secci\u00f3n  dirigida por el Dr. Luis Manuel Campillo. \u00a0\u00a0<br \/>&#13;<br \/>\n<br \/>&#13;<br \/>\nD\u00edaz Alejo, nacido tambi\u00e9n en Puerto  Plata, es recordado por muchos dominicanos por su destacada participaci\u00f3n  durante 10 a\u00f1os como animador en el programa televisivo &#8216;El Show del  Mediod\u00eda\u00bb, as\u00ed mismo en el Noticiero Nacional por Televisi\u00f3n (Canal 7), TV  Deportes por el Canal 11 y como la &#8216;Voz Comercial&#8217; de los equipos de b\u00e9isbol  Licey, Escogido, Estrellas y Caimanes<br \/>&#13;<br \/>\n<br \/>&#13;<br \/>\nD\u00edaz Alejo, que estudi\u00f3 locuci\u00f3n en la  Rep\u00fablica Dominicana y Electr\u00f3nica, periodismo y Noticias de TV en la Universidad  de Siracuse en New York, labor\u00f3 como director de Radio Sol y el Zol 95.7 FM en  Miami y hoy es presentador de Home Shopping Net Work por televisi\u00f3n por cable. <\/span><\/p>\n<p>&#13;<\/p>\n<h6> 2009-01-29 20:01:44 <\/h6>\n<p><!--\n<link rel=\"stylesheet\" href=\"css\/bootstrap.min.css\">\n\n\n<ul class=\"pagination\">\n\t    \n\t\n\n<li >\n\t<a href='?page_no=20615'>Previous<\/a>\n\t<\/li>\n\n\n       \n    \n\n<li><a href='?page_no=1'>1<\/a><\/li>\n\n\n\n<li><a href='?page_no=2'>2<\/a><\/li>\n\n\n\n<li><a>...<\/a><\/li>\n\n\n\n<li><a href='?page_no=20614'>20614<\/a><\/li>\n\n\n\n<li><a href='?page_no=20615'>20615<\/a><\/li>\n\n\n\n<li class='active'><a>20616<\/a><\/li>\n\n\n\n<li><a href='?page_no=20617'>20617<\/a><\/li>\n\n\n\n<li><a href='?page_no=20618'>20618<\/a><\/li>\n\n\n\n<li><a>...<\/a><\/li>\n\n\n\n<li><a href='?page_no=22522'>22522<\/a><\/li>\n\n\n\n<li><a href='?page_no=22523'>22523<\/a><\/li>\n\n    \n\t\n\n<li >\n\t<a href='?page_no=20617'>Next<\/a>\n\t<\/li>\n\n\n    \n\n<li><a href='?page_no=22523'>Last &rsaquo;&rsaquo;<\/a><\/li>\n\n<\/ul>\n\n\n--><br \/>\n<\/body><\/p>\n","protected":false},"excerpt":{"rendered":"<p>Programa radial \u00abSanto Domingo al D\u00eda\u00bb pasa al horario matutino en Miami.&#13; &#13; Por Isidro Barros&#13; &#13; Miami, FL. A partir del lunes 26 del corriente mes cambi\u00f3 de horario el popular programa radial \u00abSanto Domingo al D\u00eda\u00bb, que se transmit\u00eda de lunes a viernes de 6:00 a 7:00 de la tarde a trav\u00e9s del [&hellip;]<\/p>\n","protected":false},"author":3,"featured_media":0,"comment_status":"open","ping_status":"open","sticky":false,"template":"","format":"standard","meta":{"footnotes":""},"categories":[25],"tags":[],"class_list":["post-91994","post","type-post","status-publish","format-standard","hentry","category-gente"],"_links":{"self":[{"href":"https:\/\/diariodominicano.com\/index.php?rest_route=\/wp\/v2\/posts\/91994","targetHints":{"allow":["GET"]}}],"collection":[{"href":"https:\/\/diariodominicano.com\/index.php?rest_route=\/wp\/v2\/posts"}],"about":[{"href":"https:\/\/diariodominicano.com\/index.php?rest_route=\/wp\/v2\/types\/post"}],"author":[{"embeddable":true,"href":"https:\/\/diariodominicano.com\/index.php?rest_route=\/wp\/v2\/users\/3"}],"replies":[{"embeddable":true,"href":"https:\/\/diariodominicano.com\/index.php?rest_route=%2Fwp%2Fv2%2Fcomments&post=91994"}],"version-history":[{"count":0,"href":"https:\/\/diariodominicano.com\/index.php?rest_route=\/wp\/v2\/posts\/91994\/revisions"}],"wp:attachment":[{"href":"https:\/\/diariodominicano.com\/index.php?rest_route=%2Fwp%2Fv2%2Fmedia&parent=91994"}],"wp:term":[{"taxonomy":"category","embeddable":true,"href":"https:\/\/diariodominicano.com\/index.php?rest_route=%2Fwp%2Fv2%2Fcategories&post=91994"},{"taxonomy":"post_tag","embeddable":true,"href":"https:\/\/diariodominicano.com\/index.php?rest_route=%2Fwp%2Fv2%2Ftags&post=91994"}],"curies":[{"name":"wp","href":"https:\/\/api.w.org\/{rel}","templated":true}]}}